{"id":1066561,"date":"2026-07-15T17:05:31","date_gmt":"2026-07-15T17:05:31","guid":{"rendered":"https:\/\/www.europesays.com\/fr\/1066561\/"},"modified":"2026-07-15T17:05:31","modified_gmt":"2026-07-15T17:05:31","slug":"audition-sous-tension-au-congres-pour-le-ministre-de-la-justice-choisi-par-trump-actualites","status":"publish","type":"post","link":"https:\/\/www.europesays.com\/fr\/1066561\/","title":{"rendered":"Audition sous tension au Congr\u00e8s pour le ministre de la Justice choisi par Trump : Actualit\u00e9s"},"content":{"rendered":"<p class=\"lead \">Todd Blanche, choisi par Donald Trump comme ministre de la Justice, a fait face mercredi au feu nourri de l&rsquo;opposition d\u00e9mocrate d\u00e8s le d\u00e9but de son audition au S\u00e9nat am\u00e9ricain, charg\u00e9 de confirmer la nomination de cet ex-avocat personnel du pr\u00e9sident r\u00e9publicain.<\/p>\n<p class=\"lead \">\u00ab\u00a0Ce pays m\u00e9rite un ministre de la Justice qui aime la Constitution davantage que n&rsquo;importe quel pr\u00e9sident\u00a0\u00bb, a d\u00e9clar\u00e9 le s\u00e9nateur d\u00e9mocrate Dick Durbin en pr\u00e9ambule de l&rsquo;audition de l&rsquo;actuel ministre de la Justice par int\u00e9rim devant la commission judiciaire du S\u00e9nat.<\/p>\n<p class=\"lead \">\u00ab\u00a0Un ministre de la Justice soucieux de la s\u00e9curit\u00e9 de l&rsquo;Am\u00e9rique et de combattre la corruption, pas de satisfaire les griefs personnels du pr\u00e9sident\u00a0\u00bb, a ajout\u00e9 le s\u00e9nateur devant l&rsquo;ex-avocat personnel de Donald Trump.<\/p>\n<p class=\"lead \">Todd Blanche, qui \u00e9tait N.2 du minist\u00e8re de la Justice jusqu&rsquo;au limogeage de Pam Bondi en avril, a d\u00e9fendu son bilan dans ses remarques d&rsquo;introduction.<\/p>\n<p class=\"lead \">\u00ab\u00a0Nous prot\u00e9geons l&rsquo;Am\u00e9rique et ce n&rsquo;est que le d\u00e9but\u00a0\u00bb, a-t-il affirm\u00e9.<\/p>\n<p class=\"lead \">Il suffit d&rsquo;un seul vote r\u00e9publicain contre Todd Blanche, qui est en charge de cet int\u00e9rim depuis que Pam Bondi a \u00e9t\u00e9 remerci\u00e9e en avril par Donald Trump, pour faire capoter sa nomination.<\/p>\n<p class=\"lead \">Et m\u00eame en cas d&rsquo;approbation par la commission judiciaire, sa nomination devra \u00eatre confirm\u00e9e par un vote devant l&rsquo;ensemble du S\u00e9nat.<\/p>\n<p class=\"lead \">&#8211; \u00ab\u00a0Chaotique\u00a0\u00bb &#8211;<\/p>\n<p class=\"lead \">Pour les d\u00e9mocrates, Todd Blanche est l&rsquo;une des figures de proue de la campagne de repr\u00e9sailles engag\u00e9e par l&rsquo;administration Trump contre les adversaires du pr\u00e9sident.<\/p>\n<p class=\"lead \">\u00ab\u00a0En moins de 18 mois au minist\u00e8re de la Justice, vous avez d\u00e9montr\u00e9 que vous \u00eates toujours l&rsquo;avocat personnel du pr\u00e9sident Trump\u00a0\u00bb, a lanc\u00e9 Dick Durbin.<\/p>\n<p class=\"lead \">Les critiques se sont concentr\u00e9es aussi sur le fonds dit \u00ab\u00a0anti-instrumentalisation\u00a0\u00bb, d\u00e9fendu par Todd Blanche et qui visait \u00e0 compenser financi\u00e8rement des alli\u00e9s de Donald Trump pour des poursuites engag\u00e9es sous l&rsquo;administration Biden, ainsi qu&rsquo;\u00e0 offrir une immunit\u00e9 fiscale au pr\u00e9sident r\u00e9publicain et \u00e0 ses proches.<\/p>\n<p class=\"lead \">Le gouvernement a depuis abandonn\u00e9 ce projet sous la pression de la justice et des \u00e9lus d\u00e9mocrates qui d\u00e9non\u00e7aient une \u00ab\u00a0caisse noire\u00a0\u00bb.<\/p>\n<p class=\"lead \">Todd Blanche s&rsquo;est aussi attir\u00e9 les critiques de victimes de Jeffrey Epstein, qui l&rsquo;accusent de manque de transparence et d&rsquo;incomp\u00e9tence dans sa gestion de la publication du dossier d&rsquo;enqu\u00eate sur le criminel sexuel.<\/p>\n<p class=\"lead \">La tension est mont\u00e9e lors de l&rsquo;audition au moment o\u00f9 le s\u00e9nateur d\u00e9mocrate Sheldon Whitehouse l&rsquo;a accus\u00e9 de diriger le minist\u00e8re de la Justice \u00ab\u00a0le plus chaotique de l&rsquo;histoire\u00a0\u00bb des Etats-Unis.<\/p>\n<p class=\"lead \">L&rsquo;actuel ministre par int\u00e9rim a fustig\u00e9 en retour des questions \u00ab\u00a0odieuses\u00a0\u00bb et truff\u00e9es de contrev\u00e9rit\u00e9s selon lui.<\/p>\n<p class=\"lead \">Sur son r\u00e9seau Truth Social, Donald Trump avait d\u00e9fendu Todd Blanche mardi, affirmant que son ancien avocat faisait un \u00ab\u00a0boulot ph\u00e9nom\u00e9nal\u00a0\u00bb comme ministre par int\u00e9rim et que \u00ab\u00a0chaque s\u00e9nateur r\u00e9publicain\u00a0\u00bb devrait voter pour le confirmer \u00e0 ce poste de mani\u00e8re permanente.<\/p>\n<p class=\"lead \">&#8211; R\u00e9serves &#8211;<\/p>\n<p class=\"lead \">Avant de rejoindre le minist\u00e8re de la Justice l&rsquo;an dernier, Todd Blanche \u00e9tait membre de l&rsquo;\u00e9quipe d&rsquo;avocats du milliardaire lors de son proc\u00e8s \u00e0 New York pour dissimulation de paiements \u00e0 Stormy Daniels, ancienne star de films pornographiques.<\/p>\n<p class=\"lead \">Il a \u00e9galement d\u00e9fendu Donald Trump dans les deux affaires f\u00e9d\u00e9rales engag\u00e9es \u00e0 l&rsquo;encontre du r\u00e9publicain par le procureur sp\u00e9cial Jack Smith, l&rsquo;une li\u00e9e \u00e0 la r\u00e9tention de documents class\u00e9s secret d\u00e9fense, l&rsquo;autre \u00e0 ses tentatives regard\u00e9es comme ill\u00e9gales d&rsquo;inverser les r\u00e9sultats de l&rsquo;\u00e9lection pr\u00e9sidentielle de 2020, perdue face \u00e0 Joe Biden.<\/p>\n<p class=\"lead \">Les deux affaires ont \u00e9t\u00e9 abandonn\u00e9es apr\u00e8s la victoire de Donald Trump \u00e0 la pr\u00e9sidentielle de 2024.<\/p>\n<p class=\"lead \">Le parti pr\u00e9sidentiel poss\u00e8de la majorit\u00e9 \u00e0 la commission judiciaire du S\u00e9nat, mais au moins deux membres r\u00e9publicains ont \u00e9mis des r\u00e9serves sur la nomination de Todd Blanche: le s\u00e9nateur Thom Tillis, qui prendra se retraite dans quelques mois, et le s\u00e9nateur John Cornyn, qui a r\u00e9cemment perdu l&rsquo;investiture r\u00e9publicaine pour les \u00e9lections de novembre apr\u00e8s le soutien apport\u00e9 par Donald Trump \u00e0 son adversaire.<\/p>\n<p class=\"lead \">Plus de 1.200 anciens fonctionnaires du minist\u00e8re de la Justice ont en outre sign\u00e9 une lettre ouverte pour s&rsquo;opposer \u00e0 la nomination de Todd Blanche, soulignant son limogeage de nombreux responsables per\u00e7us comme insuffisamment loyaux \u00e0 Donald Trump.<\/p>\n<p class=\"small font-weight-bold text-gray3 \"> publi\u00e9 le 15 juillet \u00e0 17h27, AFP<\/p>\n<p>                             Partager<\/p>\n","protected":false},"excerpt":{"rendered":"Todd Blanche, choisi par Donald Trump comme ministre de la Justice, a fait face mercredi au feu nourri&hellip;\n","protected":false},"author":2,"featured_media":1066562,"comment_status":"","ping_status":"","sticky":false,"template":"","format":"standard","meta":{"footnotes":"","_share_on_mastodon":"0"},"categories":[5],"tags":[11,1011,27,14,303,12,1050,316,308,28],"class_list":["post-1066561","post","type-post","status-publish","format-standard","has-post-thumbnail","category-international","tag-actualites","tag-fr","tag-france","tag-international","tag-justice","tag-news","tag-parlement","tag-politique","tag-usa","tag-world"],"share_on_mastodon":{"url":"https:\/\/pubeurope.com\/@fr\/116925086217877212","error":""},"_links":{"self":[{"href":"https:\/\/www.europesays.com\/fr\/wp-json\/wp\/v2\/posts\/1066561","targetHints":{"allow":["GET"]}}],"collection":[{"href":"https:\/\/www.europesays.com\/fr\/wp-json\/wp\/v2\/posts"}],"about":[{"href":"https:\/\/www.europesays.com\/fr\/wp-json\/wp\/v2\/types\/post"}],"author":[{"embeddable":true,"href":"https:\/\/www.europesays.com\/fr\/wp-json\/wp\/v2\/users\/2"}],"replies":[{"embeddable":true,"href":"https:\/\/www.europesays.com\/fr\/wp-json\/wp\/v2\/comments?post=1066561"}],"version-history":[{"count":0,"href":"https:\/\/www.europesays.com\/fr\/wp-json\/wp\/v2\/posts\/1066561\/revisions"}],"wp:featuredmedia":[{"embeddable":true,"href":"https:\/\/www.europesays.com\/fr\/wp-json\/wp\/v2\/media\/1066562"}],"wp:attachment":[{"href":"https:\/\/www.europesays.com\/fr\/wp-json\/wp\/v2\/media?parent=1066561"}],"wp:term":[{"taxonomy":"category","embeddable":true,"href":"https:\/\/www.europesays.com\/fr\/wp-json\/wp\/v2\/categories?post=1066561"},{"taxonomy":"post_tag","embeddable":true,"href":"https:\/\/www.europesays.com\/fr\/wp-json\/wp\/v2\/tags?post=1066561"}],"curies":[{"name":"wp","href":"https:\/\/api.w.org\/{rel}","templated":true}]}}