{"id":106659,"date":"2025-05-17T09:39:14","date_gmt":"2025-05-17T09:39:14","guid":{"rendered":"https:\/\/www.europesays.com\/fr\/106659\/"},"modified":"2025-05-17T09:39:14","modified_gmt":"2025-05-17T09:39:14","slug":"des-rassemblements-prevus-ce-lundi-en-isere-et-des-perturbations-a-prevoir","status":"publish","type":"post","link":"https:\/\/www.europesays.com\/fr\/106659\/","title":{"rendered":"des rassemblements pr\u00e9vus ce lundi en Is\u00e8re et des perturbations \u00e0 pr\u00e9voir"},"content":{"rendered":"<p>\u00c0 l\u2019appel de quatre grandes f\u00e9d\u00e9rations professionnelles (FNAT, FNDT, FNTI et UNT), les taxis se mobiliseront partout en France \u00e0 partir de ce lundi 19\u00a0mai. En Is\u00e8re, le mouvement s\u2019annonce particuli\u00e8rement suivi. Selon Marc Dutriaux, pr\u00e9sident des Taxis ruraux 38, 200 taxis sont attendus d\u00e8s 6 heures sur le parking du CHU de Grenoble, avec une autre action pr\u00e9vue devant l\u2019h\u00f4pital de Vienne.<\/p>\n<p>Les professionnels d\u00e9noncent <a href=\"https:\/\/www.ledauphine.com\/social\/2024\/11\/19\/isere-la-colere-gronde-a-nouveau-chez-les-taxis-si-rien-ne-bouge-on-est-pret-a-monter-sur-paris\" target=\"_blank\" rel=\"noopener\">la nouvelle convention nationale<\/a> impos\u00e9e par la Caisse nationale d\u2019assurance maladie (Cnam) pour le transport assis professionnalis\u00e9 (TAP), qu\u2019ils jugent injuste et pr\u00e9cipit\u00e9e. \u00ab\u00a0Cette convention pr\u00e9voit de diviser par deux les tarifs appliqu\u00e9s aux courses li\u00e9es au transport de malades\u00a0\u00bb, s\u2019alarme Marc Dutriaux. \u00ab\u00a0C\u2019est inacceptable pour nos petites structures, notamment en milieu rural.\u00a0\u00bb<\/p>\n<p>  Des perturbations \u00e0 pr\u00e9voir du c\u00f4t\u00e9\u00a0de plusieurs h\u00f4pitaux et des axes routiers<\/p>\n<p>Les revendications sont claires\u00a0: gel imm\u00e9diat de la convention, maintien du tarif au taxim\u00e8tre d\u00e9fini localement, respect strict des r\u00e8gles encadrant le secteur \u2013 en particulier face aux VTC, accus\u00e9s de pratiquer ill\u00e9galement la maraude. \u00ab\u00a0Notre mouvement est reconductible. Nous resterons mobilis\u00e9s jusqu\u2019\u00e0 ce que nous obtenions gain de cause\u00a0\u00bb, pr\u00e9vient le repr\u00e9sentant is\u00e9rois, qui r\u00e9clame aussi, au nom de son syndicat, l\u2019interdiction pure et simple d\u2019Uber en France.<\/p>\n<p>Des perturbations sont donc \u00e0 pr\u00e9voir lundi matin \u00e0 proximit\u00e9 de plusieurs h\u00f4pitaux et sur les axes routiers. Au niveau national, des rassemblements sont aussi pr\u00e9vus devant les a\u00e9roports, les minist\u00e8res et les grands centres de soins.<\/p>\n","protected":false},"excerpt":{"rendered":"\u00c0 l\u2019appel de quatre grandes f\u00e9d\u00e9rations professionnelles (FNAT, FNDT, FNTI et UNT), les taxis se mobiliseront partout en&hellip;\n","protected":false},"author":2,"featured_media":106660,"comment_status":"","ping_status":"","sticky":false,"template":"","format":"standard","meta":{"footnotes":""},"categories":[9566],"tags":[1111,11,2430,9671,115,112,113,116,111,114,1777,674,107,1011,27,2731,2732,108,12,25,801,2803,1584],"class_list":{"0":"post-106659","1":"post","2":"type-post","3":"status-publish","4":"format-standard","5":"has-post-thumbnail","7":"category-grenoble","8":"tag-actu","9":"tag-actualites","10":"tag-auvergne-rhone-alpes","11":"tag-conflit-social","12":"tag-edition-bourgoin-jallieu-nord-dauphine","13":"tag-edition-grenoble-agglomeration","14":"tag-edition-gresivaudan-oisans","15":"tag-edition-la-tour-du-pin-nord-dauphine","16":"tag-edition-vienne-roussillon","17":"tag-edition-voiron-saint-marcellin","18":"tag-eu","19":"tag-europe","20":"tag-fil-info","21":"tag-fr","22":"tag-france","23":"tag-grenoble","24":"tag-grenoble-bassin","25":"tag-isere","26":"tag-news","27":"tag-republique-francaise","28":"tag-social","29":"tag-transport","30":"tag-vienne"},"share_on_mastodon":{"url":"https:\/\/pubeurope.com\/@fr\/114522512674689699","error":""},"_links":{"self":[{"href":"https:\/\/www.europesays.com\/fr\/wp-json\/wp\/v2\/posts\/106659","targetHints":{"allow":["GET"]}}],"collection":[{"href":"https:\/\/www.europesays.com\/fr\/wp-json\/wp\/v2\/posts"}],"about":[{"href":"https:\/\/www.europesays.com\/fr\/wp-json\/wp\/v2\/types\/post"}],"author":[{"embeddable":true,"href":"https:\/\/www.europesays.com\/fr\/wp-json\/wp\/v2\/users\/2"}],"replies":[{"embeddable":true,"href":"https:\/\/www.europesays.com\/fr\/wp-json\/wp\/v2\/comments?post=106659"}],"version-history":[{"count":0,"href":"https:\/\/www.europesays.com\/fr\/wp-json\/wp\/v2\/posts\/106659\/revisions"}],"wp:featuredmedia":[{"embeddable":true,"href":"https:\/\/www.europesays.com\/fr\/wp-json\/wp\/v2\/media\/106660"}],"wp:attachment":[{"href":"https:\/\/www.europesays.com\/fr\/wp-json\/wp\/v2\/media?parent=106659"}],"wp:term":[{"taxonomy":"category","embeddable":true,"href":"https:\/\/www.europesays.com\/fr\/wp-json\/wp\/v2\/categories?post=106659"},{"taxonomy":"post_tag","embeddable":true,"href":"https:\/\/www.europesays.com\/fr\/wp-json\/wp\/v2\/tags?post=106659"}],"curies":[{"name":"wp","href":"https:\/\/api.w.org\/{rel}","templated":true}]}}