{"id":106661,"date":"2025-05-17T09:40:18","date_gmt":"2025-05-17T09:40:18","guid":{"rendered":"https:\/\/www.europesays.com\/fr\/106661\/"},"modified":"2025-05-17T09:40:18","modified_gmt":"2025-05-17T09:40:18","slug":"pres-de-grenoble-pourquoi-ce-festival-va-attirer-des-milliers-de-personnes-dans-cette-ville","status":"publish","type":"post","link":"https:\/\/www.europesays.com\/fr\/106661\/","title":{"rendered":"Pr\u00e8s de Grenoble. Pourquoi ce festival va attirer des milliers de personnes dans cette ville"},"content":{"rendered":"<p>            Par<br \/>\n        <strong><br \/>\n            <a href=\"https:\/\/actu.fr\/auteur\/lisa-rodrigues\" title=\"Consulter tous les articles de Lisa Rodrigues\" target=\"_blank\" rel=\"noopener\">Lisa Rodrigues<\/a><br \/>\n        <\/strong><\/p>\n<p>        Publi\u00e9 le<\/p>\n<p>            17 mai 2025 \u00e0 6h32        <\/p>\n<p>C\u2019est l\u2019\u00e9v\u00e9nement du printemps \u00e0 <a href=\"https:\/\/actu.fr\/auvergne-rhone-alpes\/voiron_38563\" target=\"_blank\" rel=\"noopener\">Voiron<\/a>, pr\u00e8s de Grenoble. Chaque ann\u00e9e depuis 10 ans, autour du 16 mai, les <strong>F\u00eates de la Chartreuse<\/strong> sont de retour pour un grand week-end de c\u00e9l\u00e9bration autour de la liqueur \u00e0 base de plantes.<\/p>\n<p>    <a href=\"https:\/\/www.google.com\/maps\/embed?pb=!1m18!1m12!1m3!1d44838.90791571863!2d5.545748769770355!3d45.38046089439611!2m3!1f0!2f0!3f0!3m2!1i1024!2i768!4f13.1!3m3!1m2!1s0x478ae41aa6170b97%3A0x408ab2ae4be61d0!2s38500%20Voiron!5e0!3m2!1sfr!2sfr!4v1747406330545!5m2!1sfr!2sfr\" title=\"Ouvrie le lien\" target=\"_blank\" rel=\"noopener\">Cliquez ici pour visualiser le contenu<\/a><\/p>\n<p class=\" wall-content\">Pour l\u2019occasion, la ville pr\u00e9voit une programmation festive et culturelle en centre-ville, mais aussi dans les lieux symboliques de fabrication de la Chartreuse.<\/p>\n<p class=\" wall-content\">Tour d\u2019horizon <strong>des temps forts<\/strong> du week-end du 17 et 18 mai.<\/p>\n<p>Grand banquet populaire le samedi soir<\/p>\n<p class=\" wall-content\">Le samedi, une partie des activit\u00e9s est centralis\u00e9e aux Caves de la Chartreuse, \u00e0 quelques pas de la gare de Voiron. Outre les habituelles <strong>visites guid\u00e9es<\/strong> de l\u2019ancienne distillerie, le public pourra participer \u00e0 divers ateliers en lien avec le v\u00e9g\u00e9tal, assister \u00e0 des repr\u00e9sentations th\u00e9\u00e2trales ou bien tout simplement profiter du bar des Caves.<\/p>\n<p>Vid\u00e9os : en ce moment sur Actu<\/p>\n<p class=\" wall-content\">Le clou de la journ\u00e9e se passera en centre-ville, avec la tr\u00e8s attendue <strong>d\u00e9ambulation musicale<\/strong> aux couleurs de la Chartreuse \u2013 jaune et vert -, pour une arriv\u00e9e devant l\u2019\u00e9glise Saint-Bruno o\u00f9 se tiendra un <strong>banquet populaire<\/strong>.<\/p>\n<p>    <a href=\"https:\/\/www.facebook.com\/plugins\/post.php?href=https%3A%2F%2Fwww.facebook.com%2Fvilledevoiron%2Fposts%2Fpfbid033ci3L3n7QR82bAYnUjybyzYUEh3G2u9rB5bp2DcuirXNnauCV6cNmjC9gKBtzcGCl&amp;show_text=true&amp;width=350\" title=\"Ouvrie le lien\" target=\"_blank\" rel=\"noopener\">Cliquez ici pour visualiser le contenu<\/a><\/p>\n<p class=\" wall-content\">La soir\u00e9e se terminera sur un <strong>spectacle pyrotechnique<\/strong> et de sons et lumi\u00e8res projet\u00e9es sur la fa\u00e7ade de l\u2019\u00e9glise.<\/p>\n<p>Des \u00e9v\u00e9nements en dehors de Voiron<\/p>\n<p class=\" wall-content\">Le dimanche, d\u2019autres ateliers sont organis\u00e9s sur le site des Caves de la Chartreuse \u00e0 Voiron.<\/p>\n<p class=\" wall-content\">D\u2019autres \u00e9v\u00e9nements sont aussi organis\u00e9s \u00e0 <a href=\"https:\/\/actu.fr\/auvergne-rhone-alpes\/saint-pierre-de-chartreuse_38442\" target=\"_blank\" rel=\"noopener\">Saint-Pierre-de-Chartreus<\/a>e ou Entre-Deux-Guiers, des communes \u00e9galement li\u00e9es \u00e0 l\u2019histoire de la liqueur, comme des visites de l\u2019actuelle distillerie (complet) ou un concours de cocktails autour de la Chartreuse.<\/p>\n<p class=\" wall-content\">Suivez toute l\u2019actualit\u00e9 de vos villes et m\u00e9dias favoris en vous inscrivant \u00e0 <a href=\"https:\/\/moncompte.actu.fr\" title=\"D\u00e9couvez Mon Actu\" rel=\"nofollow noopener\" data-trk=\"{&quot;cta&quot;:{&quot;action&quot;:&quot;https:\\\/\\\/moncompte.actu.fr&quot;,&quot;category&quot;:&quot;mon compte&quot;,&quot;from&quot;:&quot;article footer&quot;,&quot;name&quot;:&quot;Mon actu&quot;,&quot;type&quot;:&quot;cta&quot;}}\" target=\"_blank\">Mon Actu<\/a>.<\/p>\n","protected":false},"excerpt":{"rendered":"Par Lisa Rodrigues Publi\u00e9 le 17 mai 2025 \u00e0 6h32 C\u2019est l\u2019\u00e9v\u00e9nement du printemps \u00e0 Voiron, pr\u00e8s de&hellip;\n","protected":false},"author":2,"featured_media":106662,"comment_status":"","ping_status":"","sticky":false,"template":"","format":"standard","meta":{"footnotes":""},"categories":[9566],"tags":[1111,11,5702,2430,1777,674,849,1011,27,2731,1652,12,2551,25],"class_list":{"0":"post-106661","1":"post","2":"type-post","3":"status-publish","4":"format-standard","5":"has-post-thumbnail","7":"category-grenoble","8":"tag-actu","9":"tag-actualites","10":"tag-alcool","11":"tag-auvergne-rhone-alpes","12":"tag-eu","13":"tag-europe","14":"tag-festival","15":"tag-fr","16":"tag-france","17":"tag-grenoble","18":"tag-loisirs-culture","19":"tag-news","20":"tag-patrimoine","21":"tag-republique-francaise"},"share_on_mastodon":{"url":"https:\/\/pubeurope.com\/@fr\/114522516614296105","error":""},"_links":{"self":[{"href":"https:\/\/www.europesays.com\/fr\/wp-json\/wp\/v2\/posts\/106661","targetHints":{"allow":["GET"]}}],"collection":[{"href":"https:\/\/www.europesays.com\/fr\/wp-json\/wp\/v2\/posts"}],"about":[{"href":"https:\/\/www.europesays.com\/fr\/wp-json\/wp\/v2\/types\/post"}],"author":[{"embeddable":true,"href":"https:\/\/www.europesays.com\/fr\/wp-json\/wp\/v2\/users\/2"}],"replies":[{"embeddable":true,"href":"https:\/\/www.europesays.com\/fr\/wp-json\/wp\/v2\/comments?post=106661"}],"version-history":[{"count":0,"href":"https:\/\/www.europesays.com\/fr\/wp-json\/wp\/v2\/posts\/106661\/revisions"}],"wp:featuredmedia":[{"embeddable":true,"href":"https:\/\/www.europesays.com\/fr\/wp-json\/wp\/v2\/media\/106662"}],"wp:attachment":[{"href":"https:\/\/www.europesays.com\/fr\/wp-json\/wp\/v2\/media?parent=106661"}],"wp:term":[{"taxonomy":"category","embeddable":true,"href":"https:\/\/www.europesays.com\/fr\/wp-json\/wp\/v2\/categories?post=106661"},{"taxonomy":"post_tag","embeddable":true,"href":"https:\/\/www.europesays.com\/fr\/wp-json\/wp\/v2\/tags?post=106661"}],"curies":[{"name":"wp","href":"https:\/\/api.w.org\/{rel}","templated":true}]}}