{"id":1066645,"date":"2026-07-15T17:53:16","date_gmt":"2026-07-15T17:53:16","guid":{"rendered":"https:\/\/www.europesays.com\/fr\/1066645\/"},"modified":"2026-07-15T17:53:16","modified_gmt":"2026-07-15T17:53:16","slug":"lue-accepte-des-mesures-correctives-de-x-apres-lamende-prononcee-fin-2025-actualites","status":"publish","type":"post","link":"https:\/\/www.europesays.com\/fr\/1066645\/","title":{"rendered":"L&rsquo;UE accepte des mesures correctives de X apr\u00e8s l&rsquo;amende prononc\u00e9e fin 2025 : Actualit\u00e9s"},"content":{"rendered":"<p class=\"lead \">L&rsquo;Union europ\u00e9enne a annonc\u00e9 mercredi avoir accept\u00e9 des mesures propos\u00e9es par X, le r\u00e9seau social d&rsquo;Elon Musk, pour rem\u00e9dier \u00e0 des infractions qui lui ont valu une amende de 120 millions d&rsquo;euros fin 2025.<\/p>\n<p class=\"lead \">\u00ab\u00a0C&rsquo;est un pas important dans la bonne direction\u00a0\u00bb, a salu\u00e9 Thomas Regnier, porte-parole de la Commission europ\u00e9enne en mati\u00e8re de Num\u00e9rique, ajoutant que \u00ab\u00a0les mesures approuv\u00e9es vont apporter aux chercheurs, \u00e0 la soci\u00e9t\u00e9 civile et au grand public une meilleure transparence \u00e0 propos des syst\u00e8mes de X et de leur impact sur les utilisateurs\u00a0\u00bb.<\/p>\n<p class=\"lead \">Bruxelles avait inflig\u00e9 cette amende in\u00e9dite \u00e0 X en d\u00e9cembre, pour sanctionner trois infractions de la plateforme vis-\u00e0-vis du r\u00e8glement europ\u00e9en sur les services num\u00e9riques, le DSA.<\/p>\n<p class=\"lead \">La Commission avait en effet conclu, dans le cadre d&rsquo;une enqu\u00eate ouverte fin 2023 et \u00e9largie par la suite, que le groupe avait tromp\u00e9 les utilisateurs avec les coches bleues cens\u00e9es certifier les sources d&rsquo;informations, en modifiant leur syst\u00e8me d&rsquo;attribution et en les r\u00e9servant aux utilisateurs ayant souscrit un abonnement payant.<\/p>\n<p class=\"lead \">Bruxelles avait \u00e9galement voulu sanctionner des manquements de X \u00e0 ses obligations de transparence autour des publicit\u00e9s, et en mati\u00e8re d&rsquo;acc\u00e8s des chercheurs ind\u00e9pendants \u00e0 ses donn\u00e9es internes.<\/p>\n<p class=\"lead \">Les solutions propos\u00e9es par X pour rem\u00e9dier \u00e0 ces manquements consistent notamment \u00e0 am\u00e9liorer \u00e0 diff\u00e9rents niveaux ses bases de donn\u00e9es publicitaires accessibles aux chercheurs.<\/p>\n<p class=\"lead \">Pour l&rsquo;acc\u00e8s aux donn\u00e9es internes, le groupe s&rsquo;est engag\u00e9 \u00e0 r\u00e9pondre gratuitement et dans des d\u00e9lais appropri\u00e9s aux demandes.<\/p>\n<p class=\"lead \">Enfin, en ce qui concerne les fameuses coches bleues, X s&rsquo;est d\u00e9j\u00e0 mis en conformit\u00e9 avec les r\u00e8gles europ\u00e9ennes puisque les comptes qui en sont affubl\u00e9s sont d\u00e9sormais qualifi\u00e9s d&rsquo;utilisateurs \u00ab\u00a0premiums\u00a0\u00bb et non plus \u00ab\u00a0v\u00e9rifi\u00e9s\u00a0\u00bb.<\/p>\n<p class=\"lead \">X aura maintenant six mois pour mettre en oeuvre les mesures propos\u00e9es.<\/p>\n<p class=\"lead \">Cela ne met cependant pas un terme au litige, l&rsquo;ex-Twitter ayant fait appel de l&rsquo;amende europ\u00e9enne en f\u00e9vrier.<\/p>\n<p class=\"lead \">Cette sanction avait pris une tournure politique l&rsquo;an dernier, l&rsquo;\u00e9quipe du pr\u00e9sident am\u00e9ricain Donald Trump ayant d\u00e9nonc\u00e9 aussit\u00f4t une \u00ab\u00a0censure\u00a0\u00bb.<\/p>\n<p class=\"lead \">Quelques semaines apr\u00e8s, l&rsquo;administration Trump avait impos\u00e9 des sanctions \u00e0 l&rsquo;ancien commissaire europ\u00e9en Thierry Breton, un des principaux artisans du DSA, et \u00e0 quatre autres personnalit\u00e9s europ\u00e9ennes, en les accusant de participer \u00e0 des \u00ab\u00a0actes flagrants de censure extraterritoriale\u00a0\u00bb.<\/p>\n<p class=\"lead \">Et la Commission n&rsquo;en a pas termin\u00e9 avec X, son enqu\u00eate ouverte fin 2023 se poursuivant sur d&rsquo;autres motifs.<\/p>\n<p class=\"lead \">En outre, Bruxelles a ouvert une nouvelle enqu\u00eate en d\u00e9but d&rsquo;ann\u00e9e, en raison des fausses images d\u00e9nud\u00e9es de mineurs et de femmes g\u00e9n\u00e9r\u00e9es par Grok, son assistant d&rsquo;intelligence artificielle.<\/p>\n<p class=\"small font-weight-bold text-gray3 \"> publi\u00e9 le 15 juillet \u00e0 19h45, AFP<\/p>\n<p>                             Partager<\/p>\n","protected":false},"excerpt":{"rendered":"L&rsquo;Union europ\u00e9enne a annonc\u00e9 mercredi avoir accept\u00e9 des mesures propos\u00e9es par X, le r\u00e9seau social d&rsquo;Elon Musk, pour&hellip;\n","protected":false},"author":2,"featured_media":1066646,"comment_status":"","ping_status":"","sticky":false,"template":"","format":"standard","meta":{"footnotes":"","_share_on_mastodon":"0"},"categories":[1586],"tags":[11,7087,22243,1769,1777,674,1779,1011,27,311,310,26655,421,12,6819,25,42,1778,364,308],"class_list":["post-1066645","post","type-post","status-publish","format-standard","has-post-thumbnail","category-europe","tag-actualites","tag-amende","tag-dsinformation","tag-enqute","tag-eu","tag-europe","tag-european-union","tag-fr","tag-france","tag-informatique","tag-internet","tag-litige","tag-lois","tag-news","tag-publicit","tag-republique-francaise","tag-technologies","tag-ue","tag-union-europeenne","tag-usa"],"share_on_mastodon":{"url":"https:\/\/pubeurope.com\/@fr\/116925275111263955","error":""},"_links":{"self":[{"href":"https:\/\/www.europesays.com\/fr\/wp-json\/wp\/v2\/posts\/1066645","targetHints":{"allow":["GET"]}}],"collection":[{"href":"https:\/\/www.europesays.com\/fr\/wp-json\/wp\/v2\/posts"}],"about":[{"href":"https:\/\/www.europesays.com\/fr\/wp-json\/wp\/v2\/types\/post"}],"author":[{"embeddable":true,"href":"https:\/\/www.europesays.com\/fr\/wp-json\/wp\/v2\/users\/2"}],"replies":[{"embeddable":true,"href":"https:\/\/www.europesays.com\/fr\/wp-json\/wp\/v2\/comments?post=1066645"}],"version-history":[{"count":0,"href":"https:\/\/www.europesays.com\/fr\/wp-json\/wp\/v2\/posts\/1066645\/revisions"}],"wp:featuredmedia":[{"embeddable":true,"href":"https:\/\/www.europesays.com\/fr\/wp-json\/wp\/v2\/media\/1066646"}],"wp:attachment":[{"href":"https:\/\/www.europesays.com\/fr\/wp-json\/wp\/v2\/media?parent=1066645"}],"wp:term":[{"taxonomy":"category","embeddable":true,"href":"https:\/\/www.europesays.com\/fr\/wp-json\/wp\/v2\/categories?post=1066645"},{"taxonomy":"post_tag","embeddable":true,"href":"https:\/\/www.europesays.com\/fr\/wp-json\/wp\/v2\/tags?post=1066645"}],"curies":[{"name":"wp","href":"https:\/\/api.w.org\/{rel}","templated":true}]}}