{"id":106665,"date":"2025-05-17T09:42:13","date_gmt":"2025-05-17T09:42:13","guid":{"rendered":"https:\/\/www.europesays.com\/fr\/106665\/"},"modified":"2025-05-17T09:42:13","modified_gmt":"2025-05-17T09:42:13","slug":"je-geolocalise-ma-fille-quand-elle-va-au-college-a-rennes-la-vie-de-famille-bouleversee-par-les-violences-liees-au-narcotrafic","status":"publish","type":"post","link":"https:\/\/www.europesays.com\/fr\/106665\/","title":{"rendered":"\u00ab\u00a0Je g\u00e9olocalise ma fille quand elle va au coll\u00e8ge\u00a0\u00bb\u00a0: \u00e0 Rennes, la vie de famille boulevers\u00e9e par les violences li\u00e9es au narcotrafic"},"content":{"rendered":"<p>Elles sont les victimes indirectes des fusillades qui ont secou\u00e9 le quartier de Villejean, \u00e0 Rennes, ces derni\u00e8res semaines. Apr\u00e8s les \u00e9changes de tirs qui ont eu lieu en plein jour entre narcotrafiquants, la vie quotidienne des familles du quartier a \u00e9t\u00e9 boulevers\u00e9e. Le point qui catalyse toutes les peurs est rapidement identifi\u00e9 : la dalle. \u00ab On a clairement pass\u00e9 un cap avec ces fusillades en plein jour, rappelle R\u00e9gine Komokoli, habitante du quartier et conseill\u00e8re d\u00e9partementale. On a l\u2019impression de mettre notre vie en danger car les balles ne choisissent pas. \u00bb<\/p>\n<p>Probl\u00e8me, \u00ab on doit souvent traverser la dalle. Pour aller au parc, faire les courses, la vie s\u2019est organis\u00e9e autour de la dalle. Tout est l\u00e0-bas \u00bb, pointe Lady, une autre habitante de Villejean. \u00ab Ce quartier est sans doute le plus dynamique de Rennes. C\u2019est simple, il y a tout ici \u00bb, ajoute Bishop, dont le fils est scolaris\u00e9 \u00e0 l\u2019\u00e9cole \u00e9l\u00e9mentaire Jean-Moulin.<\/p>\n<p>Contourner la dalle, pour \u00e9viter les probl\u00e8mes<\/p>\n<p>Arr\u00eat de m\u00e9tro, centre commercial, restaurants, biblioth\u00e8que, services\u2026 La dalle semble incontournable \u00e0 Villejean. Pourtant, beaucoup ont d\u00e9sormais d\u00e9cid\u00e9 de la contourner. \u00ab \u00c0 partir de 19 h, je ne sors plus, pointe Laura, m\u00e8re d\u2019un enfant de cinq ans. Si je sors pour aller au restaurant, ce sera en ville, mais je ne vais plus sur la dalle \u00bb. Zorha, elle a d\u00e9cid\u00e9 de ne plus fr\u00e9quenter le Carrefour de la dalle. \u00ab Maintenant, je prends ma voiture pour aller faire mes courses au Leclerc de Cleunay \u00bb\ufeff. Elle \u00e9vite aussi soigneusement l\u2019arr\u00eat de m\u00e9tro Kennedy, en plein c\u0153ur de la dalle. \u00ab On s\u2019arr\u00eate \u00e0 Villejean universit\u00e9 et on marche \u00bb.<\/p>\n<blockquote><p>Elle m\u2019envoie un message quand elle est arriv\u00e9e. Si elle n\u2019a pas eu le temps, je la g\u00e9olocalise via une application de contr\u00f4le parental.<\/p><\/blockquote>\n<p>Pour aller \u00e0 l\u2019\u00e9cole, idem. Caroline, dont la fille se rend tous les matins \u00e0 pied au coll\u00e8ge Rosa-Parks, traversait la dalle Kennedy pour aller en cours. \u00ab Aujourd\u2019hui, elle a pour consigne de contourner. \u00bb La m\u00e8re de famille l\u2019affirme, aux heures d\u2019entr\u00e9e et de sortie des classes, elle a \u00ab la boule au ventre \u00bb. \u00ab Elle m\u2019envoie un message quand elle est arriv\u00e9e. Si elle n\u2019a pas eu le temps, je la g\u00e9olocalise via une application de contr\u00f4le parental \u00bb.<\/p>\n<p>Des activit\u00e9s annul\u00e9es<\/p>\n<p>D\u2019autres ont carr\u00e9ment arr\u00eat\u00e9 certaines activit\u00e9s. Comme Aurore, qui a annul\u00e9 \u00ab plusieurs rendez-vous chez l\u2019orthophoniste \u00bb pour sa fille \u00e0 cause de ce sentiment d\u2019ins\u00e9curit\u00e9. \u00ab Quand je ne peux pas l\u2019emmener, j\u2019annule \u00bb. Bishop a, lui, d\u00e9cid\u00e9 de \u00ab rester au stade lors de tous les entra\u00eenements de foot \u00bb de son fils. \u00ab Depuis qu\u2019un dealer est venu au stade en mena\u00e7ant des gens, j\u2019ai peur pour lui. \u00bb<\/p>\n<p>Certains ne sont pas retourn\u00e9s au parc avec leurs enfants, de peur de faire une mauvaise rencontre. \u00ab Depuis ces \u00e9v\u00e8nements, je ne suis plus retourn\u00e9e au parc du Berry, raconte Laura. Il y a un petit parc un peu plus loin, je m\u2019y sens plus en s\u00e9curit\u00e9 \u00bb. D\u2019autres ne vont plus \u00e0 la biblioth\u00e8que. \u00ab J\u2019ai une pile de livres qui attend chez moi que je n\u2019ose pas rendre, admet Aur\u00e9lie. Et surtout, je ne veux pas y retourner avec mes enfants, t\u00e9moigne une habitante. C\u2019est triste car on se p\u00e9nalise nous-m\u00eames \u00bb.<\/p>\n","protected":false},"excerpt":{"rendered":"Elles sont les victimes indirectes des fusillades qui ont secou\u00e9 le quartier de Villejean, \u00e0 Rennes, ces derni\u00e8res&hellip;\n","protected":false},"author":2,"featured_media":106666,"comment_status":"","ping_status":"","sticky":false,"template":"","format":"standard","meta":{"footnotes":""},"categories":[2821],"tags":[1111,11,829,1777,674,118,3383,1011,27,848,12,584,25],"class_list":{"0":"post-106665","1":"post","2":"type-post","3":"status-publish","4":"format-standard","5":"has-post-thumbnail","7":"category-rennes","8":"tag-actu","9":"tag-actualites","10":"tag-bretagne","11":"tag-eu","12":"tag-europe","13":"tag-faits-divers","14":"tag-faits-divers-a-rennes","15":"tag-fr","16":"tag-france","17":"tag-ille-et-vilaine","18":"tag-news","19":"tag-rennes","20":"tag-republique-francaise"},"share_on_mastodon":{"url":"https:\/\/pubeurope.com\/@fr\/114522524446118819","error":""},"_links":{"self":[{"href":"https:\/\/www.europesays.com\/fr\/wp-json\/wp\/v2\/posts\/106665","targetHints":{"allow":["GET"]}}],"collection":[{"href":"https:\/\/www.europesays.com\/fr\/wp-json\/wp\/v2\/posts"}],"about":[{"href":"https:\/\/www.europesays.com\/fr\/wp-json\/wp\/v2\/types\/post"}],"author":[{"embeddable":true,"href":"https:\/\/www.europesays.com\/fr\/wp-json\/wp\/v2\/users\/2"}],"replies":[{"embeddable":true,"href":"https:\/\/www.europesays.com\/fr\/wp-json\/wp\/v2\/comments?post=106665"}],"version-history":[{"count":0,"href":"https:\/\/www.europesays.com\/fr\/wp-json\/wp\/v2\/posts\/106665\/revisions"}],"wp:featuredmedia":[{"embeddable":true,"href":"https:\/\/www.europesays.com\/fr\/wp-json\/wp\/v2\/media\/106666"}],"wp:attachment":[{"href":"https:\/\/www.europesays.com\/fr\/wp-json\/wp\/v2\/media?parent=106665"}],"wp:term":[{"taxonomy":"category","embeddable":true,"href":"https:\/\/www.europesays.com\/fr\/wp-json\/wp\/v2\/categories?post=106665"},{"taxonomy":"post_tag","embeddable":true,"href":"https:\/\/www.europesays.com\/fr\/wp-json\/wp\/v2\/tags?post=106665"}],"curies":[{"name":"wp","href":"https:\/\/api.w.org\/{rel}","templated":true}]}}