{"id":106667,"date":"2025-05-17T09:43:16","date_gmt":"2025-05-17T09:43:16","guid":{"rendered":"https:\/\/www.europesays.com\/fr\/106667\/"},"modified":"2025-05-17T09:43:16","modified_gmt":"2025-05-17T09:43:16","slug":"laerodrome-du-polygone-strasbourg-ouvre-ses-portes-ce-week-end-avec-de-nombreuses-animations","status":"publish","type":"post","link":"https:\/\/www.europesays.com\/fr\/106667\/","title":{"rendered":"L&rsquo;a\u00e9rodrome du Polygone &#8211; Strasbourg ouvre ses portes ce week-end avec de nombreuses animations"},"content":{"rendered":"<p>            Par<br \/>\n        <strong><br \/>\n            <a href=\"https:\/\/actu.fr\/auteur\/ivan-capecchi\" title=\"Consulter tous les articles de Ivan CAPECCHI\" target=\"_blank\" rel=\"noopener\">Ivan CAPECCHI<\/a><br \/>\n        <\/strong><\/p>\n<p>        Publi\u00e9 le<\/p>\n<p>            17 mai 2025 \u00e0 7h02        <\/p>\n<p>Samedi\u00a017 et dimanche 18\u00a0mai 2025, de 9h \u00e0 18h, l\u2019<strong>a\u00e9rodrome du Polygone-Strasbourg<\/strong> organise des <strong>journ\u00e9es portes ouvertes<\/strong> sur son terrain du <strong>Neuhof<\/strong>.<\/p>\n<p>Bapt\u00eames de l\u2019air, musique\u2026 plusieurs animations propos\u00e9es<\/p>\n<p class=\" wall-content\">Sur la page <a href=\"https:\/\/actu.fr\/tag\/facebook\" target=\"_blank\" rel=\"noopener\">Facebook<\/a> de l\u2019\u00e9v\u00e9nement, l\u2019A\u00e9roclub Alsace annonce plusieurs <a href=\"https:\/\/actu.fr\/tag\/animations\" target=\"_blank\" rel=\"noopener\">animations<\/a>\u2009:<\/p>\n<ul class=\" wall-content\">\n<li>\u00ab\u00a0<strong>Bapt\u00eames de l\u2019air<\/strong> propos\u00e9s par les associations du terrain,<\/li>\n<li><strong>food-trucks<\/strong> sur place pour se restaurer,<\/li>\n<li>stand <strong>Meteor<\/strong>,<\/li>\n<li><strong>ambiance musicale live<\/strong> le dimanche avec un groupe de rock,<\/li>\n<li><strong>exposition de moto<\/strong> le dimanche \u00e0 partir de 11h\u00a0\u00bb.<\/li>\n<\/ul>\n<p>Journ\u00e9es portes ouvertes a\u00e9rodrome de Strasbourg Neuhof<br \/>Samedi\u00a017 et dimanche 18\u00a0mai 2025, de 9h \u00e0 18h<br \/>38 Rue Guynemer<\/p>\n<p class=\" wall-content\">Suivez toute l\u2019actualit\u00e9 de vos villes et m\u00e9dias favoris en vous inscrivant \u00e0 <a href=\"https:\/\/moncompte.actu.fr\" title=\"D\u00e9couvez Mon Actu\" rel=\"nofollow noopener\" data-trk=\"{&quot;cta&quot;:{&quot;action&quot;:&quot;https:\\\/\\\/moncompte.actu.fr&quot;,&quot;category&quot;:&quot;mon compte&quot;,&quot;from&quot;:&quot;article footer&quot;,&quot;name&quot;:&quot;Mon actu&quot;,&quot;type&quot;:&quot;cta&quot;}}\" target=\"_blank\">Mon Actu<\/a>.<\/p>\n","protected":false},"excerpt":{"rendered":"Par Ivan CAPECCHI Publi\u00e9 le 17 mai 2025 \u00e0 7h02 Samedi\u00a017 et dimanche 18\u00a0mai 2025, de 9h \u00e0&hellip;\n","protected":false},"author":2,"featured_media":106668,"comment_status":"","ping_status":"","sticky":false,"template":"","format":"standard","meta":{"footnotes":""},"categories":[2820],"tags":[1111,11,1063,1777,674,1011,27,775,1652,12,25,640],"class_list":{"0":"post-106667","1":"post","2":"type-post","3":"status-publish","4":"format-standard","5":"has-post-thumbnail","7":"category-strasbourg","8":"tag-actu","9":"tag-actualites","10":"tag-animations","11":"tag-eu","12":"tag-europe","13":"tag-fr","14":"tag-france","15":"tag-grand-est","16":"tag-loisirs-culture","17":"tag-news","18":"tag-republique-francaise","19":"tag-strasbourg"},"share_on_mastodon":{"url":"https:\/\/pubeurope.com\/@fr\/114522528428969270","error":""},"_links":{"self":[{"href":"https:\/\/www.europesays.com\/fr\/wp-json\/wp\/v2\/posts\/106667","targetHints":{"allow":["GET"]}}],"collection":[{"href":"https:\/\/www.europesays.com\/fr\/wp-json\/wp\/v2\/posts"}],"about":[{"href":"https:\/\/www.europesays.com\/fr\/wp-json\/wp\/v2\/types\/post"}],"author":[{"embeddable":true,"href":"https:\/\/www.europesays.com\/fr\/wp-json\/wp\/v2\/users\/2"}],"replies":[{"embeddable":true,"href":"https:\/\/www.europesays.com\/fr\/wp-json\/wp\/v2\/comments?post=106667"}],"version-history":[{"count":0,"href":"https:\/\/www.europesays.com\/fr\/wp-json\/wp\/v2\/posts\/106667\/revisions"}],"wp:featuredmedia":[{"embeddable":true,"href":"https:\/\/www.europesays.com\/fr\/wp-json\/wp\/v2\/media\/106668"}],"wp:attachment":[{"href":"https:\/\/www.europesays.com\/fr\/wp-json\/wp\/v2\/media?parent=106667"}],"wp:term":[{"taxonomy":"category","embeddable":true,"href":"https:\/\/www.europesays.com\/fr\/wp-json\/wp\/v2\/categories?post=106667"},{"taxonomy":"post_tag","embeddable":true,"href":"https:\/\/www.europesays.com\/fr\/wp-json\/wp\/v2\/tags?post=106667"}],"curies":[{"name":"wp","href":"https:\/\/api.w.org\/{rel}","templated":true}]}}