{"id":106669,"date":"2025-05-17T09:44:50","date_gmt":"2025-05-17T09:44:50","guid":{"rendered":"https:\/\/www.europesays.com\/fr\/106669\/"},"modified":"2025-05-17T09:44:50","modified_gmt":"2025-05-17T09:44:50","slug":"diffusion-strasbourg-le-havre-a-quelle-heure-et-sur-quelle-chaine-voir-le-match-en-direct","status":"publish","type":"post","link":"https:\/\/www.europesays.com\/fr\/106669\/","title":{"rendered":"Diffusion Strasbourg \u2013 Le Havre : \u00e0 quelle heure et sur quelle cha\u00eene voir le match en direct ?"},"content":{"rendered":"<p class=\"paragraph text_align_left\">Ce week-end, ne manquez pas l\u2019une des affiches les plus attendues de la fin de saison. Le RC Strasbourg Alsace affronte Le Havre pour tenter de d\u00e9crocher l\u2019Europe. Pour le moment, Strasbourg occupe la sixi\u00e8me place, \u00e0 \u00e9galit\u00e9 avec le LOSC et les Aiglons. \u00c0 l\u2019heure actuelle, les hommes de Liam Rosenior affichent un point d\u2019avance sur Lyon. Cette semaine, le RCSA n\u2019a pas d\u2019autre choix que de s\u2019imposer pour conserver une place dans le top 6. En face, Le Havre est seizi\u00e8me, en position de barragiste. Le HAC accumule trente-et-un points, gr\u00e2ce \u00e0 neuf victoires et quatre nuls. Apr\u00e8s avoir subi une vingti\u00e8me d\u00e9faite de rang contre Marseille (1-3), les co\u00e9quipiers d\u2019Issa Soumar\u00e9 doivent renouer avec le succ\u00e8s au risque d\u2019\u00eatre rel\u00e9gu\u00e9s en Ligue 2 BKT. Pour m\u00e9moire, le match aller s\u2019est sold\u00e9 en faveur du RCSA, sur un score final de trois buts \u00e0 z\u00e9ro. Dans ces lignes, <a href=\"https:\/\/www.dazn.com\/fr-FR\/welcome?clickref=1011lAz9t6Dr&amp;utm_source=affiliate&amp;utm_medium=leparisien&amp;utm_campaign=campaign&amp;utm_term=term&amp;utm_content=1011l230073|1011lAz9t6Dr|leparisien&amp;gad_source=7&amp;dclid=CJq_nbTXoo0DFVROpAQdlHMW-g\" target=\"_blank\" rel=\"sponsored noopener\">on vous dit \u00e0 quelle heure et sur quelle cha\u00eene regarder le choc qui oppose le RC Strasbourg Alsace et Le Havre, en direct ce samedi soir.<\/a><\/p>\n<p>Diffusion Strasbourg \u2013 Le Havre en direct : sur quelle cha\u00eene regarder le match ?<\/p>\n<p class=\"paragraph text_align_left\"><b>Le match Strasbourg \u2013 Le Havre est retransmis ce samedi soir, en direct sur <\/b><a href=\"https:\/\/www.dazn.com\/fr-FR\/welcome?clickref=1011lAz9t6Dr&amp;utm_source=affiliate&amp;utm_medium=leparisien&amp;utm_campaign=campaign&amp;utm_term=term&amp;utm_content=1011l230073|1011lAz9t6Dr|leparisien&amp;gad_source=7&amp;dclid=CJq_nbTXoo0DFVROpAQdlHMW-g\" target=\"_blank\" rel=\"sponsored noopener\"><b>la plateforme de streaming DAZN<\/b><\/a>. Le coup d\u2019envoi de la rencontre est pr\u00e9vu \u00e0 21 heures, au stade de la Meinau. L\u2019arbitre J\u00e9r\u00f4me Brisard a \u00e9t\u00e9 d\u00e9sign\u00e9 pour diriger la confrontation. Il sera assist\u00e9 de Nicolas Rainville et de William Lavis \u00e0 la VAR. Les commentateurs prennent l\u2019antenne quelques minutes avant le d\u00e9but de la rencontre, pour faire le point sur les enjeux et les derni\u00e8res actualit\u00e9s de la Ligue 1 McDonald\u2019s. Ils d\u00e9cryptent ensuite les performances des \u00e9quipes et analysent les temps forts de la soir\u00e9e.<\/p>\n<p class=\"paragraph text_align_left\"><b>Cliquez ici pour<\/b><a href=\"https:\/\/dazn.prf.hn\/click\/camref:1011lSfUI\/destination:https%3A%2F%2Fwww.dazn.com%2Ffr-FR%2F\" rel=\"sponsored noopener\" target=\"_blank\"><b> retrouver les offres DAZN<\/b><\/a><\/p>\n<p class=\"paragraph text_align_left\"><b>NOUVELLE OFFRE LIMIT\u00c9E : <\/b><a href=\"https:\/\/dazn.prf.hn\/click\/camref:1011lSfUI\/destination:https%3A%2F%2Fwww.dazn.com%2Ffr-FR%2F\" rel=\"sponsored noopener\" target=\"_blank\"><b>\u00a0b\u00e9n\u00e9ficiez de la fin de saison de Ligue 1 pour 35 euros<\/b><\/a><b> !<\/b><\/p>\n<p class=\"paragraph text_align_left\"><b>En ce moment, deux offres sont disponibles sur les abonnements DAZN :<\/b><\/p>\n","protected":false},"excerpt":{"rendered":"Ce week-end, ne manquez pas l\u2019une des affiches les plus attendues de la fin de saison. Le RC&hellip;\n","protected":false},"author":2,"featured_media":106670,"comment_status":"","ping_status":"","sticky":false,"template":"","format":"standard","meta":{"footnotes":""},"categories":[2820],"tags":[1111,11,1777,674,2257,1011,27,775,749,5162,12,25,640,6718],"class_list":{"0":"post-106669","1":"post","2":"type-post","3":"status-publish","4":"format-standard","5":"has-post-thumbnail","7":"category-strasbourg","8":"tag-actu","9":"tag-actualites","10":"tag-eu","11":"tag-europe","12":"tag-foot","13":"tag-fr","14":"tag-france","15":"tag-grand-est","16":"tag-guide-shopping","17":"tag-le-havre","18":"tag-news","19":"tag-republique-francaise","20":"tag-strasbourg","21":"tag-tv-streaming"},"share_on_mastodon":{"url":"https:\/\/pubeurope.com\/@fr\/114522536279890439","error":""},"_links":{"self":[{"href":"https:\/\/www.europesays.com\/fr\/wp-json\/wp\/v2\/posts\/106669","targetHints":{"allow":["GET"]}}],"collection":[{"href":"https:\/\/www.europesays.com\/fr\/wp-json\/wp\/v2\/posts"}],"about":[{"href":"https:\/\/www.europesays.com\/fr\/wp-json\/wp\/v2\/types\/post"}],"author":[{"embeddable":true,"href":"https:\/\/www.europesays.com\/fr\/wp-json\/wp\/v2\/users\/2"}],"replies":[{"embeddable":true,"href":"https:\/\/www.europesays.com\/fr\/wp-json\/wp\/v2\/comments?post=106669"}],"version-history":[{"count":0,"href":"https:\/\/www.europesays.com\/fr\/wp-json\/wp\/v2\/posts\/106669\/revisions"}],"wp:featuredmedia":[{"embeddable":true,"href":"https:\/\/www.europesays.com\/fr\/wp-json\/wp\/v2\/media\/106670"}],"wp:attachment":[{"href":"https:\/\/www.europesays.com\/fr\/wp-json\/wp\/v2\/media?parent=106669"}],"wp:term":[{"taxonomy":"category","embeddable":true,"href":"https:\/\/www.europesays.com\/fr\/wp-json\/wp\/v2\/categories?post=106669"},{"taxonomy":"post_tag","embeddable":true,"href":"https:\/\/www.europesays.com\/fr\/wp-json\/wp\/v2\/tags?post=106669"}],"curies":[{"name":"wp","href":"https:\/\/api.w.org\/{rel}","templated":true}]}}