{"id":106673,"date":"2025-05-17T09:46:11","date_gmt":"2025-05-17T09:46:11","guid":{"rendered":"https:\/\/www.europesays.com\/fr\/106673\/"},"modified":"2025-05-17T09:46:11","modified_gmt":"2025-05-17T09:46:11","slug":"anges-oursins-pieuvres-et-autres-creatures-fantastiques-marines-sinvitent-a-la-biennale-des-arts-de-nice","status":"publish","type":"post","link":"https:\/\/www.europesays.com\/fr\/106673\/","title":{"rendered":"Anges, oursins, pieuvres et autres cr\u00e9atures fantastiques marines s\u2019invitent \u00e0 la Biennale des Arts de Nice"},"content":{"rendered":"<p>      <img fetchpriority=\"high\" decoding=\"async\" class=\"mx-auto\" src=\"data:image\/svg+xml;base64,PHN2ZyB4bWxucz0iaHR0cDovL3d3dy53My5vcmcvMjAwMC9zdmciIGZpbGw9IiNlNGU0ZTQiIHZpZXdCb3g9IjAgMCA1MTAgMzQwIiB3aWR0aD0iNTEwIiBoZWlnaHQ9IjM0MCI+PHBhdGggZD0iTTAgMGg1MTB2MzQwSDB6Ii8+PC9zdmc+\"  loading=\"eager\" width=\"510\" height=\"340\" data-oncrawl-image-size=\"510x340\" alt=\"Un poisson uranoscope (autrement appel\u00e9 \u00ab\u00a0b\u0153uf\u00a0\u00bb de M\u00e9diterran\u00e9e ou \u00ab\u00a0rascasse blanche\u00a0\u00bb), photographi\u00e9 \u00e0 Nice, dans la baie des Anges, \u00e0 20\u00a0m\u00e8tres de profondeur, et expos\u00e9 au Mus\u00e9e de la Photographie Charles N\u00e8gre.\"\/>      <\/p>\n<p class=\"latino-100m text-grey-600\">\n            Un poisson uranoscope (autrement appel\u00e9 \u00ab\u00a0b\u0153uf\u00a0\u00bb de M\u00e9diterran\u00e9e ou \u00ab\u00a0rascasse blanche\u00a0\u00bb), photographi\u00e9 \u00e0 Nice, dans la baie des Anges, \u00e0 20\u00a0m\u00e8tres de profondeur, et expos\u00e9 au Mus\u00e9e de la Photographie Charles N\u00e8gre.\u00a0LAURENT BALLESTA        <\/p>\n<p>    Lire\u00a0plus\u00a0tard  <\/p>\n<p><a aria-label=\"Nous suivre sur Google News\" href=\"https:\/\/news.google.com\/publications\/CAAqBwgKMJe4nQkw3dFs?hl=fr&amp;gl=FR&amp;ceid=FR%3Afr\" target=\"_blank\" data-piano=\"Page_Article,Sous_date_publi,Nous_suivre_sur_google_news,1er_clic,action\" class=\"btn btn--small btn--secondary\" rel=\"nofollow noopener\"><\/p>\n<p>      Google Actualit\u00e9s<br \/>\n  <\/a><\/p>\n<p>  Partager<\/p>\n<p>        Facebook<\/p>\n<p>        Bluesky<\/p>\n<p>        E-mail<\/p>\n<p>        Copier le lien<\/p>\n<p>      Envoyer<\/p>\n<p>    Offrir\u00a0cet\u00a0article<\/p>\n<p>S\u2019abonner permet d\u2019offrir les articles \u00e0 vos proches. Et pas que\u00a0: vous pouvez les consulter et les commenter.<\/p>\n<p>    Temps de lecture\u00a0:\u00a05\u00a0min.<\/p>\n<p class=\"badge badge--content-premium latino-100b\">Abonn\u00e9<\/p>\n<p class=\"article__description latino-600m mb-20 mb-lg-30 \" data-oncrawl-chapo-length=\"237\">\n<p>    Une vague bleue submerge les mus\u00e9es et les centres d\u2019art de la cit\u00e9 m\u00e9diterran\u00e9enne. Avant la troisi\u00e8me Conf\u00e9rence des Nations unies pour l\u2019Oc\u00e9an, du 9 au 13 juin, les plasticiens \u00e9veillent les sensibilit\u00e9s et mobilisent les imaginaires.<\/p>\n<p class=\"latino-500b text-grey-600\">Pour aller plus loin<\/p>\n<p class=\"node__paragraphe antonia-750r text-grey-800 pb-20 pb-md-30\">\nUne gigantesque pieuvre surgit de la pelouse de la promenade du Paillon, en plein c\u0153ur de Nice. D\u00e9barqu\u00e9 depuis New York, le c\u00e9phalopode en bronze d\u00e9concerte les passants et s\u00e9duit les enfants (et les chiens) qui gambadent entre ses tentacules. L\u2019\u00e9trange poulpe de la plasticienne Laure Prouvost, l\u2019une des six installations artistiques d\u00e9ploy\u00e9es dans la ville \u00e0 l\u2019occasion de la Biennale des Arts, incite avec fantaisie les humains \u00e0 pr\u00eater plus attention aux mondes sous-marins. \u00ab\u00a0Landed here to Sea you\u00a0\u00bb, clame la b\u00eate.<\/p>\n<p class=\"node__paragraphe antonia-750r text-grey-800 pb-10\">\nApr\u00e8s les \u00ab\u00a0Fleurs\u00a0\u00bb, en 2022, la manifestation plonge en 2025 en eaux profondes. Le th\u00e8me, \u00ab\u00a0La Mer autour de nous\u00a0\u00bb, n\u2019est pas seulement dict\u00e9 par la position g\u00e9ographique de la capitale du d\u00e9partement des Alpes-Maritimes. Nice accueille du 9 au 13 juin <a target=\"_blank\" href=\"https:\/\/www.diplomatie.gouv.fr\/fr\/politique-etrangere-de-la-france\/climat-et-environnement\/la-protection-de-l-environnement-et-la-lutte-contre-les-pollutions\/troisieme-conference-des-nations-unies-sur-l-ocean-unoc3-nice-9-13-juin-2025\/\" rel=\"nofollow noopener\">la troisi\u00e8me Conf\u00e9rence des Nations unies pour l\u2019Oc\u00e9an (Unoc-3)<\/a>, coorganis\u00e9e par la France et le Costa Rica. Ce sommet international vise \u00e0 mettre en place un plan d\u2019action pour pr\u00e9server un \u00e9l\u2026<\/p>\n<p class=\"latino-100m text-blue-400\">Article r\u00e9serv\u00e9 aux abonn\u00e9s.<\/p>\n<p>          Se connecter<\/p>\n<p class=\"text-center antonia-1850c\" style=\"margin-bottom:4px;\">Envie de lire la suite ?<\/p>\n<p class=\"text-center antonia-800c pb-15\">Tous nos articles en int\u00e9gralit\u00e9 d\u00e8s\u00a01\u20ac<\/p>\n<p>        S&rsquo;abonner<\/p>\n<p class=\"text-grey-700 or\">ou<\/p>\n<p>            <img width=\"164\" height=\"20\" src=\"data:image\/svg+xml;base64,PHN2ZyB4bWxucz0iaHR0cDovL3d3dy53My5vcmcvMjAwMC9zdmciIGZpbGw9IiNlNGU0ZTQiIHZpZXdCb3g9IjAgMCAyODIgNTQiIHdpZHRoPSIyODIiIGhlaWdodD0iNTQiPjxwYXRoIGQ9Ik0wIDBoMjgydjU0SDB6Ii8+PC9zdmc+\"  class=\"js-swg-placeholder\" alt=\"Subscribe with Google\" loading=\"lazy\" decoding=\"async\"\/><\/p>\n<p>          D\u00e9couvrir toutes nos offres<\/p>\n","protected":false},"excerpt":{"rendered":"Un poisson uranoscope (autrement appel\u00e9 \u00ab\u00a0b\u0153uf\u00a0\u00bb de M\u00e9diterran\u00e9e ou \u00ab\u00a0rascasse blanche\u00a0\u00bb), photographi\u00e9 \u00e0 Nice, dans la baie des&hellip;\n","protected":false},"author":2,"featured_media":106674,"comment_status":"","ping_status":"","sticky":false,"template":"","format":"standard","meta":{"footnotes":""},"categories":[2819],"tags":[17,1111,11,14646,22369,251,1777,674,1349,22370,1011,27,19134,22371,12,2401,22367,22368,882,25],"class_list":{"0":"post-106673","1":"post","2":"type-post","3":"status-publish","4":"format-standard","5":"has-post-thumbnail","7":"category-nice","8":"tag-17","9":"tag-actu","10":"tag-actualites","11":"tag-anges","12":"tag-creatures","13":"tag-culture","14":"tag-eu","15":"tag-europe","16":"tag-expositions","17":"tag-fantastiques","18":"tag-fr","19":"tag-france","20":"tag-invitent","21":"tag-marines","22":"tag-news","23":"tag-nice","24":"tag-oursins","25":"tag-pieuvres","26":"tag-provence-alpes-cote-dazur","27":"tag-republique-francaise"},"share_on_mastodon":{"url":"https:\/\/pubeurope.com\/@fr\/114522540238063344","error":""},"_links":{"self":[{"href":"https:\/\/www.europesays.com\/fr\/wp-json\/wp\/v2\/posts\/106673","targetHints":{"allow":["GET"]}}],"collection":[{"href":"https:\/\/www.europesays.com\/fr\/wp-json\/wp\/v2\/posts"}],"about":[{"href":"https:\/\/www.europesays.com\/fr\/wp-json\/wp\/v2\/types\/post"}],"author":[{"embeddable":true,"href":"https:\/\/www.europesays.com\/fr\/wp-json\/wp\/v2\/users\/2"}],"replies":[{"embeddable":true,"href":"https:\/\/www.europesays.com\/fr\/wp-json\/wp\/v2\/comments?post=106673"}],"version-history":[{"count":0,"href":"https:\/\/www.europesays.com\/fr\/wp-json\/wp\/v2\/posts\/106673\/revisions"}],"wp:featuredmedia":[{"embeddable":true,"href":"https:\/\/www.europesays.com\/fr\/wp-json\/wp\/v2\/media\/106674"}],"wp:attachment":[{"href":"https:\/\/www.europesays.com\/fr\/wp-json\/wp\/v2\/media?parent=106673"}],"wp:term":[{"taxonomy":"category","embeddable":true,"href":"https:\/\/www.europesays.com\/fr\/wp-json\/wp\/v2\/categories?post=106673"},{"taxonomy":"post_tag","embeddable":true,"href":"https:\/\/www.europesays.com\/fr\/wp-json\/wp\/v2\/tags?post=106673"}],"curies":[{"name":"wp","href":"https:\/\/api.w.org\/{rel}","templated":true}]}}