{"id":106685,"date":"2025-05-17T09:54:12","date_gmt":"2025-05-17T09:54:12","guid":{"rendered":"https:\/\/www.europesays.com\/fr\/106685\/"},"modified":"2025-05-17T09:54:12","modified_gmt":"2025-05-17T09:54:12","slug":"qui-est-franck-jaclin-le-chti-qui-rachete-tout-sur-le-littoral-breton","status":"publish","type":"post","link":"https:\/\/www.europesays.com\/fr\/106685\/","title":{"rendered":"Qui est Franck Jaclin, le Chti qui rach\u00e8te tout sur le littoral breton\u00a0?"},"content":{"rendered":"<p class=\"paragraph text_align_left\">Les refuges de mer de l\u2019\u00eele de Mol\u00e8ne, l\u2019h\u00f4tel le Roc\u2019h ar Mor \u00e0 Ouessant, l\u2019ex-prison de Pontaniou \u00e0 Brest, le ch\u00e2teau de Suscinio \u00e0 Morlaix, l\u2019ancien h\u00f4tel-restaurant du Moulin \u00e0 Mar\u00e9e <a href=\"https:\/\/www.leparisien.fr\/finistere-29\/cetait-sa-derniere-chance-pres-de-brest-lex-moulin-a-maree-de-moulin-mer-va-accueillir-un-hotel-de-luxe-11-12-2024-JZE2BCUDONC6ZOK33IRUK7JEWU.php\" target=\"_blank\" rel=\"noreferrer noopener\">et le centre nautique de Logonna-Daoulas <\/a>ou encore l\u2019H\u00f4tel de Carantec, fief du chef Nicolas Carro, qui a obtenu sa premi\u00e8re \u00e9toile un an apr\u00e8s l\u2019ouverture\u2026<\/p>\n<p class=\"paragraph text_align_left\">La liste de b\u00e2timents embl\u00e9matiques, et souvent en d\u00e9sh\u00e9rence, <a href=\"https:\/\/www.leparisien.fr\/finistere-29\/\" target=\"_blank\" rel=\"noreferrer noopener\">du littoral finist\u00e9rien<\/a> rachet\u00e9s par Franck Jaclin, est d\u00e9j\u00e0 longue. Sa soci\u00e9t\u00e9 parisienne de nouvelles technologies et de communication a donn\u00e9 \u00e0 cet entrepreneur \u00e0 succ\u00e8s d\u2019origine ch\u2019ti une belle assise financi\u00e8re.<\/p>\n","protected":false},"excerpt":{"rendered":"Les refuges de mer de l\u2019\u00eele de Mol\u00e8ne, l\u2019h\u00f4tel le Roc\u2019h ar Mor \u00e0 Ouessant, l\u2019ex-prison de Pontaniou&hellip;\n","protected":false},"author":2,"featured_media":106686,"comment_status":"","ping_status":"","sticky":false,"template":"","format":"standard","meta":{"footnotes":""},"categories":[2815],"tags":[1111,917,11,459,33,1777,674,1011,27,811,1307,12,25],"class_list":{"0":"post-106685","1":"post","2":"type-post","3":"status-publish","4":"format-standard","5":"has-post-thumbnail","7":"category-lille","8":"tag-actu","9":"tag-actu-locale","10":"tag-actualites","11":"tag-departements-horsidfo","12":"tag-economie","13":"tag-eu","14":"tag-europe","15":"tag-fr","16":"tag-france","17":"tag-hauts-de-france","18":"tag-lille","19":"tag-news","20":"tag-republique-francaise"},"share_on_mastodon":{"url":"https:\/\/pubeurope.com\/@fr\/114522571931532845","error":""},"_links":{"self":[{"href":"https:\/\/www.europesays.com\/fr\/wp-json\/wp\/v2\/posts\/106685","targetHints":{"allow":["GET"]}}],"collection":[{"href":"https:\/\/www.europesays.com\/fr\/wp-json\/wp\/v2\/posts"}],"about":[{"href":"https:\/\/www.europesays.com\/fr\/wp-json\/wp\/v2\/types\/post"}],"author":[{"embeddable":true,"href":"https:\/\/www.europesays.com\/fr\/wp-json\/wp\/v2\/users\/2"}],"replies":[{"embeddable":true,"href":"https:\/\/www.europesays.com\/fr\/wp-json\/wp\/v2\/comments?post=106685"}],"version-history":[{"count":0,"href":"https:\/\/www.europesays.com\/fr\/wp-json\/wp\/v2\/posts\/106685\/revisions"}],"wp:featuredmedia":[{"embeddable":true,"href":"https:\/\/www.europesays.com\/fr\/wp-json\/wp\/v2\/media\/106686"}],"wp:attachment":[{"href":"https:\/\/www.europesays.com\/fr\/wp-json\/wp\/v2\/media?parent=106685"}],"wp:term":[{"taxonomy":"category","embeddable":true,"href":"https:\/\/www.europesays.com\/fr\/wp-json\/wp\/v2\/categories?post=106685"},{"taxonomy":"post_tag","embeddable":true,"href":"https:\/\/www.europesays.com\/fr\/wp-json\/wp\/v2\/tags?post=106685"}],"curies":[{"name":"wp","href":"https:\/\/api.w.org\/{rel}","templated":true}]}}