{"id":1066865,"date":"2026-07-15T20:16:15","date_gmt":"2026-07-15T20:16:15","guid":{"rendered":"https:\/\/www.europesays.com\/fr\/1066865\/"},"modified":"2026-07-15T20:16:15","modified_gmt":"2026-07-15T20:16:15","slug":"grande-mosquee-de-lyon-le-forfait-de-75-euros-pour-les-prieres-funeraires-finalement-retire","status":"publish","type":"post","link":"https:\/\/www.europesays.com\/fr\/1066865\/","title":{"rendered":"Grande Mosqu\u00e9e de Lyon : le forfait de 75 euros pour les pri\u00e8res fun\u00e9raires finalement retir\u00e9"},"content":{"rendered":"<p>                    Par<br \/>\n        <strong><br \/>\n            <a href=\"https:\/\/actu.fr\/auteur\/o-bouvierlaribi\" title=\"Consulter tous les articles de Ophelio BOUVIER-LARIBI\" rel=\"nofollow noopener\" target=\"_blank\">Ophelio BOUVIER-LARIBI<\/a><br \/>\n                    <\/strong><\/p>\n<p>        Publi\u00e9 le<\/p>\n<p>            15 juil. 2026 \u00e0 21h42        <\/p>\n<p>C\u2019est le troisi\u00e8me communiqu\u00e9 publi\u00e9 en moins de trois jours par la<a href=\"https:\/\/actu.fr\/auvergne-rhone-alpes\/lyon_69123\/la-double-peine-la-grande-mosquee-de-lyon-va-faire-payer-l-organisation-de-la-priere-funeraire-musulmane_64536715.html\" rel=\"nofollow noopener\" target=\"_blank\"> Grande Mosqu\u00e9e de Lyon.<\/a> Dans un message diffus\u00e9 ce mercredi matin sur Facebook, l\u2019\u00e9tablissement religieux annonce le retrait de la contribution pr\u00e9vue pour l\u2019organisation des pri\u00e8res fun\u00e9raires.<br \/>La pol\u00e9mique avait d\u00e9but\u00e9 apr\u00e8s la diffusion publique d\u2019une note de service dat\u00e9e du 30 juin et adress\u00e9e \u00e0 une dizaine d\u2019agences de pompes fun\u00e8bres.<br \/>Le document annon\u00e7ait la mise en place, \u00e0 compter du 1\u1d49\u02b3 septembre 2026, d\u2019un forfait de 75 euros destin\u00e9 \u00e0 couvrir les frais d\u2019organisation des c\u00e9r\u00e9monies. La pri\u00e8re fun\u00e9raire elle-m\u00eame devait rester gratuite.<\/p>\n<p>Une pr\u00e9sentation \u00ab erron\u00e9e \u00bb pour \u00ab cr\u00e9er le buzz \u00bb<\/p>\n<p class=\" wall-content\">Interrog\u00e9 par actu Lyon, Kamel Kabtane, \u00e0 la t\u00eate de la Grande Mosqu\u00e9e de Lyon, affirme que la pol\u00e9mique est n\u00e9e d\u2019une pr\u00e9sentation erron\u00e9e de la mesure, orchestr\u00e9e selon lui pour \u00ab cr\u00e9er le buzz \u00bb.<\/p>\n<p class=\" wall-content\">Le recteur soup\u00e7onne l\u2019une des agences destinataires d\u2019avoir transmis la note \u00e0 l\u2019Union fran\u00e7aise des consommateurs musulmans (UFCM). Cette entreprise aurait \u00e9t\u00e9 m\u00e9contente de la nouvelle contribution.<\/p>\n<p class=\" wall-content\">Selon lui, elle aurait laiss\u00e9 entendre que les familles devraient directement r\u00e9gler la somme. Le responsable religieux n\u2019est toutefois pas en mesure d\u2019identifier l\u2019agence qu\u2019il met en cause.<\/p>\n<p class=\" wall-content\">Le forfait devait \u00eatre factur\u00e9 aux entreprises de pompes fun\u00e8bres et non directement aux familles. La note ne pr\u00e9cisait toutefois pas si ce surco\u00fbt aurait \u00e9t\u00e9 r\u00e9percut\u00e9 sur le prix des obs\u00e8ques.<\/p>\n<p class=\" wall-content\">L\u2019annonce avait suscit\u00e9 de nombreuses r\u00e9actions hostiles et provoqu\u00e9 la mobilisation de l\u2019UFCM. L\u2019association des consommateurs musulmans avait appel\u00e9 les lieux de culte musulmans \u00e0 pr\u00e9server \u00ab la gratuit\u00e9 du service spirituel \u00bb.<\/p>\n<p>La contribution de 75 euros abandonn\u00e9e<\/p>\n<p class=\" wall-content\">\u00ab Compte tenu de l\u2019\u00e9motion qu\u2019elle a suscit\u00e9e et des interpr\u00e9tations qui en ont \u00e9t\u00e9 faites, nous avons d\u00e9cid\u00e9, dans un esprit d\u2019apaisement et afin de ne laisser subsister aucune ambigu\u00eft\u00e9, de retirer la disposition relative \u00e0 cette contribution financi\u00e8re \u00bb, annonce sur Facebook la Grande Mosqu\u00e9e de Lyon.<\/p>\n<p class=\" wall-content\">L\u2019UFCM a salu\u00e9 une \u00ab sage d\u00e9cision \u00bb sur le m\u00eame r\u00e9seau social. Dans les commentaires publi\u00e9s sous le communiqu\u00e9, le retrait est \u00e9galement accueilli favorablement. Certains internautes continuent n\u00e9anmoins de s\u2019interroger sur les raisons qui avaient conduit la mosqu\u00e9e \u00e0 instaurer cette mesure.<\/p>\n<p class=\" wall-content\">Kamel Kabtane esp\u00e8re d\u00e9sormais mettre un terme \u00e0 une pol\u00e9mique qui a pris une ampleur inattendue. Il affirme avoir re\u00e7u plusieurs menaces de mort au cours des derniers jours.<\/p>\n<p class=\" wall-content\">Personnalisez votre actualit\u00e9 en ajoutant vos villes et m\u00e9dias en favori avec <a href=\"https:\/\/moncompte.actu.fr\" title=\"D\u00e9couvez Mon Actu\" rel=\"nofollow noopener\" data-trk=\"{&quot;cta&quot;:{&quot;action&quot;:&quot;https:\\\/\\\/moncompte.actu.fr&quot;,&quot;category&quot;:&quot;mon compte&quot;,&quot;from&quot;:&quot;article footer&quot;,&quot;name&quot;:&quot;Mon actu&quot;,&quot;type&quot;:&quot;cta&quot;}}\" target=\"_blank\">Mon Actu<\/a>.<\/p>\n","protected":false},"excerpt":{"rendered":"Par Ophelio BOUVIER-LARIBI Publi\u00e9 le 15 juil. 2026 \u00e0 21h42 C\u2019est le troisi\u00e8me communiqu\u00e9 publi\u00e9 en moins de&hellip;\n","protected":false},"author":2,"featured_media":741867,"comment_status":"","ping_status":"","sticky":false,"template":"","format":"standard","meta":{"footnotes":"","_share_on_mastodon":"0"},"categories":[1889],"tags":[1111,11,2430,1777,674,1011,27,5318,2428,12,25,104],"class_list":["post-1066865","post","type-post","status-publish","format-standard","has-post-thumbnail","category-lyon","tag-actu","tag-actualites","tag-auvergne-rhone-alpes","tag-eu","tag-europe","tag-fr","tag-france","tag-islam","tag-lyon","tag-news","tag-republique-francaise","tag-societe"],"share_on_mastodon":{"url":"https:\/\/pubeurope.com\/@fr\/116925837244120577","error":""},"_links":{"self":[{"href":"https:\/\/www.europesays.com\/fr\/wp-json\/wp\/v2\/posts\/1066865","targetHints":{"allow":["GET"]}}],"collection":[{"href":"https:\/\/www.europesays.com\/fr\/wp-json\/wp\/v2\/posts"}],"about":[{"href":"https:\/\/www.europesays.com\/fr\/wp-json\/wp\/v2\/types\/post"}],"author":[{"embeddable":true,"href":"https:\/\/www.europesays.com\/fr\/wp-json\/wp\/v2\/users\/2"}],"replies":[{"embeddable":true,"href":"https:\/\/www.europesays.com\/fr\/wp-json\/wp\/v2\/comments?post=1066865"}],"version-history":[{"count":0,"href":"https:\/\/www.europesays.com\/fr\/wp-json\/wp\/v2\/posts\/1066865\/revisions"}],"wp:featuredmedia":[{"embeddable":true,"href":"https:\/\/www.europesays.com\/fr\/wp-json\/wp\/v2\/media\/741867"}],"wp:attachment":[{"href":"https:\/\/www.europesays.com\/fr\/wp-json\/wp\/v2\/media?parent=1066865"}],"wp:term":[{"taxonomy":"category","embeddable":true,"href":"https:\/\/www.europesays.com\/fr\/wp-json\/wp\/v2\/categories?post=1066865"},{"taxonomy":"post_tag","embeddable":true,"href":"https:\/\/www.europesays.com\/fr\/wp-json\/wp\/v2\/tags?post=1066865"}],"curies":[{"name":"wp","href":"https:\/\/api.w.org\/{rel}","templated":true}]}}