{"id":106693,"date":"2025-05-17T09:58:09","date_gmt":"2025-05-17T09:58:09","guid":{"rendered":"https:\/\/www.europesays.com\/fr\/106693\/"},"modified":"2025-05-17T09:58:09","modified_gmt":"2025-05-17T09:58:09","slug":"rhone-deux-accidents-une-voiture-sur-le-toit-et-trois-blesses-sur-les-autoroutes-de-lyon-ce-matin","status":"publish","type":"post","link":"https:\/\/www.europesays.com\/fr\/106693\/","title":{"rendered":"Rh\u00f4ne. Deux accidents, une voiture sur le toit et trois bless\u00e9s sur les autoroutes de Lyon ce matin"},"content":{"rendered":"<p>Le premier accident s&rsquo;est produit aux alentours de 7\u00a0h\u00a015 ce samedi matin. \u00c0 la suite d&rsquo;une collision entre deux v\u00e9hicules, deux personnes bless\u00e9s ont \u00e9t\u00e9 transport\u00e9es par les pompiers de l&rsquo;Is\u00e8re.<\/p>\n<p>Les faits se sont d\u00e9roul\u00e9s \u00e0 hauteur de Saint-Cyr-sur-le-Rh\u00f4ne sur l&rsquo;<strong>A7N. <\/strong>Un des deux v\u00e9hicules s&rsquo;est m\u00eame retrouv\u00e9 sur le toit. Deux ambulances ont pris en charge les victimes et un fourgon de protection \u00e9tait sur place pour s\u00e9curiser la zone.<\/p>\n<p>Plus tard dans la matin\u00e9e, vers 9 h 30, un deuxi\u00e8me accident s&rsquo;est produit sur l&rsquo;A7 en direction de Lyon \u00e0 hauteur de Solaize. Un seul v\u00e9hicule \u00e9tait impliqu\u00e9, la victime a \u00e9t\u00e9 prise en charge en urgence relative.<\/p>\n","protected":false},"excerpt":{"rendered":"Le premier accident s&rsquo;est produit aux alentours de 7\u00a0h\u00a015 ce samedi matin. \u00c0 la suite d&rsquo;une collision entre&hellip;\n","protected":false},"author":2,"featured_media":106694,"comment_status":"","ping_status":"","sticky":false,"template":"","format":"standard","meta":{"footnotes":""},"categories":[1889],"tags":[119,1111,11,2430,3542,3154,1777,674,274,107,1011,27,2428,12,25,2429,22375,13170,1097,2803],"class_list":{"0":"post-106693","1":"post","2":"type-post","3":"status-publish","4":"format-standard","5":"has-post-thumbnail","7":"category-lyon","8":"tag-accident","9":"tag-actu","10":"tag-actualites","11":"tag-auvergne-rhone-alpes","12":"tag-circulation","13":"tag-edition-sud-lyonnais","14":"tag-eu","15":"tag-europe","16":"tag-faits-divers-justice","17":"tag-fil-info","18":"tag-fr","19":"tag-france","20":"tag-lyon","21":"tag-news","22":"tag-republique-francaise","23":"tag-rhone","24":"tag-saint-cyr-sur-le-rhone","25":"tag-solaize","26":"tag-trafic","27":"tag-transport"},"share_on_mastodon":{"url":"https:\/\/pubeurope.com\/@fr\/114522587391704063","error":""},"_links":{"self":[{"href":"https:\/\/www.europesays.com\/fr\/wp-json\/wp\/v2\/posts\/106693","targetHints":{"allow":["GET"]}}],"collection":[{"href":"https:\/\/www.europesays.com\/fr\/wp-json\/wp\/v2\/posts"}],"about":[{"href":"https:\/\/www.europesays.com\/fr\/wp-json\/wp\/v2\/types\/post"}],"author":[{"embeddable":true,"href":"https:\/\/www.europesays.com\/fr\/wp-json\/wp\/v2\/users\/2"}],"replies":[{"embeddable":true,"href":"https:\/\/www.europesays.com\/fr\/wp-json\/wp\/v2\/comments?post=106693"}],"version-history":[{"count":0,"href":"https:\/\/www.europesays.com\/fr\/wp-json\/wp\/v2\/posts\/106693\/revisions"}],"wp:featuredmedia":[{"embeddable":true,"href":"https:\/\/www.europesays.com\/fr\/wp-json\/wp\/v2\/media\/106694"}],"wp:attachment":[{"href":"https:\/\/www.europesays.com\/fr\/wp-json\/wp\/v2\/media?parent=106693"}],"wp:term":[{"taxonomy":"category","embeddable":true,"href":"https:\/\/www.europesays.com\/fr\/wp-json\/wp\/v2\/categories?post=106693"},{"taxonomy":"post_tag","embeddable":true,"href":"https:\/\/www.europesays.com\/fr\/wp-json\/wp\/v2\/tags?post=106693"}],"curies":[{"name":"wp","href":"https:\/\/api.w.org\/{rel}","templated":true}]}}