{"id":106696,"date":"2025-05-17T10:01:17","date_gmt":"2025-05-17T10:01:17","guid":{"rendered":"https:\/\/www.europesays.com\/fr\/106696\/"},"modified":"2025-05-17T10:01:17","modified_gmt":"2025-05-17T10:01:17","slug":"travaux-en-ile-de-france-les-perturbations-a-prevoir-du-19-au-25-mai-2","status":"publish","type":"post","link":"https:\/\/www.europesays.com\/fr\/106696\/","title":{"rendered":"Travaux en \u00cele-de-France : les perturbations \u00e0 pr\u00e9voir du 19 au 25 mai"},"content":{"rendered":"<p><img loading=\"lazy\" decoding=\"async\" alt=\"\u00a9 Shutterstock - De tr\u00e8s faibles perturbations vont intervenir du lundi 19 au dimanche 25 mai sur les r\u00e9seaux de transport en commun de la r\u00e9gion \u00cele-de-France.\" data-zoom-src=\"https:\/\/www.europesays.com\/fr\/wp-content\/uploads\/2025\/05\/initial-ligne-metro-paris.jpg\" data-zoomable=\"\" height=\"702\" src=\"https:\/\/www.europesays.com\/fr\/wp-content\/uploads\/2025\/05\/initial-ligne-metro-paris.jpg\" width=\"1248\"\/>  <\/p>\n<p class=\"article-desc\">\u00a9 Shutterstock &#8211; De tr\u00e8s faibles perturbations vont intervenir du lundi 19 au dimanche 25 mai sur les r\u00e9seaux de transport en commun de la r\u00e9gion \u00cele-de-France. <\/p>\n<p>Les usagers des <a href=\"https:\/\/mesinfos.fr\/transports-en-commun-les-petites-communes-mal-desservies-211419.html\" rel=\"noopener nofollow\" target=\"_blank\">transports en commun<\/a> franciliens doivent s\u2019armer de patience cette semaine. Du lundi 19 au dimanche 25 mai, plusieurs lignes de <strong>m\u00e9tro<\/strong> et <strong>RER<\/strong>, seront impact\u00e9es par des <strong>travaux<\/strong> de modernisation, d\u2019entretien ou de prolongement, occasionnant interruptions, fermetures partielles et modifications d\u2019horaires. <\/p>\n<p>Fermeture sur la ligne 14 du m\u00e9tro <\/p>\n<ul>\n<li>\n<p>Ligne 14 : La ligne sera <strong>enti\u00e8rement ferm\u00e9e le mercredi 21 mai<\/strong> \u00e0 partir de 22 heures, en raison de travaux de modernisation du syst\u00e8me de pilotage automatique. Des bus de remplacement circuleront entre les stations Gare de Lyon et Olympiades. <\/p>\n<\/li>\n<\/ul>\n<p>  Interruptions nocturnes sur les RER A et B <\/p>\n<ul>\n<li>\n<p>RER A : Du lundi 19 au vendredi 23 mai, le trafic sera<strong> interrompu entre Maisons-Laffitte et Cergy\u2013Le Haut<\/strong> \u00e0 partir de 22 heures, en raison de travaux de maintenance. Des bus de substitution seront mis en place pour desservir les stations concern\u00e9es. <\/p>\n<\/li>\n<li>\n<p>RER B : Du lundi 19 au vendredi 23 mai, le trafic sera <strong>interrompu entre Gare du Nord et A\u00e9roport Charles de Gaulle 2\u2013TGV \/ Mitry\u2013Claye<\/strong> \u00e0 partir de 22h45 jusqu\u2019\u00e0 la fin du service, en raison de travaux de modernisation. <\/p>\n<\/li>\n<\/ul>\n<p>Aucune interruption majeure n&rsquo;est pr\u00e9vue sur les lignes Transilien et tramway pour la semaine du 19 au 25 mai.<\/p>\n","protected":false},"excerpt":{"rendered":"\u00a9 Shutterstock &#8211; De tr\u00e8s faibles perturbations vont intervenir du lundi 19 au dimanche 25 mai sur les&hellip;\n","protected":false},"author":2,"featured_media":106226,"comment_status":"","ping_status":"","sticky":false,"template":"","format":"standard","meta":{"footnotes":""},"categories":[1592],"tags":[1111,11,1777,674,1011,27,662,12,626,25,2216],"class_list":{"0":"post-106696","1":"post","2":"type-post","3":"status-publish","4":"format-standard","5":"has-post-thumbnail","7":"category-ile-de-france","8":"tag-actu","9":"tag-actualites","10":"tag-eu","11":"tag-europe","12":"tag-fr","13":"tag-france","14":"tag-ile-de-france","15":"tag-news","16":"tag-paris","17":"tag-republique-francaise","18":"tag-transports-en-commun"},"share_on_mastodon":{"url":"https:\/\/pubeurope.com\/@fr\/114522599268285145","error":""},"_links":{"self":[{"href":"https:\/\/www.europesays.com\/fr\/wp-json\/wp\/v2\/posts\/106696","targetHints":{"allow":["GET"]}}],"collection":[{"href":"https:\/\/www.europesays.com\/fr\/wp-json\/wp\/v2\/posts"}],"about":[{"href":"https:\/\/www.europesays.com\/fr\/wp-json\/wp\/v2\/types\/post"}],"author":[{"embeddable":true,"href":"https:\/\/www.europesays.com\/fr\/wp-json\/wp\/v2\/users\/2"}],"replies":[{"embeddable":true,"href":"https:\/\/www.europesays.com\/fr\/wp-json\/wp\/v2\/comments?post=106696"}],"version-history":[{"count":0,"href":"https:\/\/www.europesays.com\/fr\/wp-json\/wp\/v2\/posts\/106696\/revisions"}],"wp:featuredmedia":[{"embeddable":true,"href":"https:\/\/www.europesays.com\/fr\/wp-json\/wp\/v2\/media\/106226"}],"wp:attachment":[{"href":"https:\/\/www.europesays.com\/fr\/wp-json\/wp\/v2\/media?parent=106696"}],"wp:term":[{"taxonomy":"category","embeddable":true,"href":"https:\/\/www.europesays.com\/fr\/wp-json\/wp\/v2\/categories?post=106696"},{"taxonomy":"post_tag","embeddable":true,"href":"https:\/\/www.europesays.com\/fr\/wp-json\/wp\/v2\/tags?post=106696"}],"curies":[{"name":"wp","href":"https:\/\/api.w.org\/{rel}","templated":true}]}}