{"id":106709,"date":"2025-05-17T10:08:10","date_gmt":"2025-05-17T10:08:10","guid":{"rendered":"https:\/\/www.europesays.com\/fr\/106709\/"},"modified":"2025-05-17T10:08:10","modified_gmt":"2025-05-17T10:08:10","slug":"sanofi-investit-20-milliards-aux-etats-unis-lannonce-qui-fait-grincer-des-dents-a-bercy","status":"publish","type":"post","link":"https:\/\/www.europesays.com\/fr\/106709\/","title":{"rendered":"Sanofi investit 20 milliards aux \u00c9tats-Unis : l&rsquo;annonce qui fait grincer des dents \u00e0 Bercy"},"content":{"rendered":"<p>Le groupe pharmaceutique Sanofi va investir 20 milliards de dollars aux \u00c9tats-Unis sur les cinq prochaines ann\u00e9es.Le g\u00e9ant fran\u00e7ais a pourtant b\u00e9n\u00e9fici\u00e9 d&rsquo;une large aide publique en France, via le cr\u00e9dit d&rsquo;imp\u00f4t.L&rsquo;entreprise manque-t-elle de patriotisme \u00e9conomique, comme le d\u00e9noncent certains ?<a href=\"https:\/\/www.tf1info.fr\/emissions\/tf1\/jt-we-20h-11000\/\" rel=\"noopener\" class=\"jsx-3118104007 Link jsx-1428418400 jsx-640816507\" target=\"_blank\"><\/p>\n<p style=\"font-weight:400\" class=\"jsx-1837267516\">Suivez la couverture compl\u00e8te<\/p>\n<p style=\"font-weight:800\" class=\"jsx-1837267516\">LE WE 20H<\/p>\n<p><\/a><\/p>\n<p data-module=\"article-paragraph\" class=\"jsx-362436225 Paragraph\">\u00c0 Bercy, l&rsquo;annonce ne passe pas. Le <a href=\"https:\/\/www.tf1info.fr\/societe\/video-lisieux-l-usine-sanofi-en-effervescence-face-a-la-vente-du-doliprane-aux-americains-2328508.html\" target=\"_blank\" rel=\"noopener\">g\u00e9ant pharmaceutique fran\u00e7ais<\/a> va investir au moins 20 milliards de dollars (18 milliards d&rsquo;euros) aux \u00c9tats-Unis sur les cinq prochaines ann\u00e9es. Le march\u00e9 am\u00e9ricain est l&rsquo;un des plus importants pour Sanofi. Il repr\u00e9sente 50% de ses ventes, mais seulement 25% de sa production, selon l&rsquo;entreprise. Elle rejoint d&rsquo;autres grands noms mondiaux de la pharmacie, comme Eli Lilly, Johnson &amp; Johnson, Merck, Roche et Novartis, dans leurs projets annonc\u00e9s d&rsquo;investissements.<\/p>\n<p data-module=\"article-paragraph\" class=\"jsx-362436225 Paragraph Paragraph__End\">Ce qui choque en France, c&rsquo;est que Sanofi b\u00e9n\u00e9ficie ici d&rsquo;aides publiques de cr\u00e9dit d&rsquo;imp\u00f4t : environ un milliard et demi d&rsquo;euros ces dix derni\u00e8res ann\u00e9es. \u00ab\u00a0C&rsquo;est un mauvais signal\u00a0\u00bb, a r\u00e9agi ce jeudi le ministre de l&rsquo;\u00c9conomie, Eric Lombard, quelques semaines apr\u00e8s que le pr\u00e9sident fran\u00e7ais a appel\u00e9 les entreprises fran\u00e7aises \u00e0 geler leurs investissements outre-Atlantique. L&rsquo;entreprise manquerait-elle de patriotisme \u00e9conomique ? C&rsquo;est ce qu&rsquo;ont voulu savoir les s\u00e9nateurs lors de l&rsquo;audition des patrons du groupe.\u00a0<\/p>\n<p>\u00ab\u00a0Sanofi ne d\u00e9localise pas\u00a0\u00bb<\/p>\n<p data-module=\"article-paragraph\" class=\"jsx-362436225 Paragraph\">Qu&rsquo;ont-ils fait des 108 millions d&rsquo;euros de cr\u00e9dit d&rsquo;imp\u00f4t recherche dont ils b\u00e9n\u00e9ficient chaque ann\u00e9e ? Charles Wolf, le directeur France de Sanofi l&rsquo;affirme : \u00ab\u00a0Sanofi ne d\u00e9localise pas\u00a0\u00bb. Les aides publiques ont financ\u00e9 par exemple la cr\u00e9ation d&rsquo;un nouveau site de recherche pr\u00e8s de Lyon, inaugur\u00e9 il y a un mois, et qui emploie 300 scientifiques, selon l&rsquo;entreprise.<\/p>\n<p data-module=\"article-paragraph\" class=\"jsx-362436225 Paragraph Paragraph__End\">\u00ab\u00a0En aucun cas l&rsquo;investissement aux \u00c9tats-Unis ne remet en cause les plans de d\u00e9veloppement en France et en Europe\u00a0\u00bb, pr\u00e9cise Sanofi ce vendredi dans un communiqu\u00e9. Des explications qui peinent \u00e0 convaincre les oppositions. \u00ab\u00a0C&rsquo;est plus de 4,4 milliards de versements de dividendes, c&rsquo;est du rachat d&rsquo;actions, des aides publiques, notamment sur les questions de recherche et de d\u00e9veloppement\u00a0\u00bb, estime le s\u00e9nateur PCF Fabien Gay, \u00ab\u00a0et pourtant, c&rsquo;est de la destruction d&#8217;emplois\u00a0\u00bb.\u00a0<\/p>\n<ul class=\"jsx-3657663356 ReadMoreArticle__List flex flex-column\">\n<li class=\"jsx-3657663356\"><a href=\"https:\/\/www.tf1info.fr\/economie\/sante-medicaments-le-doliprane-devient-officiellement-americain-sanofi-empoche-le-jackpot-2368147.html\" rel=\"noopener\" class=\"jsx-4233824444 Link flex\" target=\"_blank\"><img decoding=\"async\" src=\"https:\/\/www.europesays.com\/fr\/wp-content\/uploads\/2025\/05\/doliprane-2010-d52bdd-0@1x.jpeg\" alt=\"Lire aussi\" loading=\"lazy\" importance=\"low\" fetchpriority=\"low\" class=\"\"\/>\n<p class=\"jsx-3657663356 ReadMoreArticle__Title\">Lire aussi<\/p>\n<p class=\"jsx-3657663356\">Le Doliprane devient officiellement am\u00e9ricain, Sanofi empoche le jackpot<\/p>\n<p><\/a><\/li>\n<\/ul>\n<p data-module=\"article-paragraph\" class=\"jsx-362436225 Paragraph Paragraph__End\">\u00ab\u00a0Le cr\u00e9dit d&rsquo;imp\u00f4t recherche, s&rsquo;il y avait un d\u00e9tournement indirectement, c&rsquo;est-\u00e0-dire que les fonds n&rsquo;\u00e9taient pas utilis\u00e9s pour d\u00e9velopper de la recherche en France, l&rsquo;entreprise doit bien entendu rembourser\u00a0\u00bb, estime quant \u00e0 lui le d\u00e9put\u00e9 RN Thomas M\u00e9nager. Emmanuel Fran\u00e7ais, de son c\u00f4t\u00e9, consid\u00e8re que l&rsquo;investissement de Sanofi aux \u00c9tats-Unis n&rsquo;est pas nouveau et ne constitue \u00ab\u00a0pas un probl\u00e8me\u00a0\u00bb, dans une interview accord\u00e9e la presse r\u00e9gionale ce vendredi. \u00c0 pr\u00e9sent, le gouvernement attend de Sanofi des contreparties, \u00e0 savoir davantage d&rsquo;investissements sur le territoire national dans les prochaines ann\u00e9es.\u00a0<\/p>\n<p>La r\u00e9daction de TF1info | Reportage : M. GU\u00c9N\u00c9GAN, J. ROBICHON<\/p>\n","protected":false},"excerpt":{"rendered":"Le groupe pharmaceutique Sanofi va investir 20 milliards de dollars aux \u00c9tats-Unis sur les cinq prochaines ann\u00e9es.Le g\u00e9ant&hellip;\n","protected":false},"author":2,"featured_media":106710,"comment_status":"","ping_status":"","sticky":false,"template":"","format":"standard","meta":{"footnotes":""},"categories":[1589],"tags":[1111,11,1921,1073,73,1866,5641,1922,399,2948,16292,12,5699,1864,1865,1863,308,133,5642,216],"class_list":{"0":"post-106709","1":"post","2":"type-post","3":"status-publish","4":"format-standard","5":"has-post-thumbnail","7":"category-etats-unis","8":"tag-actu","9":"tag-actualites","10":"tag-article-video","11":"tag-emmanuel-macron","12":"tag-etats-unis","13":"tag-etats-unis-damerique","14":"tag-finance-et-macro-economie","15":"tag-info","16":"tag-investissement","17":"tag-le-we-20h","18":"tag-medicaments","19":"tag-news","20":"tag-sante-publique","21":"tag-united-states","22":"tag-united-states-of-america","23":"tag-us","24":"tag-usa","25":"tag-video","26":"tag-video-economie","27":"tag-vie-des-entreprises"},"share_on_mastodon":{"url":"https:\/\/pubeurope.com\/@fr\/114522626813350913","error":""},"_links":{"self":[{"href":"https:\/\/www.europesays.com\/fr\/wp-json\/wp\/v2\/posts\/106709","targetHints":{"allow":["GET"]}}],"collection":[{"href":"https:\/\/www.europesays.com\/fr\/wp-json\/wp\/v2\/posts"}],"about":[{"href":"https:\/\/www.europesays.com\/fr\/wp-json\/wp\/v2\/types\/post"}],"author":[{"embeddable":true,"href":"https:\/\/www.europesays.com\/fr\/wp-json\/wp\/v2\/users\/2"}],"replies":[{"embeddable":true,"href":"https:\/\/www.europesays.com\/fr\/wp-json\/wp\/v2\/comments?post=106709"}],"version-history":[{"count":0,"href":"https:\/\/www.europesays.com\/fr\/wp-json\/wp\/v2\/posts\/106709\/revisions"}],"wp:featuredmedia":[{"embeddable":true,"href":"https:\/\/www.europesays.com\/fr\/wp-json\/wp\/v2\/media\/106710"}],"wp:attachment":[{"href":"https:\/\/www.europesays.com\/fr\/wp-json\/wp\/v2\/media?parent=106709"}],"wp:term":[{"taxonomy":"category","embeddable":true,"href":"https:\/\/www.europesays.com\/fr\/wp-json\/wp\/v2\/categories?post=106709"},{"taxonomy":"post_tag","embeddable":true,"href":"https:\/\/www.europesays.com\/fr\/wp-json\/wp\/v2\/tags?post=106709"}],"curies":[{"name":"wp","href":"https:\/\/api.w.org\/{rel}","templated":true}]}}