{"id":10671,"date":"2025-04-08T16:44:12","date_gmt":"2025-04-08T16:44:12","guid":{"rendered":"https:\/\/www.europesays.com\/fr\/10671\/"},"modified":"2025-04-08T16:44:12","modified_gmt":"2025-04-08T16:44:12","slug":"les-marches-financiers-sous-la-pression-de-donald-trump-mediapart","status":"publish","type":"post","link":"https:\/\/www.europesays.com\/fr\/10671\/","title":{"rendered":"Les march\u00e9s financiers sous la pression de Donald Trump &#8211; Mediapart"},"content":{"rendered":"<ol>\n<li><a href=\"https:\/\/news.google.com\/rss\/articles\/CBMirgFBVV95cUxNWUFEUHMxaHFPeTZuYXF6MWZsd21OcjRuTmNkVDhrODMwX1B0c2VNQTJvMHlIUTZjdzRQTVNQdXozeDNIZ2lZU0pRWWlUa0hFWm5aQkRhRUJaTC1wUGk5WlBrRExiWlhMcUpvZ0wwZFZUTW5NdDR0a3hmdXNrTHd5QU1iUjc3b2RsQVBfZEJFeU0zY1FGVzFuY21xX3oxTkkzck1pNGsxNzI4a1Y4cVE?oc=5\" target=\"_blank\" rel=\"noopener\">Les march\u00e9s financiers sous la pression de Donald Trump<\/a>&nbsp;&nbsp;Mediapart<\/li>\n<li><a href=\"https:\/\/news.google.com\/rss\/articles\/CBMi5AFBVV95cUxNQWEzRjBtblJNaTdMa0cyVTU1bEtibklIcnRQTXdqNVRPSjF3OVZkc1ptMkh6V3hzNDUzejF2X0lTYWszVDlGUWdZekVkUGxLT3NyZGg0d1Z0SjJyYk1icUMzUHpjdlROdVAxU0dfanJZTUlWa1pyek5xUko0S2NFcUNYaXhEWUVRaUFZcFpPOVY1d1dYSmZveGM5X2tfd3lrZUxSX3lYY01fNVA2bzBVVUdMLWVlTUpnQkNzanF6YWxqaWI3YldPV1NwWW9fWkdmam9wYmdlQ3F2MTMxZkN3S1p2T2_SAeoBQVVfeXFMUFU3SmExTWxiUnBVbTlNQS1ra2pyYmdQYUFOTzBZbzh1U1RXV2pOdC1jMERySmNQTy1hanB0U0RERG03dHBvSVotRXdXeG14T0VraUxYcXpUSnBBT2swcVBTY0Y4UUFvcWg5bUE3ZkNpN3lZekVVTFJvVmdKYlY4ZTM4N2VZRVJMR1BuVmdUMzhMUVNJWnZ6YXE1MmxHd2FFT09Na213aWt6SE84QXhkXzdUSzdrXzhGb0Y2M0ZBVGUzZ0ZZQkljclREeTBvWDBxNmZ2LWNxbG8xVWExbUhkRkxYd3F1RWI3VXV3?oc=5\" target=\"_blank\" rel=\"noopener\">Rebond en vue en Europe apr\u00e8s un lundi noir li\u00e9 aux surtaxes am\u00e9ricaines<\/a>&nbsp;&nbsp;Boursorama<\/li>\n<li><a href=\"https:\/\/news.google.com\/rss\/articles\/CBMiogJBVV95cUxNUjZ4Zm1yTldPZWNfWkNDRlJwcDlZd2EtZmxQWTFDd3VxS2Vjb3lJWGtLYzJzT3RQTWZ1S0RFNVVRQ1d5S29Oa0hWMF91S3NNbGo5VnIyS1VvNFF4bWFTOGVZR0RtOTVDc3E3cUtSYWZ4OVJEUE85cE1ZM3k5OFNXa1Z0Y0pFckZ1SlJmNVRWM0hGR0Vkd2plT1hsWGtpUHF0eWY4VkJRMG4yQzlBMlRrNEJZZ0lPaTByQTM3Y1ozSHFpVEhPcXI3X3hySHB1R3NTT1hkOW1jNHhidVMwSW45Ui1qcXJHZDhYS05CbVpEb3RxQjFBcUJ3dUlHVWlZSEdMSlhOVVBaSzZZQWhwXzNIVHpBdTlicTF4WUhqMFo3RmdWZw?oc=5\" target=\"_blank\" rel=\"noopener\">Droits de douane am\u00e9ricains: \u00ab\u00a0Ce n&rsquo;est que le d\u00e9but d&rsquo;une grande n\u00e9gociation qu&rsquo;impose l&rsquo;Am\u00e9rique qui casse la table\u00a0\u00bb, estime Michel-\u00c9douard Leclerc<\/a>&nbsp;&nbsp;BFMTV<\/li>\n<li><a href=\"https:\/\/news.google.com\/rss\/articles\/CBMitwJBVV95cUxNaFNQLTJvblptOWN0SXRWOHI0X3FRNDdQUS1Uc2N2enNVMlFKOXlVLUZYWjFoanBnaHgzSGtab0stbjZqczRhV25Bbm90TkJaNWZXd2xvMjZoM2tWVnZsTVRfX051YkpfdFRsQzNrWW5IaThsTEkySV9ESTl0VU9iVzlYSjJLZFotaEl5VS1kOFdqam9ZNVZYbmJpaUxBVlozT1AzcTlqSXVpdHZNSWduZUtFcTBMNHNDWExOZXV6UUhTM2c1Ym5VcEhhQUo0VGpCLVFzQU9xZTFwZGtzbnlDNjZOVURiUVhtUFczdmZ1aDBleVVnd0xfSkQwNVVKSDFMVk9xUGx5SmNXMmF2VHJ3NDV1dzEyMjkxMm9qVjN3VVhILUlhbk5vQXZicWlfX2FxeEZuODk5aw?oc=5\" target=\"_blank\" rel=\"noopener\">INFOGRAPHIE. Visualisez la chute des Bourses mondiales depuis la hausse des droits de douane am\u00e9ricains, et apr\u00e8s une nouvelle journ\u00e9e noire lundi<\/a>&nbsp;&nbsp;France Info<\/li>\n<li><a href=\"https:\/\/news.google.com\/rss\/articles\/CBMi8AFBVV95cUxPTnprMk4tcGVXaUZvcTkyUmF5WjV2cUtDeE1ZbzF5VWIxT0w5STAzcHdqX2RwOUd2WTlubVZGWi1OY2tlOHFnUFZ4RC1pVFRnMlNDOTBMZnlJa3IxMTI0NzdTRllVWHpDZWhNV2sxNTRJb2NFckRma1lwa2dhX1pGZDNLQkRIXzBseHhJdEExb09rS3RaTVBxRjR1V3NLYXVmb2V2ZjVVc0dNeDlfRTczM1JMUWhhclQ1anJvcEFfYjhraUxMWlZuV2JfS1MwSG1kZS1rQkdGSXBCNzc5T3FxNTZPeDhXYWlLZ0Q0dVBCMkY?oc=5\" target=\"_blank\" rel=\"noopener\">Droits de douane de Donald Trump : \u00ab\u00a0La France sera touch\u00e9e par la deuxi\u00e8me vague\u00a0\u00bb<\/a>&nbsp;&nbsp;L&rsquo;Express<\/li>\n<\/ol>\n","protected":false},"excerpt":{"rendered":"Les march\u00e9s financiers sous la pression de Donald Trump&nbsp;&nbsp;Mediapart Rebond en vue en Europe apr\u00e8s un lundi noir&hellip;\n","protected":false},"author":2,"featured_media":10672,"comment_status":"","ping_status":"","sticky":false,"template":"","format":"standard","meta":{"footnotes":""},"categories":[2],"tags":[11,340,75,2388,73,590,1011,27,12],"class_list":{"0":"post-10671","1":"post","2":"type-post","3":"status-publish","4":"format-standard","5":"has-post-thumbnail","7":"category-actualites","8":"tag-actualites","9":"tag-bourse","10":"tag-donald-trump","11":"tag-droits-de-douane","12":"tag-etats-unis","13":"tag-finance","14":"tag-fr","15":"tag-france","16":"tag-news"},"share_on_mastodon":{"url":"https:\/\/pubeurope.com\/@fr\/114303353728067651","error":""},"_links":{"self":[{"href":"https:\/\/www.europesays.com\/fr\/wp-json\/wp\/v2\/posts\/10671","targetHints":{"allow":["GET"]}}],"collection":[{"href":"https:\/\/www.europesays.com\/fr\/wp-json\/wp\/v2\/posts"}],"about":[{"href":"https:\/\/www.europesays.com\/fr\/wp-json\/wp\/v2\/types\/post"}],"author":[{"embeddable":true,"href":"https:\/\/www.europesays.com\/fr\/wp-json\/wp\/v2\/users\/2"}],"replies":[{"embeddable":true,"href":"https:\/\/www.europesays.com\/fr\/wp-json\/wp\/v2\/comments?post=10671"}],"version-history":[{"count":0,"href":"https:\/\/www.europesays.com\/fr\/wp-json\/wp\/v2\/posts\/10671\/revisions"}],"wp:featuredmedia":[{"embeddable":true,"href":"https:\/\/www.europesays.com\/fr\/wp-json\/wp\/v2\/media\/10672"}],"wp:attachment":[{"href":"https:\/\/www.europesays.com\/fr\/wp-json\/wp\/v2\/media?parent=10671"}],"wp:term":[{"taxonomy":"category","embeddable":true,"href":"https:\/\/www.europesays.com\/fr\/wp-json\/wp\/v2\/categories?post=10671"},{"taxonomy":"post_tag","embeddable":true,"href":"https:\/\/www.europesays.com\/fr\/wp-json\/wp\/v2\/tags?post=10671"}],"curies":[{"name":"wp","href":"https:\/\/api.w.org\/{rel}","templated":true}]}}