{"id":106713,"date":"2025-05-17T10:10:09","date_gmt":"2025-05-17T10:10:09","guid":{"rendered":"https:\/\/www.europesays.com\/fr\/106713\/"},"modified":"2025-05-17T10:10:09","modified_gmt":"2025-05-17T10:10:09","slug":"vimoutiers-des-collegiens-ont-sejourne-en-allemagne","status":"publish","type":"post","link":"https:\/\/www.europesays.com\/fr\/106713\/","title":{"rendered":"Vimoutiers. Des coll\u00e9giens ont s\u00e9journ\u00e9 en Allemagne"},"content":{"rendered":"<p>Un groupe de quatorze \u00e9l\u00e8ves germanistes du coll\u00e8ge H\u00e9e-Fergant s\u2019est rendu du lundi\u00a05 au samedi 10\u00a0mai, \u00e0 Sontra, ville allemande jumel\u00e9e avec Vimoutiers.<\/p>\n<p>Ce s\u00e9jour s\u2019inscrit dans les \u00e9changes entre correspondants, relanc\u00e9s par l\u2019\u00e9tablissement, \u00e0 compter de 2019, interrompus durant la pand\u00e9mie, mais repris depuis. Le groupe \u00e9tait encadr\u00e9 par leurs professeures d\u2019allemand et de fran\u00e7ais\u00a0Mmes\u00a0Courtois et L\u00e9chevin. Ce s\u00e9jour intervient \u00a0apr\u00e8s la venue de correspondants allemands au printemps 2024\u00a0\u00bb, rappelle Sophie L\u00e9chevin, l\u2019\u00e9change alternant d\u2019une ann\u00e9e sur l\u2019autre entre les deux \u00e9tablissements.<\/p>\n<p>Apr\u00e8s une premi\u00e8re journ\u00e9e en immersion dans le quotidien des \u00e9l\u00e8ves allemands au coll\u00e8ge de Sontra, o\u00f9 le groupe a \u00e9t\u00e9 accueilli par le bourgmestre et le principal, leurs journ\u00e9es ont \u00e9t\u00e9 rythm\u00e9es par diverses visites des villes d\u2019Erfurt (ville de l\u2019est r\u00e9nov\u00e9e), Francfort, et par une randonn\u00e9e \u00e0 la fronti\u00e8re de l\u2019est avec la visite d\u2019un mus\u00e9e sur l\u2019ex-Allemagne de l\u2019Est. \u00a0Les \u00e9l\u00e8ves ont ador\u00e9 le pays et l\u2019autonomie qui leur a \u00e9t\u00e9 laiss\u00e9e\u00a0\u00bb, indique Sophie L\u00e9chevin.<\/p>\n<p>\u00a0<\/p>\n","protected":false},"excerpt":{"rendered":"Un groupe de quatorze \u00e9l\u00e8ves germanistes du coll\u00e8ge H\u00e9e-Fergant s\u2019est rendu du lundi\u00a05 au samedi 10\u00a0mai, \u00e0 Sontra,&hellip;\n","protected":false},"author":2,"featured_media":106714,"comment_status":"","ping_status":"","sticky":false,"template":"","format":"standard","meta":{"footnotes":""},"categories":[1587],"tags":[11,14015,672,1804,6340,1805,1803,1777,674,1801,12,1802,11581,22378],"class_list":{"0":"post-106713","1":"post","2":"type-post","3":"status-publish","4":"format-standard","5":"has-post-thumbnail","7":"category-allemagne","8":"tag-actualites","9":"tag-alencon","10":"tag-allemagne","11":"tag-bundesrepublik-deutschland","12":"tag-collegiens","13":"tag-de","14":"tag-deutschland","15":"tag-eu","16":"tag-europe","17":"tag-germany","18":"tag-news","19":"tag-republique-federale-dallemagne","20":"tag-sejourne","21":"tag-vimoutiers"},"share_on_mastodon":{"url":"https:\/\/pubeurope.com\/@fr\/114522634635008800","error":""},"_links":{"self":[{"href":"https:\/\/www.europesays.com\/fr\/wp-json\/wp\/v2\/posts\/106713","targetHints":{"allow":["GET"]}}],"collection":[{"href":"https:\/\/www.europesays.com\/fr\/wp-json\/wp\/v2\/posts"}],"about":[{"href":"https:\/\/www.europesays.com\/fr\/wp-json\/wp\/v2\/types\/post"}],"author":[{"embeddable":true,"href":"https:\/\/www.europesays.com\/fr\/wp-json\/wp\/v2\/users\/2"}],"replies":[{"embeddable":true,"href":"https:\/\/www.europesays.com\/fr\/wp-json\/wp\/v2\/comments?post=106713"}],"version-history":[{"count":0,"href":"https:\/\/www.europesays.com\/fr\/wp-json\/wp\/v2\/posts\/106713\/revisions"}],"wp:featuredmedia":[{"embeddable":true,"href":"https:\/\/www.europesays.com\/fr\/wp-json\/wp\/v2\/media\/106714"}],"wp:attachment":[{"href":"https:\/\/www.europesays.com\/fr\/wp-json\/wp\/v2\/media?parent=106713"}],"wp:term":[{"taxonomy":"category","embeddable":true,"href":"https:\/\/www.europesays.com\/fr\/wp-json\/wp\/v2\/categories?post=106713"},{"taxonomy":"post_tag","embeddable":true,"href":"https:\/\/www.europesays.com\/fr\/wp-json\/wp\/v2\/tags?post=106713"}],"curies":[{"name":"wp","href":"https:\/\/api.w.org\/{rel}","templated":true}]}}