{"id":106717,"date":"2025-05-17T10:12:10","date_gmt":"2025-05-17T10:12:10","guid":{"rendered":"https:\/\/www.europesays.com\/fr\/106717\/"},"modified":"2025-05-17T10:12:10","modified_gmt":"2025-05-17T10:12:10","slug":"entre-pro-et-anti-ue-la-pologne-doit-trancher-lors-de-ses-elections-presidentielles-extremement-importantes","status":"publish","type":"post","link":"https:\/\/www.europesays.com\/fr\/106717\/","title":{"rendered":"Entre pro et anti-UE, la Pologne doit trancher lors de ses \u00e9lections pr\u00e9sidentielles \u00ab\u00a0extr\u00eamement importantes\u00a0\u00bb"},"content":{"rendered":"<p>Rester divis\u00e9 ou s&rsquo;unir<\/p>\n<p class=\"ap-StoryElement ap-StoryElement--mb ap-StoryText\">Apr\u00e8s 10 ans d&rsquo;une politique anti-immigration, antieurop\u00e9enne et anti-avortement du pr\u00e9sident sortant Andrzej Duda \u2013 et de son parti ultra-conservateur PiS (Droit et Justice) \u2013 les Polonais doivent se choisir un nouveau pr\u00e9sident. Une \u00e9lection que Jean-Michel De Waele, professeur de science politique \u00e0 l&rsquo;ULB, qualifie \u00ab\u00a0d&rsquo;extr\u00eamement importante. Parce que si le candidat lib\u00e9ral l&#8217;emporte (NdlR. Rafal Trzaskowski, voir ci-dessous), \u00e7a pousse la Pologne de fa\u00e7on non n\u00e9gligeable vers le monde occidental et la dresse comme un grand pays de l&rsquo;Union europ\u00e9enne. Un pays incontournable pour sa d\u00e9fense et sa construction.\u00a0\u00bb<\/p>\n<p class=\"ap-StoryElement ap-StoryElement--mb ap-StoryText\">Un tout autre sc\u00e9nario est tout fois possible. Car si le candidat progressiste Rafal Trzaskwoski \u2013 du m\u00eame parti que le Premier ministre Donald Tusk \u2013 est favori, la droite conservatrice est en embuscade. \u00c0 commencer par le candidat que le parti de l&rsquo;actuel pr\u00e9sident, le PiS, soutient : Karol Nawrocki. \u00ab\u00a0S&rsquo;il l&#8217;emporte, on se dirige vers une Pologne toujours aussi divis\u00e9e avec un gouvernement bloqu\u00e9 par le pr\u00e9sident et son droit de veto\u00a0\u00bb, pr\u00e9vient Jean-Michel De Waele. Fr\u00e9quemment utilis\u00e9 par Andrzej Duda pour limiter les avanc\u00e9es que souhaite le gouvernement progressiste et pro-europ\u00e9en de Donald Tusk, ce veto pr\u00e9sidentiel a \u00e9galement une cons\u00e9quence indirecte : les promesses du Premier ministre ont du mal \u00e0 entrer en application, de quoi provoquer la d\u00e9ception de la population.<\/p>\n<p>\u00ab\u00a0Pas de surprise\u00a0\u00bb<\/p>\n<p class=\"ap-StoryElement ap-StoryElement--mb ap-StoryText\">Un autre candidat, encore plus \u00e0 droite lui, va tenter ce dimanche de jouer les trouble-f\u00eates. Star des r\u00e9seaux sociaux et admirateur de Donald Trump (voir ci-dessous), Slawomir Mentzen pourra-t-il cr\u00e9er la surprise ? Jean-Michel De Waele n&rsquo;y croit pas. \u00ab\u00a0Malgr\u00e9 la surprise de l&rsquo;\u00e9lection roumaine o\u00f9 un candidat totalement inconnu trois semaines avant l&rsquo;\u00e9lection est arriv\u00e9 en t\u00eate, il faut rester prudent.\u00a0\u00bb Notamment parce qu&rsquo;il estime que \u00ab\u00a0les sondages sont assez fiables en Pologne\u00a0\u00bb. Des sondages qui sont assez clairs : Trzaskwoski et Nawrocki se retrouveront au second tour, pr\u00e9vu le premier juin. \u00ab\u00a0Il n&rsquo;y a pas de grande surprise \u00e0 attendre\u00a0\u00bb, pr\u00e9dit-il.<\/p>\n<p class=\"ap-StoryElement ap-StoryElement--mb ap-StoryText\">Et si grande surprise il devait y avoir, avec une qualification du candidat d&rsquo;extr\u00eame droite, \u00ab\u00a0cela assurerait la victoire de son opposant au second tour\u00a0\u00bb, estime Jean-Michel De Waele. \u00ab\u00a0M\u00eame certains \u00e9lecteurs du PiS, qui sont de droite conservatrice, ne voteraient pas pour un candidat aussi extr\u00e9miste.\u00a0\u00bb<\/p>\n<p>Les favoris pour succ\u00e9der \u00e0 Andrzej Duda<\/p>\n<p class=\"ap-StoryElement ap-StoryElement--mb ap-StoryText\"><b>Rafa\u0142 Trzaskowski (PO)<\/b><\/p>\n<p><img loading=\"lazy\" decoding=\"async\" class=\"w-full lazyload lazyload--opacity object-contain\" style=\"aspect-ratio:150 \/ 100;opacity:1\" alt=\"Warsaw's mayor and member of Poland\ufffds ruling Civic Coalition party Rafal Trzaskowski shows a victory sign after the presidential debate in Polish National Television headquarters in Warsaw on May 12, 2025. Poland will hold presidential election on May 18, 2025. (Photo by Wojtek RADWANSKI \/ AFP)\" width=\"768\" height=\"512\" fetchpriority=\"auto\" src=\"https:\/\/www.europesays.com\/fr\/wp-content\/uploads\/2025\/05\/S5VKD3X55FFF3BW6V4SEHXNP7I.png\"  data- data-optimumx=\"1\"\/>Maire de Varsovie, Rafal Trzaskowski est le candidat pl\u00e9biscit\u00e9 par le parti du Premier ministre Donald Tusk.  \u00a9AFP or licensors<\/p>\n<p class=\"ap-StoryElement ap-StoryElement--mb ap-StoryText\">Favori de l&rsquo;\u00e9lection avec 34 % d&rsquo;intentions de vote, Rafal Trzaskowski est l&rsquo;actuel maire de Varsovie, la capitale polonaise. Candidat pour le parti PO (Plateforme citoyenne) du Premier ministre Donald Tusk, il esp\u00e8re obtenir sa revanche, lui qui avait \u00e9t\u00e9 battu de peu par Andrzej Duda aux \u00e9lections de 2020. Progressiste, il milite pour revenir sur la (quasi) interdiction de l&rsquo;avortement, pour donner plus de droits \u00e0 la communaut\u00e9 LGBTQIA + et pour soutenir le gouvernement pro-europ\u00e9en en place.<\/p>\n<p class=\"ap-StoryElement ap-StoryElement--mb ap-StoryText\"><b>Karol Nawrocki (PiS)<\/b><\/p>\n<p><img loading=\"lazy\" decoding=\"async\" class=\"w-full lazyload lazyload--opacity object-contain\" style=\"aspect-ratio:150 \/ 100;opacity:1\" alt=\"Karol Nawrocki, candidate for the 2025 Polish presidential election supported by Poland's right-wing Law and Justice (PiS) party, greets supporters from his campaign van after a presidential debate at the Polish National Television headquarters in Warsaw on May 12, 2025. Poland will hold presidential election on May 18, 2025. (Photo by Wojtek RADWANSKI \/ AFP)\" width=\"768\" height=\"512\" fetchpriority=\"auto\" src=\"https:\/\/www.europesays.com\/fr\/wp-content\/uploads\/2025\/05\/S5VKD3X55FFF3BW6V4SEHXNP7I.png\"  data- data-optimumx=\"1\"\/>Karol Nawrocki, candidate for the 2025 Polish presidential election supported by Poland&rsquo;s right-wing Law and Justice (PiS) party, greets supporters from his campaign van after a presidential debate at the Polish National Television headquarters in Warsaw on May 12, 2025. Poland will hold presidential election on May 18, 2025. (Photo by Wojtek RADWANSKI \/ AFP) \u00a9AFP or licensors<\/p>\n<p class=\"ap-StoryElement ap-StoryElement--mb ap-StoryText\">Historien de formation, Karol Nawrocki est officiellement un candidat ind\u00e9pendant. Il est n\u00e9anmoins soutenu par le PiS (Droit et Justice), le parti eurosceptique et ultra-conservateur du pr\u00e9sident sortant, Andrzej Duda. Pl\u00e9biscit\u00e9 par 25 % des intentions de vote, il met l&rsquo;immigration au c\u0153ur de la campagne et fait campagne avec un slogan aux \u00e9lans trumpistes : \u00ab\u00a0La Pologne d&rsquo;abord\u00a0\u00bb. Durant la campagne, Nawrocki n&rsquo;a pas \u00e9chapp\u00e9 aux scandales. Entre liens avec des membres de groupes criminels ou n\u00e9onazis, m\u00eame son parti semble se d\u00e9tacher de lui. Tout profit pour Slawomir Mentzen.<\/p>\n<p class=\"ap-StoryElement ap-StoryElement--mb ap-StoryText\"><b>Slawomir Mentzen (Conf\u00e9d\u00e9ration)<\/b><\/p>\n<p><img loading=\"lazy\" decoding=\"async\" class=\"w-full lazyload lazyload--opacity object-contain\" style=\"aspect-ratio:150 \/ 100;opacity:1\" alt=\"Presidential candidate of the far-right Confederation party Slawomir Mentzen speaks during a campaign rally in Warsaw on May 10, 2025. (Photo by Wojtek RADWANSKI \/ AFP)\" width=\"768\" height=\"512\" fetchpriority=\"auto\" src=\"https:\/\/www.europesays.com\/fr\/wp-content\/uploads\/2025\/05\/S5VKD3X55FFF3BW6V4SEHXNP7I.png\"  data- data-optimumx=\"1\"\/>Presidential candidate of the far-right Confederation party Slawomir Mentzen speaks during a campaign rally in Warsaw on May 10, 2025. (Photo by Wojtek RADWANSKI \/ AFP) \u00a9AFP or licensors<\/p>\n<p class=\"ap-StoryElement ap-StoryElement--mb ap-StoryText\">Lui aussi fait de l&rsquo;immigration son cheval de bataille dans la campagne pr\u00e9sidentielle. Multimillionnaire et star des r\u00e9seaux sociaux avec plus de 1,6 million d&rsquo;abonn\u00e9s sur TikTok, Slawomir Mentzen entend bien profiter de la baisse de popularit\u00e9 du candidat PiS, Nawrocki, pour se saisir des voix des Polonais conservateurs. Eurosceptique, oppos\u00e9 \u00e0 l&rsquo;avortement ouvert \u00e0 la lib\u00e9ralisation de la l\u00e9gislation des armes \u00e0 feu et tr\u00e8s critique envers l&rsquo;immigration \u2013 qualifiant notamment les r\u00e9fugi\u00e9s ukrainiens \u00ab\u00a0d&rsquo;ingrats\u00a0\u00bb \u2013 il copr\u00e9side le parti d&rsquo;extr\u00eame droite Conf\u00e9d\u00e9ration.<\/p>\n","protected":false},"excerpt":{"rendered":"Rester divis\u00e9 ou s&rsquo;unir Apr\u00e8s 10 ans d&rsquo;une politique anti-immigration, antieurop\u00e9enne et anti-avortement du pr\u00e9sident sortant Andrzej Duda&hellip;\n","protected":false},"author":2,"featured_media":106718,"comment_status":"","ping_status":"","sticky":false,"template":"","format":"standard","meta":{"footnotes":""},"categories":[1586],"tags":[11,1777,674,1779,1011,27,1227,12,25,1778,364],"class_list":{"0":"post-106717","1":"post","2":"type-post","3":"status-publish","4":"format-standard","5":"has-post-thumbnail","7":"category-europe","8":"tag-actualites","9":"tag-eu","10":"tag-europe","11":"tag-european-union","12":"tag-fr","13":"tag-france","14":"tag-horizontal","15":"tag-news","16":"tag-republique-francaise","17":"tag-ue","18":"tag-union-europeenne"},"share_on_mastodon":{"url":"https:\/\/pubeurope.com\/@fr\/114522642669247400","error":""},"_links":{"self":[{"href":"https:\/\/www.europesays.com\/fr\/wp-json\/wp\/v2\/posts\/106717","targetHints":{"allow":["GET"]}}],"collection":[{"href":"https:\/\/www.europesays.com\/fr\/wp-json\/wp\/v2\/posts"}],"about":[{"href":"https:\/\/www.europesays.com\/fr\/wp-json\/wp\/v2\/types\/post"}],"author":[{"embeddable":true,"href":"https:\/\/www.europesays.com\/fr\/wp-json\/wp\/v2\/users\/2"}],"replies":[{"embeddable":true,"href":"https:\/\/www.europesays.com\/fr\/wp-json\/wp\/v2\/comments?post=106717"}],"version-history":[{"count":0,"href":"https:\/\/www.europesays.com\/fr\/wp-json\/wp\/v2\/posts\/106717\/revisions"}],"wp:featuredmedia":[{"embeddable":true,"href":"https:\/\/www.europesays.com\/fr\/wp-json\/wp\/v2\/media\/106718"}],"wp:attachment":[{"href":"https:\/\/www.europesays.com\/fr\/wp-json\/wp\/v2\/media?parent=106717"}],"wp:term":[{"taxonomy":"category","embeddable":true,"href":"https:\/\/www.europesays.com\/fr\/wp-json\/wp\/v2\/categories?post=106717"},{"taxonomy":"post_tag","embeddable":true,"href":"https:\/\/www.europesays.com\/fr\/wp-json\/wp\/v2\/tags?post=106717"}],"curies":[{"name":"wp","href":"https:\/\/api.w.org\/{rel}","templated":true}]}}