{"id":1067252,"date":"2026-07-16T00:43:43","date_gmt":"2026-07-16T00:43:43","guid":{"rendered":"https:\/\/www.europesays.com\/fr\/1067252\/"},"modified":"2026-07-16T00:43:43","modified_gmt":"2026-07-16T00:43:43","slug":"en-visite-sur-le-plateau-de-demain-nous-appartient-stephane-henon-plus-belle-la-vie-retrouve-son-fils-marceau-milo","status":"publish","type":"post","link":"https:\/\/www.europesays.com\/fr\/1067252\/","title":{"rendered":"En visite sur le plateau de Demain nous appartient, St\u00e9phane Henon (Plus belle la vie) retrouve son fils Marceau (Milo)"},"content":{"rendered":"<p>Le plateau de Demain nous appartient a \u00e9t\u00e9 le cadre de retrouvailles entre St\u00e9phane Henon et son fils Marceau, qui joue le r\u00f4le du petit Milot dans le feuilleton de TF1. L&rsquo;occasion d&rsquo;un bel \u00e9change que l&rsquo;acteur de Plus belle la vie a post\u00e9 sur son compte Instagram. <\/p>\n<p>Des plateaux de <b>Plus belle la vie<\/b> \u00e0 ceux de <b>Demain nous appartient<\/b><b>,<\/b> il n&rsquo;y a qu&rsquo;un pas que <b>St\u00e9phane Henon<\/b> a volontiers franchi. L&rsquo;interpr\u00e8te de <a href=\"https:\/\/www.programme-tv.net\/biographie\/293995-boher-jean-paul\/\" data-link-people=\"09b91a90-9d51-41fd-a8ae-8447c71e257e\" rel=\"nofollow noopener\" target=\"_blank\">Jean-Paul Boher<\/a> dans le feuilleton de TF1 avait une bonne raison de se rendre \u00e0 Montpellier puisque, <a href=\"https:\/\/www.programme-tv.net\/news\/series-tv\/399743-demain-nous-appartient-le-fils-d-un-acteur-de-plus-belle-la-vie-et-beau-fils-d-alexandre-brasseur-vient-d-arriver-dans-la-serie\/\" data-api-deeplink=\"teleloisirs:\/\/news\/399743\" rel=\"nofollow noopener\" target=\"_blank\">Marceau<\/a>, le deuxi\u00e8me gar\u00e7on n\u00e9 de son union avec son ex-\u00e9pouse Isabelle Regourd, <a href=\"https:\/\/www.programme-tv.net\/news\/series-tv\/399814-exclu-stephane-henon-plus-belle-la-vie-reagit-a-l-arrivee-de-son-fils-marceau-dans-demain-nous-appartient-franchement-il-est-incroyable\/\" data-api-deeplink=\"teleloisirs:\/\/news\/399814\" rel=\"nofollow noopener\" target=\"_blank\">a int\u00e9gr\u00e9 le casting de la s\u00e9rie quotidienne de le Une<\/a>.<\/p>\n<p>Marceau H\u00e9non incarne Milo, un petit gar\u00e7on dont Alex se prend d&rsquo;affection, jou\u00e9 dans DNA par Alexandre Brasseur, le nouveau compagnon d&rsquo;<a href=\"https:\/\/www.programme-tv.net\/news\/people\/338094-alexandre-brasseur-demain-nous-appartient-qui-est-sa-femme-isabelle-regourd\/\" data-api-deeplink=\"teleloisirs:\/\/news\/338094\" rel=\"nofollow noopener\" target=\"_blank\">Isabelle Regourd<\/a>. Une relation fusionnelle se noue entre Alex et l&rsquo;enfant, qui finit par consid\u00e9rer l&rsquo;ostr\u00e9iculteur comme son p\u00e8re. Alex se retrouve alors dans une situation d\u00e9licate et doit, bien que cela le chagrine, prendre ses distances avec le gar\u00e7on.<\/p>\n<p>                        St\u00e9phane Henon (Plus belle la vie) rend visite \u00e0 son fils sur le plateau de Demain nous appartient<\/p>\n<p>P\u00e8re et fils ont pu partager un moment de complicit\u00e9 sur les plateaux de la s\u00e9rie quotidienne de TF1, comme on peut le voir dans une vid\u00e9o post\u00e9e par St\u00e9phane Henon. L&rsquo;acteur vu dans la saison 10 de L\u00e9o Matt\u00e9\u00ef, Brigade des mineurs et dans <a href=\"https:\/\/www.programme-tv.net\/news\/series-tv\/354580-meurtres-a-arles-faut-il-regarder-l-episode-inedit-avec-francois-david-cardonnel-et-stephane-blancafort-diffuse-ce-samedi-8-juin-sur-france-3-notre-avis\/\" data-api-deeplink=\"teleloisirs:\/\/news\/354580\" rel=\"nofollow noopener\" target=\"_blank\">Meurtres \u00e0 Arles <\/a>a rendu visite \u00e0 Marceau, son fils de 10 ans, qui suit les pas de son p\u00e8re dans la com\u00e9die.<\/p>\n<p>\u00ab\u00a0Je l&rsquo;ai emmen\u00e9 au casting. Il a fait trois prises parfaites. On \u00e9tait bluff\u00e9\u00a0! Et l\u00e0, \u00e7a fait trois soirs que je regarde. Il m&rsquo;\u00e9tonne \u00e0 chaque fois. Franchement, il est incroyable. C&rsquo;est la mignonnerie incarn\u00e9e\u00a0!\u00a0\u00bb avait confi\u00e9 St\u00e9phane Henon \u00e0 T\u00e9l\u00e9-Loisirs, au festival S\u00e9ries Mania de Lille.<\/p>\n<p>St\u00e9phane Henon (Plus belle la vie) partage un tendre moment avec son fils sur le tournage de Demain nous appartient<\/p>\n<p>Dans cette petite vid\u00e9o pleine de tendresse, St\u00e9phane H\u00e9non plaisante avec son fils, tout sourire, au sujet du nouveau d\u00e9cor des Halles de <b>Demain nous appartient<\/b>, avant de lui d\u00e9poser deux tendres bisous sur les cheveux. Un moment de complicit\u00e9 touchant qui devrait attendrir tous les fans de leurs feuilletons respectifs.<\/p>\n<p>Marceau devrait bient\u00f4t avoir d&rsquo;autres s\u00e9quences importantes dans <b>Demain nous appartient<\/b>, alors que sa relation avec Alex prend une tournure encore plus dramatique. Alex sera en effet amen\u00e9 \u00e0 le recadrer avec fermet\u00e9. De quoi impressionner une nouvelle fois son p\u00e8re !<\/p>\n<blockquote class=\"instagram-media\" data-instgrm-captioned=\"\" data-instgrm-permalink=\"https:\/\/www.instagram.com\/reel\/Daz3-AMNDJs\/?utm_source=ig_embed&amp;utm_campaign=loading\" data-instgrm-version=\"14\" style=\" background:#FFF; border:0; border-radius:3px; box-shadow:0 0 1px 0 rgba(0,0,0,0.5),0 1px 10px 0 rgba(0,0,0,0.15); margin: 1px; max-width:658px; min-width:326px; padding:0; width:99.375%; width:-webkit-calc(100% - 2px); width:calc(100% - 2px);\"\/>\n<p>        <script async src=\"\/\/www.instagram.com\/embed.js\"><\/script><\/p>\n","protected":false},"excerpt":{"rendered":"Le plateau de Demain nous appartient a \u00e9t\u00e9 le cadre de retrouvailles entre St\u00e9phane Henon et son fils&hellip;\n","protected":false},"author":2,"featured_media":1067253,"comment_status":"","ping_status":"","sticky":false,"template":"","format":"standard","meta":{"footnotes":"","_share_on_mastodon":"0"},"categories":[1356],"tags":[40038,4548,244,3598,58,59,1011,27,110536,1368,86115,252,1364,110537],"class_list":["post-1067252","post","type-post","status-publish","format-standard","has-post-thumbnail","category-television","tag-alexandre-brasseur","tag-channel_tl-story","tag-commentaire","tag-demain-nous-appartient","tag-divertissement","tag-entertainment","tag-fr","tag-france","tag-guid_6264724864001","tag-plus-belle-la-vie","tag-stu00e9phane-henon","tag-television","tag-tv","tag-uuid_e800b3f3-92a5-44f4-9eae-bec82cc19dd7"],"share_on_mastodon":{"url":"https:\/\/pubeurope.com\/@fr\/116926887008422545","error":""},"_links":{"self":[{"href":"https:\/\/www.europesays.com\/fr\/wp-json\/wp\/v2\/posts\/1067252","targetHints":{"allow":["GET"]}}],"collection":[{"href":"https:\/\/www.europesays.com\/fr\/wp-json\/wp\/v2\/posts"}],"about":[{"href":"https:\/\/www.europesays.com\/fr\/wp-json\/wp\/v2\/types\/post"}],"author":[{"embeddable":true,"href":"https:\/\/www.europesays.com\/fr\/wp-json\/wp\/v2\/users\/2"}],"replies":[{"embeddable":true,"href":"https:\/\/www.europesays.com\/fr\/wp-json\/wp\/v2\/comments?post=1067252"}],"version-history":[{"count":0,"href":"https:\/\/www.europesays.com\/fr\/wp-json\/wp\/v2\/posts\/1067252\/revisions"}],"wp:featuredmedia":[{"embeddable":true,"href":"https:\/\/www.europesays.com\/fr\/wp-json\/wp\/v2\/media\/1067253"}],"wp:attachment":[{"href":"https:\/\/www.europesays.com\/fr\/wp-json\/wp\/v2\/media?parent=1067252"}],"wp:term":[{"taxonomy":"category","embeddable":true,"href":"https:\/\/www.europesays.com\/fr\/wp-json\/wp\/v2\/categories?post=1067252"},{"taxonomy":"post_tag","embeddable":true,"href":"https:\/\/www.europesays.com\/fr\/wp-json\/wp\/v2\/tags?post=1067252"}],"curies":[{"name":"wp","href":"https:\/\/api.w.org\/{rel}","templated":true}]}}