{"id":106729,"date":"2025-05-17T10:19:08","date_gmt":"2025-05-17T10:19:08","guid":{"rendered":"https:\/\/www.europesays.com\/fr\/106729\/"},"modified":"2025-05-17T10:19:08","modified_gmt":"2025-05-17T10:19:08","slug":"atp-geneve-djokovic-sait-ce-qui-lattend-avant-roland-garros","status":"publish","type":"post","link":"https:\/\/www.europesays.com\/fr\/106729\/","title":{"rendered":"ATP &#8211; Gen\u00e8ve > Djokovic sait ce qui l&rsquo;attend avant Roland-Garros !"},"content":{"rendered":"<p>Apr\u00e8s avoir perdu d\u00e8s son entr\u00e9e en lice \u00e0 Monte\u2010Carlo et Madrid, puis fait forfait \u00e0 Rome, Novak Djokovic a d\u00e9cid\u00e9, comme l\u2019ann\u00e9e derni\u00e8re, de parti\u00adciper \u00e0 l\u2019ATP 250 de Gen\u00e8ve (18 au 25 mai) la semaine pr\u00e9c\u00e9\u00addant Roland\u2010Garros (25 mai au 8\u00a0juin).\u00a0<\/p>\n<p>Le tirage au sort ayant d\u00e9j\u00e0 eu lieu, l\u2019homme aux 24 titres du Grand Chelem a pu prendre de ses poten\u00adtiels adver\u00adsaires, face \u00e0 qui il tentera de reprendre confiance et de monter en puissance.\u00a0<\/p>\n<p>D\u00e8s son deuxi\u00e8me match, en quarts de finale, le Serbe pour\u00adrait retrouver Matteo Arnaldi, contre qui il s\u2019est inclin\u00e9 \u00e0 Madrid.\u00a0<\/p>\n<blockquote class=\"twitter-tweet\">\n<p lang=\"und\" dir=\"ltr\">\ud83c\uddf7\ud83c\uddf8\ud83c\udde8\ud83c\udded Novak Djokovic\u2019s 2025 draw for the ATP 250 event in Geneva\u00a0:<\/p>\n<p>R1 \u2013 Bye<br \/>R2 \u2013 Fucsovics\/Bergs<br \/>QF \u2013 Marozsan\/Arnaldi\/Gaston<br \/>SF \u2013 Machac\/Popyrin\/Jarry\/Lajovic<br \/>F \u2013 Fritz\/Khachanov\/Hurkacz<\/p>\n<p>\ud83d\udcf8 Peter Staples <a href=\"https:\/\/t.co\/plZ8C8ywxI\" data-wpel-link=\"external\" target=\"_blank\" rel=\"nofollow external noopener\">pic.twitter.com\/plZ8C8ywxI<\/a><\/p>\n<p>\u2014 Olly Tennis \ud83c\udfbe\ud83c\uddec\ud83c\udde7 (@Olly_Tennis_) <a href=\"https:\/\/twitter.com\/Olly_Tennis_\/status\/1923435157752529239?ref_src=twsrc%5Etfw\" data-wpel-link=\"external\" target=\"_blank\" rel=\"nofollow external noopener\">May 16,\u00a02025<\/a><\/p><\/blockquote>\n<p>J\u20111 avant le d\u00e9but du tournoi en Suisse.\u00a0<\/p>\n<p class=\"post-published-date\" style=\"color: silver; font-size: 75%; text-align: left;\">Publi\u00e9 le samedi 17 mai 2025 \u00e0 09:58<\/p>\n<p><script async src=\"https:\/\/platform.twitter.com\/widgets.js\" charset=\"utf-8\"><\/script><\/p>\n","protected":false},"excerpt":{"rendered":"Apr\u00e8s avoir perdu d\u00e8s son entr\u00e9e en lice \u00e0 Monte\u2010Carlo et Madrid, puis fait forfait \u00e0 Rome, Novak&hellip;\n","protected":false},"author":2,"featured_media":59078,"comment_status":"","ping_status":"","sticky":false,"template":"","format":"standard","meta":{"footnotes":""},"categories":[1415],"tags":[105,1011,27,5442,60,1467],"class_list":{"0":"post-106729","1":"post","2":"type-post","3":"status-publish","4":"format-standard","5":"has-post-thumbnail","7":"category-tennis","8":"tag-djokovic","9":"tag-fr","10":"tag-france","11":"tag-khachanov","12":"tag-sports","13":"tag-tennis"},"share_on_mastodon":{"url":"https:\/\/pubeurope.com\/@fr\/114522669931961267","error":""},"_links":{"self":[{"href":"https:\/\/www.europesays.com\/fr\/wp-json\/wp\/v2\/posts\/106729","targetHints":{"allow":["GET"]}}],"collection":[{"href":"https:\/\/www.europesays.com\/fr\/wp-json\/wp\/v2\/posts"}],"about":[{"href":"https:\/\/www.europesays.com\/fr\/wp-json\/wp\/v2\/types\/post"}],"author":[{"embeddable":true,"href":"https:\/\/www.europesays.com\/fr\/wp-json\/wp\/v2\/users\/2"}],"replies":[{"embeddable":true,"href":"https:\/\/www.europesays.com\/fr\/wp-json\/wp\/v2\/comments?post=106729"}],"version-history":[{"count":0,"href":"https:\/\/www.europesays.com\/fr\/wp-json\/wp\/v2\/posts\/106729\/revisions"}],"wp:featuredmedia":[{"embeddable":true,"href":"https:\/\/www.europesays.com\/fr\/wp-json\/wp\/v2\/media\/59078"}],"wp:attachment":[{"href":"https:\/\/www.europesays.com\/fr\/wp-json\/wp\/v2\/media?parent=106729"}],"wp:term":[{"taxonomy":"category","embeddable":true,"href":"https:\/\/www.europesays.com\/fr\/wp-json\/wp\/v2\/categories?post=106729"},{"taxonomy":"post_tag","embeddable":true,"href":"https:\/\/www.europesays.com\/fr\/wp-json\/wp\/v2\/tags?post=106729"}],"curies":[{"name":"wp","href":"https:\/\/api.w.org\/{rel}","templated":true}]}}