{"id":106730,"date":"2025-05-17T10:21:11","date_gmt":"2025-05-17T10:21:11","guid":{"rendered":"https:\/\/www.europesays.com\/fr\/106730\/"},"modified":"2025-05-17T10:21:11","modified_gmt":"2025-05-17T10:21:11","slug":"razgatlioglu-en-motogp-yamaha-attendra-lete-pour-se-decider","status":"publish","type":"post","link":"https:\/\/www.europesays.com\/fr\/106730\/","title":{"rendered":"Razgatlioglu en MotoGP\u00a0?\u00a0Yamaha attendra l&rsquo;\u00e9t\u00e9 pour se d\u00e9cider"},"content":{"rendered":"<p>L&rsquo;\u00e9ni\u00e8me vague de sp\u00e9culations concernant une potentielle arriv\u00e9e de <a href=\"https:\/\/fr.motorsport.com\/driver\/toprak-razgatlioglu\/178502\/\" target=\"_blank\" rel=\"noopener\">Toprak Razgatlioglu<\/a> en MotoGP pourrait bien \u00eatre la bonne. Le Turc, qui s&rsquo;est taill\u00e9 un statut de star en WorldSBK, dit \u00eatre en discussion avec plusieurs marques, avec parmi ses options une possible porte \u00e0 ouvrir en Grand Prix. Il pourrait s&rsquo;agir de celle du groupe Yamaha, constructeur pour lequel il a couru de 2020 \u00e0 2023 en d\u00e9riv\u00e9es de la s\u00e9rie et qu&rsquo;il a ramen\u00e9 au titre en 2021.<\/p>\n<p>Si son manager, Kenan Sofuoglu, devait cette fois parvenir \u00e0 mettre toutes les pi\u00e8ces du puzzle en place, c&rsquo;est chez Pramac Racing que l&rsquo;on pourrait voir Toprak Razgatlioglu poser ses valises. L&rsquo;arriv\u00e9e de l&rsquo;\u00e9quipe italienne dans le clan Yamaha cette ann\u00e9e a ouvert de nouvelles perspectives, tant pour acc\u00e9l\u00e9rer le d\u00e9veloppement de la moto que pour pouvoir accueillir de nouveaux pilotes, en plus du bin\u00f4me de l&rsquo;\u00e9quipe d&rsquo;usine form\u00e9 par <a href=\"https:\/\/fr.motorsport.com\/driver\/fabio-quartararo\/109400\/\" target=\"_blank\" rel=\"noopener\">Fabio Quartararo<\/a> et <a href=\"https:\/\/fr.motorsport.com\/driver\/alex-rins\/109402\/\" target=\"_blank\" rel=\"noopener\">\u00c1lex Rins<\/a>.<\/p>\n<p>Alors que les deux officiels sont sous contrat jusqu&rsquo;\u00e0 la fin de la saison prochaine, <a href=\"https:\/\/fr.motorsport.com\/driver\/jack-miller\/96423\/\" target=\"_blank\" rel=\"noopener\">Jack Miller<\/a> et <a href=\"https:\/\/fr.motorsport.com\/driver\/miguel-oliveira\/109382\/\" target=\"_blank\" rel=\"noopener\">Miguel Oliveira<\/a> se trouvent dans une position plus d\u00e9licate. L&rsquo;Australien n&rsquo;a pas d\u00e9m\u00e9rit\u00e9 en termes de performances depuis qu&rsquo;il est pass\u00e9 sur la M1, mais il a manqu\u00e9 de constance et de concr\u00e9tisation \u00e0 ce stade de la saison. Quant \u00e0 Oliveira, il a tout juste pu courir, mis sur la touche pendant deux mois par une blessure de l&rsquo;\u00e9paule.<\/p>\n<p>Dans ce contexte, le patron du programme, Paolo Pavesio, pr\u00e9vient qu&rsquo;il ne veut pas prendre de d\u00e9cision trop pr\u00e9coce. \u00ab\u00a0Nous n&rsquo;en sommes qu&rsquo;\u00e0 la sixi\u00e8me manche\u00a0\u00bb, a-t-il rappel\u00e9 dans une interview accord\u00e9e \u00e0 <a href=\"https:\/\/www.speedweek.com\/motogp\/news\/235852\/Yamaha-stellt-klar-So-laeuft-das-mit-Toprak-nicht.html\" target=\"_blank\" rel=\"noopener\">Speedweek<\/a>. \u00ab\u00a0Je sais bien s\u00fbr qu&rsquo;il y a une tendance \u00e0 pr\u00e9dire ce qui va se passer. [Mais] quatre \u00e9preuves Superbike ont eu lieu.\u00a0\u00bb<\/p>\n<p>\u00ab\u00a0Nous tirerons des conclusions quant \u00e0 ce que nous avons et ce que nous voulons avoir avant la pause estivale. Avant cela, ce serait trop t\u00f4t pour nos pilotes actuels. Ce serait tr\u00e8s injuste, surtout par rapport \u00e0 Miguel Oliveira, de mettre fin \u00e0 tout cela d\u00e8s \u00e0 pr\u00e9sent. Sa blessure \u00e9tait plus grave que ce que nous pensions initialement.\u00a0\u00bb<\/p>\n<p>   <img decoding=\"async\" draggable=\"false\" src=\"https:\/\/www.europesays.com\/fr\/wp-content\/uploads\/2025\/05\/jack-miller-pramac-racing.jpg\" alt=\"Jack Miller et Miguel Oliveira partagent aujourd'hui le stand Pramac Racing.\" width=\"1200\" height=\"800\" loading=\"lazy\"\/> <\/p>\n<p class=\"title\">Jack Miller et Miguel Oliveira partagent aujourd&rsquo;hui le stand Pramac Racing.<\/p>\n<p class=\"photographer\">Photo de: Pramac Racing<\/p>\n<p>Par rapport aux <a href=\"https:\/\/fr.motorsport.com\/motogp\/news\/honda-autre-marque-interessees-razgatlioglu-motogp\/10713734\/\" target=\"_self\" rel=\"noopener\">propos r\u00e9cemment tenus par Kenan Sofuoglu<\/a>, manager de Toprak Razgatlioglu, qui semblait anticiper des nouvelles rapides, Paolo Pavesio temp\u00e8re toute impatience. Il sourit\u00a0:\u00a0\u00ab\u00a0Je connais tr\u00e8s bien l&rsquo;approche de Kenan avec la presse, mais avec nous il parle de fa\u00e7on diff\u00e9rente. Heureusement, les choses sont un peu diff\u00e9rentes de ce qu&rsquo;il pr\u00e9sente aux m\u00e9dias.\u00a0\u00bb<\/p>\n<p>Pour autant, le directeur ex\u00e9cutif de Yamaha Motor Racing ne tarit pas d&rsquo;\u00e9loges sur le pilote turc, de toute \u00e9vidence l&rsquo;un de ses plus beaux atouts m\u00e9diatiques aujourd&rsquo;hui en WorldSBK. \u00ab\u00a0Il a \u00e9t\u00e9 exceptionnellement talentueux dans ce qu&rsquo;il a fait jusqu&rsquo;\u00e0 aujourd&rsquo;hui. Il y a une curiosit\u00e9 g\u00e9n\u00e9rale dans le milieu quant \u00e0 ce qu&rsquo;il peut accomplir en MotoGP. Devenir une star en MotoGP requiert du temps, du travail et une bonne adaptation. Son talent est un \u00e9tat de fait, la question est de savoir s&rsquo;il pourrait \u00e9galement le montrer en MotoGP.\u00a0\u00bb<\/p>\n<p>Dans le clan du Turc, on continue \u00e0 esp\u00e9rer un d\u00e9nouement rapide des tractations en court. Ainsi, interrog\u00e9 en ouverture du week-end WorldSBK qui se d\u00e9roule actuellement \u00e0 Most, en R\u00e9publique tch\u00e8que, Razgatlioglu a d\u00e9clar\u00e9\u00a0:\u00a0\u00ab\u00a0\u00c7a reste calme concernant mon avenir car Kenan parle encore avec certaines marques. Mais on verra, peut-\u00eatre encore une ou deux semaines.\u00a0\u00bb<\/p>\n<p>Lire aussi :<\/p>\n<p>Dans cet article<\/p>\n<p>    L\u00e9na Buffa\n<\/p>\n<p>    MotoGP\n<\/p>\n<p>    WorldSBK\n<\/p>\n<p>    Toprak Razgatlioglu\n<\/p>\n<p>    Yamaha Factory Racing\n<\/p>\n<p>    Pramac Racing\n<\/p>\n<p>Soyez le premier inform\u00e9 et souscrivez aux alertes mails pour recevoir les infos en temps r\u00e9el<\/p>\n<p>    S&rsquo;abonner aux alertes de news<\/p>\n","protected":false},"excerpt":{"rendered":"L&rsquo;\u00e9ni\u00e8me vague de sp\u00e9culations concernant une potentielle arriv\u00e9e de Toprak Razgatlioglu en MotoGP pourrait bien \u00eatre la bonne.&hellip;\n","protected":false},"author":2,"featured_media":106731,"comment_status":"","ping_status":"","sticky":false,"template":"","format":"standard","meta":{"footnotes":""},"categories":[1413],"tags":[1011,27,1457,1456,1458,3593,60,8341,11034,3796],"class_list":{"0":"post-106730","1":"post","2":"type-post","3":"status-publish","4":"format-standard","5":"has-post-thumbnail","7":"category-moto","8":"tag-fr","9":"tag-france","10":"tag-moto","11":"tag-motocycle","12":"tag-motogp","13":"tag-pramac-racing","14":"tag-sports","15":"tag-toprak-razgatlioglu","16":"tag-worldsbk","17":"tag-yamaha-factory-racing"},"share_on_mastodon":{"url":"https:\/\/pubeurope.com\/@fr\/114522677787291812","error":""},"_links":{"self":[{"href":"https:\/\/www.europesays.com\/fr\/wp-json\/wp\/v2\/posts\/106730","targetHints":{"allow":["GET"]}}],"collection":[{"href":"https:\/\/www.europesays.com\/fr\/wp-json\/wp\/v2\/posts"}],"about":[{"href":"https:\/\/www.europesays.com\/fr\/wp-json\/wp\/v2\/types\/post"}],"author":[{"embeddable":true,"href":"https:\/\/www.europesays.com\/fr\/wp-json\/wp\/v2\/users\/2"}],"replies":[{"embeddable":true,"href":"https:\/\/www.europesays.com\/fr\/wp-json\/wp\/v2\/comments?post=106730"}],"version-history":[{"count":0,"href":"https:\/\/www.europesays.com\/fr\/wp-json\/wp\/v2\/posts\/106730\/revisions"}],"wp:featuredmedia":[{"embeddable":true,"href":"https:\/\/www.europesays.com\/fr\/wp-json\/wp\/v2\/media\/106731"}],"wp:attachment":[{"href":"https:\/\/www.europesays.com\/fr\/wp-json\/wp\/v2\/media?parent=106730"}],"wp:term":[{"taxonomy":"category","embeddable":true,"href":"https:\/\/www.europesays.com\/fr\/wp-json\/wp\/v2\/categories?post=106730"},{"taxonomy":"post_tag","embeddable":true,"href":"https:\/\/www.europesays.com\/fr\/wp-json\/wp\/v2\/tags?post=106730"}],"curies":[{"name":"wp","href":"https:\/\/api.w.org\/{rel}","templated":true}]}}