{"id":106732,"date":"2025-05-17T10:22:08","date_gmt":"2025-05-17T10:22:08","guid":{"rendered":"https:\/\/www.europesays.com\/fr\/106732\/"},"modified":"2025-05-17T10:22:08","modified_gmt":"2025-05-17T10:22:08","slug":"le-groupe-du-psg-sans-absent-face-a-auxerre","status":"publish","type":"post","link":"https:\/\/www.europesays.com\/fr\/106732\/","title":{"rendered":"le groupe du PSG sans absent face \u00e0 Auxerre"},"content":{"rendered":"<p>Luis Enrique a convoqu\u00e9 tous ses joueurs pour la rencontre face \u00e0 l\u2019AJA ce samedi.<\/p>\n<p class=\"fig-paragraph\">L&rsquo;entra\u00eeneur du Paris SG, Luis Enrique, a convoqu\u00e9 l&rsquo;ensemble de l&rsquo;effectif contre Auxerre au Parc des Princes o\u00f9 sera f\u00eat\u00e9 le 13e titre de champion de France du club samedi (21h00),\u00a0<a href=\"http:\/\/www.lefigaro.fr\/sports\/football\/ligue-1\/ligue-1-podium-ligue-des-champions-ligue-europa-maintien-les-enjeux-d-une-folle-derniere-journee-20250517\" data-fig-type=\"NewsFlash\" data-gtm-custom-categorie=\"navigation\" data-gtm-custom-action=\"crossclick\" data-gtm-custom-label=\"Contextuel\" data-gtm-event=\"customEventSPE\" data-fig-domain=\"LEFIGARO\" target=\"_blank\" rel=\"noopener\">pour la derni\u00e8re journ\u00e9e de Ligue 1 aux multiples enjeux<\/a>.<\/p>\n<p class=\"fig-paragraph\">L&rsquo;attaquant Ousmane Demb\u00e9l\u00e9 et les sept autres cadres de l&rsquo;\u00e9quipe, qui ont b\u00e9n\u00e9fici\u00e9 de plusieurs jours de cong\u00e9 la semaine derni\u00e8re, sont de retour dans le groupe parisien contre l&rsquo;AJA.<\/p>\n<p class=\"fig-paragraph\">Hormis l&rsquo;absence de Presnel Kimpembe, touch\u00e9 au pied droit, l&rsquo;effectif est au complet \u00e0 une semaine de la finale de Coupe de France et \u00e0 deux semaines de la finale de la Ligue des champions.<\/p>\n","protected":false},"excerpt":{"rendered":"Luis Enrique a convoqu\u00e9 tous ses joueurs pour la rencontre face \u00e0 l\u2019AJA ce samedi. L&rsquo;entra\u00eeneur du Paris&hellip;\n","protected":false},"author":2,"featured_media":106733,"comment_status":"","ping_status":"","sticky":false,"template":"","format":"standard","meta":{"footnotes":""},"categories":[1412],"tags":[525,1981,814,1451,2257,63,1452,1453,1454,1455,1011,27,3309,66,1307,921,955,1176,978,93,1980,60],"class_list":{"0":"post-106732","1":"post","2":"type-post","3":"status-publish","4":"format-standard","5":"has-post-thumbnail","7":"category-f1","8":"tag-calendrier","9":"tag-classement","10":"tag-direct","11":"tag-f1","12":"tag-foot","13":"tag-football","14":"tag-formula-1","15":"tag-formula1","16":"tag-formule-1","17":"tag-formule1","18":"tag-fr","19":"tag-france","20":"tag-l1","21":"tag-ligue-1","22":"tag-lille","23":"tag-luis-enrique","24":"tag-match","25":"tag-olympique-de-marseille","26":"tag-olympique-lyonnais","27":"tag-psg","28":"tag-resultats","29":"tag-sports"},"share_on_mastodon":{"url":"https:\/\/pubeurope.com\/@fr\/114522681743160798","error":""},"_links":{"self":[{"href":"https:\/\/www.europesays.com\/fr\/wp-json\/wp\/v2\/posts\/106732","targetHints":{"allow":["GET"]}}],"collection":[{"href":"https:\/\/www.europesays.com\/fr\/wp-json\/wp\/v2\/posts"}],"about":[{"href":"https:\/\/www.europesays.com\/fr\/wp-json\/wp\/v2\/types\/post"}],"author":[{"embeddable":true,"href":"https:\/\/www.europesays.com\/fr\/wp-json\/wp\/v2\/users\/2"}],"replies":[{"embeddable":true,"href":"https:\/\/www.europesays.com\/fr\/wp-json\/wp\/v2\/comments?post=106732"}],"version-history":[{"count":0,"href":"https:\/\/www.europesays.com\/fr\/wp-json\/wp\/v2\/posts\/106732\/revisions"}],"wp:featuredmedia":[{"embeddable":true,"href":"https:\/\/www.europesays.com\/fr\/wp-json\/wp\/v2\/media\/106733"}],"wp:attachment":[{"href":"https:\/\/www.europesays.com\/fr\/wp-json\/wp\/v2\/media?parent=106732"}],"wp:term":[{"taxonomy":"category","embeddable":true,"href":"https:\/\/www.europesays.com\/fr\/wp-json\/wp\/v2\/categories?post=106732"},{"taxonomy":"post_tag","embeddable":true,"href":"https:\/\/www.europesays.com\/fr\/wp-json\/wp\/v2\/tags?post=106732"}],"curies":[{"name":"wp","href":"https:\/\/api.w.org\/{rel}","templated":true}]}}