{"id":106734,"date":"2025-05-17T10:23:08","date_gmt":"2025-05-17T10:23:08","guid":{"rendered":"https:\/\/www.europesays.com\/fr\/106734\/"},"modified":"2025-05-17T10:23:08","modified_gmt":"2025-05-17T10:23:08","slug":"cyclisme-tour-du-pays-basque-3","status":"publish","type":"post","link":"https:\/\/www.europesays.com\/fr\/106734\/","title":{"rendered":"Cyclisme. Tour du Pays basque"},"content":{"rendered":"<p>Gros coup dur pour l\u2019\u00e9quipe <strong>SD Worx &#8211; Protime<\/strong> avant la 2e \u00e9tape de l\u2019<strong><a href=\"https:\/\/www.cyclismactu.net\/..\/news-tour-du-pays-basque-route-mischa-bredewold-1ere-etape-van-der-breggen-terre-87883.html\" target=\"_blank\" rel=\"noopener\">Itzulia Women<\/a><\/strong>&#8230; <strong>Anna van der Breggen<\/strong> a \u00e9t\u00e9 contrainte d\u2019abandonner la course par \u00e9tapes apr\u00e8s une chute survenue lors de la premi\u00e8re journ\u00e9e, privant ainsi l\u2019\u00e9quipe de son principal espoir au classement g\u00e9n\u00e9ral. Bien que la N\u00e9erlandaise ait r\u00e9ussi \u00e0 remonter sur son v\u00e9lo apr\u00e8s sa chute et \u00e0 terminer la 1\u00e8re \u00e9tape &#8211; avec plus de 40 secondes de retard sur sa co\u00e9quipi\u00e8re <strong>Mischa Bredewold<\/strong>, vainqueure de l\u2019\u00e9tape &#8211; en 75e position, les blessures de <strong>Van der Breggen <\/strong>ne se sont pas am\u00e9lior\u00e9es dans la nuit. En cons\u00e9quence, la coureuse de 35 ans n&rsquo;a pas pris le d\u00e9part de la 2e \u00e9tape.<\/p>\n<p>Vid\u00e9o &#8211; Demi Vollering avant ce Tour du Pays basque Lire la suite de l&rsquo;article&#13;<\/p>\n<p>\u00a0<\/p>\n<p>&#13;<br \/>\n\u00ab\u00a0Plus sage de ne pas poursuivre\u00a0\u00bb&#13;<\/p>\n<p>\u00ab\u00a0Anna van der Breggen ne prendra pas le d\u00e9part de la deuxi\u00e8me \u00e9tape de l\u2019Itzulia Women aujourd\u2019hui. Elle est encore trop affect\u00e9e par sa lourde chute survenue dans le final de la premi\u00e8re \u00e9tape. Apr\u00e8s la chute, elle a tout de m\u00eame pu rejoindre l\u2019arriv\u00e9e \u00e0 Agurain vendredi. Ce matin, il a \u00e9t\u00e9 examin\u00e9 si elle pouvait continuer la course, mais en concertation avec le staff m\u00e9dical de l\u2019\u00e9quipe, il a \u00e9t\u00e9 d\u00e9cid\u00e9 qu\u2019il serait plus sage pour l\u2019ancienne championne du monde de ne pas poursuivre\u00a0\u00bb, a d\u00e9clar\u00e9 l\u2019\u00e9quipe SD Worx &#8211; Protime.<\/p>\n","protected":false},"excerpt":{"rendered":"Gros coup dur pour l\u2019\u00e9quipe SD Worx &#8211; Protime avant la 2e \u00e9tape de l\u2019Itzulia Women&#8230; Anna van&hellip;\n","protected":false},"author":2,"featured_media":106735,"comment_status":"","ping_status":"","sticky":false,"template":"","format":"standard","meta":{"footnotes":""},"categories":[1411],"tags":[1154,207,211,1011,27,209,60,210,6366,212,208,213],"class_list":{"0":"post-106734","1":"post","2":"type-post","3":"status-publish","4":"format-standard","5":"has-post-thumbnail","7":"category-cyclisme","8":"tag-cycling","9":"tag-cyclisme","10":"tag-ffc","11":"tag-fr","12":"tag-france","13":"tag-route","14":"tag-sports","15":"tag-tour-de-france","16":"tag-tour-du-pays-basque","17":"tag-uci","18":"tag-velo","19":"tag-world-tour"},"share_on_mastodon":{"url":"https:\/\/pubeurope.com\/@fr\/114522685707401235","error":""},"_links":{"self":[{"href":"https:\/\/www.europesays.com\/fr\/wp-json\/wp\/v2\/posts\/106734","targetHints":{"allow":["GET"]}}],"collection":[{"href":"https:\/\/www.europesays.com\/fr\/wp-json\/wp\/v2\/posts"}],"about":[{"href":"https:\/\/www.europesays.com\/fr\/wp-json\/wp\/v2\/types\/post"}],"author":[{"embeddable":true,"href":"https:\/\/www.europesays.com\/fr\/wp-json\/wp\/v2\/users\/2"}],"replies":[{"embeddable":true,"href":"https:\/\/www.europesays.com\/fr\/wp-json\/wp\/v2\/comments?post=106734"}],"version-history":[{"count":0,"href":"https:\/\/www.europesays.com\/fr\/wp-json\/wp\/v2\/posts\/106734\/revisions"}],"wp:featuredmedia":[{"embeddable":true,"href":"https:\/\/www.europesays.com\/fr\/wp-json\/wp\/v2\/media\/106735"}],"wp:attachment":[{"href":"https:\/\/www.europesays.com\/fr\/wp-json\/wp\/v2\/media?parent=106734"}],"wp:term":[{"taxonomy":"category","embeddable":true,"href":"https:\/\/www.europesays.com\/fr\/wp-json\/wp\/v2\/categories?post=106734"},{"taxonomy":"post_tag","embeddable":true,"href":"https:\/\/www.europesays.com\/fr\/wp-json\/wp\/v2\/tags?post=106734"}],"curies":[{"name":"wp","href":"https:\/\/api.w.org\/{rel}","templated":true}]}}