{"id":106738,"date":"2025-05-17T10:25:10","date_gmt":"2025-05-17T10:25:10","guid":{"rendered":"https:\/\/www.europesays.com\/fr\/106738\/"},"modified":"2025-05-17T10:25:10","modified_gmt":"2025-05-17T10:25:10","slug":"la-duchesse-de-gloucester-recoit-le-privilege-de-presider-la-garden-party-pour-veterans-au-palais-de-buckingham","status":"publish","type":"post","link":"https:\/\/www.europesays.com\/fr\/106738\/","title":{"rendered":"La duchesse de Gloucester re\u00e7oit le privil\u00e8ge de pr\u00e9sider la garden-party pour v\u00e9t\u00e9rans au palais de Buckingham"},"content":{"rendered":"<p>Le roi Charles III a d\u00e9sign\u00e9 la duchesse de Gloucester pour repr\u00e9senter la famille royale lors de la garden-party annuelle de la Not Forgotten Association. Les membres et responsables de cette association de v\u00e9t\u00e9rans \u00e9taient r\u00e9unis dans les jardins de Buckingham, ce vendredi 16 mai pour rencontre l\u2019\u00e9pouse du prince Richard.<\/p>\n<p><strong>Lire aussi : <a href=\"https:\/\/histoiresroyales.fr\/roi-charles-iii-reine-camilla-invitent-professeurs-pays-garden-party\/\" target=\"_blank\" rel=\"noopener\">Le roi Charles III et la reine Camilla invitent les professeurs du pays \u00e0 une garden-party<\/a><\/strong><\/p>\n<p>La duchesse de Gloucester repr\u00e9sente la famille royale \u00e0 la garden-party annuelle de l\u2019association The Not Forgotten<\/p>\n<p>Depuis les ann\u00e9es 1860, le souverain britannique invite dans ses jardins des citoyens remarquables. Ces garden-parties se sont formalis\u00e9es au fil du temps. Dor\u00e9navant, trois garden-parties sont organis\u00e9es chaque ann\u00e9e, deux au mois de mai au palais de Buckingham et une autre au palais de Holyrood au d\u00e9but de l\u2019\u00e9t\u00e9. En plus de ces trois \u00e9v\u00e9nements, d\u2019autres garden-parties surnum\u00e9raires sont aussi c\u00e9l\u00e9br\u00e9es par tradition.<\/p>\n<p><img fetchpriority=\"high\" decoding=\"async\" width=\"1300\" height=\"866\" src=\"https:\/\/www.europesays.com\/fr\/wp-content\/uploads\/2025\/05\/duchesse-de-gloucester-garden-party-veterans-not-forgotten.jpg\" alt=\"\" class=\"wp-image-151154 lazyload\" data-  \/>La duchesse de Gloucester repr\u00e9sente la famille royale \u00e0 la garden-party de la Not Forgotten Association (Photo : Aaron Chown\/PA Wire\/ABACAPRESS.COM)<\/p>\n<p><strong>Lire aussi : <a href=\"https:\/\/histoiresroyales.fr\/roi-charles-iii-organise-premiere-garden-party-annee-reine-camilla-habillee-christian-dior\/\" target=\"_blank\" rel=\"noopener\">Le roi Charles III organise sa premi\u00e8re garden-party de l\u2019ann\u00e9e : la reine Camilla habill\u00e9e en Christian Dior<\/a><\/strong><\/p>\n<p>Traditionnellement, la Not Forgotten Association a droit \u00e0 sa propre garden-party. Alors que les garden-parties principales accueillent environ 7 000 personnes, la garden-party de cette association est bien plus modeste. Les dirigeants, les membres et les familles des membres y sont invit\u00e9s.<\/p>\n<blockquote class=\"instagram-media\" data-instgrm-permalink=\"https:\/\/www.instagram.com\/p\/DJuIDAvscgQ\/?utm_source=ig_embed&amp;utm_campaign=loading\" data-instgrm-version=\"14\" style=\" background:#FFF; border:0; border-radius:3px; box-shadow:0 0 1px 0 rgba(0,0,0,0.5),0 1px 10px 0 rgba(0,0,0,0.15); margin: 1px; max-width:540px; min-width:326px; padding:0; width:99.375%; width:-webkit-calc(100% - 2px); width:calc(100% - 2px);\"\/>\n<p><strong>Lire aussi : <a href=\"https:\/\/histoiresroyales.fr\/delicats-kimonos-princesses-du-japon-garden-party-printaniere-famille-imperiale\/\" target=\"_blank\" rel=\"noopener\">Les d\u00e9licats kimonos des princesses du Japon \u00e0 la garden-party printani\u00e8re de la famille imp\u00e9riale<\/a><\/strong><\/p>\n<p>Chaque ann\u00e9e, le souverain d\u00e9signe le membre de sa famille qui repr\u00e9sentera dignement les Windsor. L\u2019ann\u00e9e derni\u00e8re, ce fut la princesse Anne qui fut d\u00e9sign\u00e9e par son fr\u00e8re et en 2023 ce fut la duchesse d\u2019\u00c9dimbourg qui fut choisie par son beau-fr\u00e8re. Ce 16 mai, les v\u00e9t\u00e9rans de l\u2019association ont eu le plaisir de rencontrer la duchesse de Gloucester. La duchesse Birgitte, 78 ans, est l\u2019\u00e9pouse du prince Richard, duc de Gloucester, cousin germain de la d\u00e9funte reine Elizabeth II. <\/p>\n<p>Ce privil\u00e8ge d\u2019organiser annuellement une garden-party suppl\u00e9mentaire pour The Not Forgotten Association a \u00e9t\u00e9 accord\u00e9 en 1921 par le roi George V. Les \u00ab\u00a0Not Forgotten \u00bb sont les v\u00e9t\u00e9rans que l\u2019on n\u2019oublie pas. L\u2019association, fond\u00e9e en 1920, soutient celles et ceux qui sont revenus bless\u00e9s, malades, diminu\u00e9s de leurs ann\u00e9es de service \u00e0 l\u2019arm\u00e9e. Elle compte aujourd\u2019hui environ 2\u00a0000 membres. Gr\u00e2ce \u00e0 des activit\u00e9s sociales et des vacances organis\u00e9es, l\u2019association The Not Forgotten combat l\u2019isolement et la solitude au sein de la communaut\u00e9 des forces arm\u00e9es. La princesse Anne accorde son patronage \u00e0 l\u2019association depuis 2000.<\/p>\n<p>\t\t\t\t<img loading=\"lazy\" alt=\"Avatar photo\" src=\"https:\/\/www.europesays.com\/fr\/wp-content\/uploads\/2025\/04\/1516945716303-164x164.jpeg\"  class=\"avatar avatar-164 photo lazyload\" height=\"164\" width=\"164\" decoding=\"async\"\/><br \/>\n\t\t<a href=\"https:\/\/histoiresroyales.fr\/author\/royaliste123\/\" target=\"_blank\" rel=\"noopener\">Nicolas Fontaine<\/a><br \/>\n\t\t\t\t\tR\u00e9dacteur en chef<\/p>\n<p>Nicolas Fontaine a \u00e9t\u00e9 concepteur-r\u00e9dacteur et auteur pour de nombreuses marques et m\u00e9dias belges et fran\u00e7ais. Sp\u00e9cialiste de l&rsquo;actualit\u00e9 des familles royales, Nicolas a fond\u00e9 le site Histoires royales dont il est le r\u00e9dacteur en chef.&#13;<br \/>\n&#13;<br \/>\nnicolas@histoiresroyales.fr<\/p>\n<p>\t\t\t\t\t\t\t<a href=\"https:\/\/twitter.com\/ActusRoyales\" class=\"boxed-icon fill twitter\" target=\"_blank\" rel=\"noopener\"><\/a><br \/>\n\t\t\t\t\t\t\t\t\t<a href=\"https:\/\/www.instagram.com\/histoiresroyales.fr\/\" class=\"boxed-icon fill instagram\" target=\"_blank\" rel=\"noopener\"><\/a><\/p>\n<p>\t\t\t\t\t\t\t\t\t\t\t\t\t<script async src=\"https:\/\/platform.twitter.com\/widgets.js\" charset=\"utf-8\"><\/script><script async src=\"\/\/www.instagram.com\/embed.js\"><\/script><\/p>\n","protected":false},"excerpt":{"rendered":"Le roi Charles III a d\u00e9sign\u00e9 la duchesse de Gloucester pour repr\u00e9senter la famille royale lors de la&hellip;\n","protected":false},"author":2,"featured_media":106739,"comment_status":"","ping_status":"","sticky":false,"template":"","format":"standard","meta":{"footnotes":""},"categories":[1359],"tags":[22379,58,59,1011,27,22380,973,22381],"class_list":{"0":"post-106738","1":"post","2":"type-post","3":"status-publish","4":"format-standard","5":"has-post-thumbnail","7":"category-people","8":"tag-birgitte-van-deurs","9":"tag-divertissement","10":"tag-entertainment","11":"tag-fr","12":"tag-france","13":"tag-garden-party","14":"tag-people","15":"tag-vu00e9tu00e9rans"},"share_on_mastodon":{"url":"https:\/\/pubeurope.com\/@fr\/114522693480567149","error":""},"_links":{"self":[{"href":"https:\/\/www.europesays.com\/fr\/wp-json\/wp\/v2\/posts\/106738","targetHints":{"allow":["GET"]}}],"collection":[{"href":"https:\/\/www.europesays.com\/fr\/wp-json\/wp\/v2\/posts"}],"about":[{"href":"https:\/\/www.europesays.com\/fr\/wp-json\/wp\/v2\/types\/post"}],"author":[{"embeddable":true,"href":"https:\/\/www.europesays.com\/fr\/wp-json\/wp\/v2\/users\/2"}],"replies":[{"embeddable":true,"href":"https:\/\/www.europesays.com\/fr\/wp-json\/wp\/v2\/comments?post=106738"}],"version-history":[{"count":0,"href":"https:\/\/www.europesays.com\/fr\/wp-json\/wp\/v2\/posts\/106738\/revisions"}],"wp:featuredmedia":[{"embeddable":true,"href":"https:\/\/www.europesays.com\/fr\/wp-json\/wp\/v2\/media\/106739"}],"wp:attachment":[{"href":"https:\/\/www.europesays.com\/fr\/wp-json\/wp\/v2\/media?parent=106738"}],"wp:term":[{"taxonomy":"category","embeddable":true,"href":"https:\/\/www.europesays.com\/fr\/wp-json\/wp\/v2\/categories?post=106738"},{"taxonomy":"post_tag","embeddable":true,"href":"https:\/\/www.europesays.com\/fr\/wp-json\/wp\/v2\/tags?post=106738"}],"curies":[{"name":"wp","href":"https:\/\/api.w.org\/{rel}","templated":true}]}}