{"id":106744,"date":"2025-05-17T10:28:20","date_gmt":"2025-05-17T10:28:20","guid":{"rendered":"https:\/\/www.europesays.com\/fr\/106744\/"},"modified":"2025-05-17T10:28:20","modified_gmt":"2025-05-17T10:28:20","slug":"itc-spoiler-matteo-decouvre-le-secret-de-gary","status":"publish","type":"post","link":"https:\/\/www.europesays.com\/fr\/106744\/","title":{"rendered":"ITC &#8211; [SPOILER] &#8211; Matt\u00e9o d\u00e9couvre le secret de Gary&#8230;"},"content":{"rendered":"<p id=\"descriptionPanel\" aria-labelledby=\"descriptionArrow\" aria-expanded=\"false\" class=\"mr-2 line-clamp-2 pr-2.5 text-secondary overflow-visible\">Depuis plusieurs ann\u00e9es, Gary Ab\u00e9lian cache un grand secret&#8230; qu&rsquo;il a d\u00e9cid\u00e9 de partager avec Matt\u00e9o Vignon. Pour s\u00e9duire les filles, Gary a une m\u00e9thode bien \u00e0 lui : un carnet de culture g\u00e9n\u00e9rale ! Le jeune homme tient depuis longtemps ce petit cahier dans lequel il \u00e9crit sur des sujets vari\u00e9s. Une fa\u00e7on de se rendre plus cultiv\u00e9 et int\u00e9ressant apr\u00e8s des filles qu&rsquo;il souhaite s\u00e9duire. Etonn\u00e9, Matt\u00e9o se montre tr\u00e8s admiratif de son ami. Pourtant, Gary est toujours un coeur \u00e0 prendre&#8230; Alors, bonne ou mauvaise id\u00e9e ? Spoiler de l&rsquo;\u00e9pisode 1179 d&rsquo;Ici tout commence. Retrouvez \u00ab\u00a0Ici tout commence\u00a0\u00bb, du lundi au vendredi \u00e0 18h35 sur TF1.<\/p>\n<p><a class=\"shrink-0\" href=\"https:\/\/www.tf1.fr\/tf1\/ici-tout-commence\" target=\"_blank\" rel=\"noopener\"><img decoding=\"async\" src=\"https:\/\/www.europesays.com\/fr\/wp-content\/uploads\/2025\/05\/program-card-portrait-1-0d2bc5-87b354-0@1x.jpg\" width=\"138\" height=\"184\" alt=\"\" loading=\"eager\" fetchpriority=\"auto\" class=\"aspect-[3\/4] h-24 w-auto rounded-3px\" aria-hidden=\"true\"\/><\/a><\/p>\n","protected":false},"excerpt":{"rendered":"Depuis plusieurs ann\u00e9es, Gary Ab\u00e9lian cache un grand secret&#8230; qu&rsquo;il a d\u00e9cid\u00e9 de partager avec Matt\u00e9o Vignon. Pour&hellip;\n","protected":false},"author":2,"featured_media":106745,"comment_status":"","ping_status":"","sticky":false,"template":"","format":"standard","meta":{"footnotes":""},"categories":[1356],"tags":[58,59,3483,14231,1011,27,620,14232,14234,252,1364,14235,14233],"class_list":{"0":"post-106744","1":"post","2":"type-post","3":"status-publish","4":"format-standard","5":"has-post-thumbnail","7":"category-television","8":"tag-divertissement","9":"tag-entertainment","10":"tag-extrait","11":"tag-extrait-ici-tout-commence","12":"tag-fr","13":"tag-france","14":"tag-ici-tout-commence","15":"tag-ici-tout-commence-extrait","16":"tag-streaming-ici-tout-commence","17":"tag-television","18":"tag-tv","19":"tag-video-en-streaming-ici-tout-commence","20":"tag-video-ici-tout-commence"},"share_on_mastodon":{"url":"https:\/\/pubeurope.com\/@fr\/114522705409661488","error":""},"_links":{"self":[{"href":"https:\/\/www.europesays.com\/fr\/wp-json\/wp\/v2\/posts\/106744","targetHints":{"allow":["GET"]}}],"collection":[{"href":"https:\/\/www.europesays.com\/fr\/wp-json\/wp\/v2\/posts"}],"about":[{"href":"https:\/\/www.europesays.com\/fr\/wp-json\/wp\/v2\/types\/post"}],"author":[{"embeddable":true,"href":"https:\/\/www.europesays.com\/fr\/wp-json\/wp\/v2\/users\/2"}],"replies":[{"embeddable":true,"href":"https:\/\/www.europesays.com\/fr\/wp-json\/wp\/v2\/comments?post=106744"}],"version-history":[{"count":0,"href":"https:\/\/www.europesays.com\/fr\/wp-json\/wp\/v2\/posts\/106744\/revisions"}],"wp:featuredmedia":[{"embeddable":true,"href":"https:\/\/www.europesays.com\/fr\/wp-json\/wp\/v2\/media\/106745"}],"wp:attachment":[{"href":"https:\/\/www.europesays.com\/fr\/wp-json\/wp\/v2\/media?parent=106744"}],"wp:term":[{"taxonomy":"category","embeddable":true,"href":"https:\/\/www.europesays.com\/fr\/wp-json\/wp\/v2\/categories?post=106744"},{"taxonomy":"post_tag","embeddable":true,"href":"https:\/\/www.europesays.com\/fr\/wp-json\/wp\/v2\/tags?post=106744"}],"curies":[{"name":"wp","href":"https:\/\/api.w.org\/{rel}","templated":true}]}}