{"id":10675,"date":"2025-04-08T16:46:19","date_gmt":"2025-04-08T16:46:19","guid":{"rendered":"https:\/\/www.europesays.com\/fr\/10675\/"},"modified":"2025-04-08T16:46:19","modified_gmt":"2025-04-08T16:46:19","slug":"une-maison-ravagee-par-les-flammes-un-chat-retrouve-mort","status":"publish","type":"post","link":"https:\/\/www.europesays.com\/fr\/10675\/","title":{"rendered":"une maison ravag\u00e9e par les flammes, un chat retrouv\u00e9 mort"},"content":{"rendered":"<p>            Par<br \/>\n        <strong><br \/>\n            <a href=\"https:\/\/actu.fr\/auteur\/clemence-pays02-actu-fr\" title=\"Consulter tous les articles de Cl\u00e9mence Pays\" rel=\"nofollow noopener\" target=\"_blank\">Cl\u00e9mence Pays<\/a><br \/>\n        <\/strong><\/p>\n<p>        Publi\u00e9 le<\/p>\n<p>            7 avr. 2025 \u00e0 16h03        <\/p>\n<p>Voil\u00e0<strong> plusieurs heures<\/strong> que les soldats du feu luttent contre les flammes. \u00c0 11\u2009h\u200959, les sapeurs-pompiers ont \u00e9t\u00e9 appel\u00e9s pour <strong>l\u2019incendie d\u2019une maison<\/strong> \u00e0 <a href=\"https:\/\/actu.fr\/bretagne\/bruz_35047\" rel=\"nofollow noopener\" target=\"_blank\">Bruz<\/a>, pr\u00e8s de Rennes.<\/p>\n<p class=\" wall-content\">\u00c0 15\u2009h\u200945, le Centre op\u00e9rationnel d\u00e9partemental d\u2019incendie et de secours (Codis) confirme \u00e0 <a href=\"https:\/\/actu.fr\/rennes\/\" rel=\"nofollow noopener\" target=\"_blank\">actu Rennes<\/a>, qu\u2019une \u00e9quipe est toujours sur place, comme indiqu\u00e9 par <a href=\"https:\/\/www.ouest-france.fr\/bretagne\/bruz-35170\/pres-de-rennes-un-incendie-en-cours-dans-une-maison-inhabitee-depuis-les-inondations-ab36ac3e-13b0-11f0-93cb-6a1f6f4d56fd\" rel=\"nofollow noopener\" target=\"_blank\">Ouest-France<\/a>.<\/p>\n<blockquote class=\"ac-article-quote wall-content\">\n<p>L&rsquo;incendie est toujours en cours et a perc\u00e9 en toiture.<\/p>\n<p>    <strong>Codis<\/strong>\n            <\/p><\/blockquote>\n<p class=\" wall-content\">Au plus fort de l\u2019intervention, jusqu\u2019\u00e0 <strong>29 sapeurs-pompiers<\/strong> ont \u00e9t\u00e9 mobilis\u00e9s.<\/p>\n<p>Un chat d\u00e9c\u00e9d\u00e9<\/p>\n<p class=\" wall-content\">Selon nos informations, aucun bless\u00e9 n\u2019est \u00e0 d\u00e9plorer et <strong>personne n\u2019a \u00e9t\u00e9 transport\u00e9 \u00e0 l\u2019h\u00f4pital.<\/strong> En revanche, <strong>un chat a \u00e9t\u00e9 retrouv\u00e9 d\u00e9c\u00e9d\u00e9.<\/strong><\/p>\n<p>Vid\u00e9os : en ce moment sur Actu<\/p>\n<p class=\" wall-content\">Dans l\u2019apr\u00e8s-midi, la phase de<strong> d\u00e9blai<\/strong>\u00a0a d\u00e9but\u00e9 afin de rechercher <strong>d\u2019\u00e9ventuelles victimes.<\/strong><\/p>\n<p class=\" wall-content\">Cette maison avait \u00e9t\u00e9 touch\u00e9e par les <a href=\"https:\/\/actu.fr\/bretagne\/rennes_35238\/inondations-historiques-rennes-reconnue-en-etat-de-catastrophe-naturelle-comme-111-autres-communes_62235360.html\" rel=\"nofollow noopener\" target=\"_blank\">inondations historiques en Ille-et-Vilaine<\/a>, en janvier\u00a02025. L\u2019op\u00e9ration des secours doit se poursuivre pour permettre de constater l\u2019\u00e9tendue des d\u00e9g\u00e2ts et statuer sur <strong>un potentiel relogement.<\/strong><\/p>\n<p class=\" wall-content\">Suivez toute l\u2019actualit\u00e9 de vos villes et m\u00e9dias favoris en vous inscrivant \u00e0 <a href=\"https:\/\/moncompte.actu.fr\" title=\"D\u00e9couvez Mon Actu\" rel=\"nofollow noopener\" data-trk=\"{&quot;cta&quot;:{&quot;action&quot;:&quot;https:\\\/\\\/moncompte.actu.fr&quot;,&quot;category&quot;:&quot;mon compte&quot;,&quot;from&quot;:&quot;article footer&quot;,&quot;name&quot;:&quot;Mon actu&quot;,&quot;type&quot;:&quot;cta&quot;}}\" target=\"_blank\">Mon Actu<\/a>.<\/p>\n","protected":false},"excerpt":{"rendered":"Par Cl\u00e9mence Pays Publi\u00e9 le 7 avr. 2025 \u00e0 16h03 Voil\u00e0 plusieurs heures que les soldats du feu&hellip;\n","protected":false},"author":2,"featured_media":10676,"comment_status":"","ping_status":"","sticky":false,"template":"","format":"standard","meta":{"footnotes":""},"categories":[2821],"tags":[1111,11,829,1777,674,118,1011,27,1310,12,1311,584,25],"class_list":{"0":"post-10675","1":"post","2":"type-post","3":"status-publish","4":"format-standard","5":"has-post-thumbnail","7":"category-rennes","8":"tag-actu","9":"tag-actualites","10":"tag-bretagne","11":"tag-eu","12":"tag-europe","13":"tag-faits-divers","14":"tag-fr","15":"tag-france","16":"tag-incendie","17":"tag-news","18":"tag-pompiers","19":"tag-rennes","20":"tag-republique-francaise"},"share_on_mastodon":{"url":"https:\/\/pubeurope.com\/@fr\/114303361544415369","error":""},"_links":{"self":[{"href":"https:\/\/www.europesays.com\/fr\/wp-json\/wp\/v2\/posts\/10675","targetHints":{"allow":["GET"]}}],"collection":[{"href":"https:\/\/www.europesays.com\/fr\/wp-json\/wp\/v2\/posts"}],"about":[{"href":"https:\/\/www.europesays.com\/fr\/wp-json\/wp\/v2\/types\/post"}],"author":[{"embeddable":true,"href":"https:\/\/www.europesays.com\/fr\/wp-json\/wp\/v2\/users\/2"}],"replies":[{"embeddable":true,"href":"https:\/\/www.europesays.com\/fr\/wp-json\/wp\/v2\/comments?post=10675"}],"version-history":[{"count":0,"href":"https:\/\/www.europesays.com\/fr\/wp-json\/wp\/v2\/posts\/10675\/revisions"}],"wp:featuredmedia":[{"embeddable":true,"href":"https:\/\/www.europesays.com\/fr\/wp-json\/wp\/v2\/media\/10676"}],"wp:attachment":[{"href":"https:\/\/www.europesays.com\/fr\/wp-json\/wp\/v2\/media?parent=10675"}],"wp:term":[{"taxonomy":"category","embeddable":true,"href":"https:\/\/www.europesays.com\/fr\/wp-json\/wp\/v2\/categories?post=10675"},{"taxonomy":"post_tag","embeddable":true,"href":"https:\/\/www.europesays.com\/fr\/wp-json\/wp\/v2\/tags?post=10675"}],"curies":[{"name":"wp","href":"https:\/\/api.w.org\/{rel}","templated":true}]}}