{"id":106760,"date":"2025-05-17T10:36:09","date_gmt":"2025-05-17T10:36:09","guid":{"rendered":"https:\/\/www.europesays.com\/fr\/106760\/"},"modified":"2025-05-17T10:36:09","modified_gmt":"2025-05-17T10:36:09","slug":"le-recit-terrifiant-dun-survivant-de-la-prison-syrienne-de-sednaya-par-jonathan-littell","status":"publish","type":"post","link":"https:\/\/www.europesays.com\/fr\/106760\/","title":{"rendered":"le r\u00e9cit terrifiant d\u2019un survivant de la prison syrienne de Sednaya, par Jonathan Littell"},"content":{"rendered":"<p><strong>REPORTAGE &#8211;<\/strong> De retour en Syrie apr\u00e8s premier reportage \u00e0 Homs en 2012, l\u2019\u00e9crivain franco-am\u00e9ricain raconte l\u2019histoire d\u2019Isma\u00efl, survivant de la prison de Sednaya, lieu tristement c\u00e9l\u00e8bre pour les conditions de d\u00e9tention extr\u00eames des opposants au tyran d\u00e9chu Bachar el-Assad.<\/p>\n<p class=\"fig-paragraph\">Un soir \u00e0 Homs, j\u2019ai partag\u00e9 l\u2019iftar &#8211;\u00a0<a href=\"http:\/\/www.lefigaro.fr\/actualite-france\/le-recteur-de-la-grande-mosquee-de-paris-regrette-l-absence-du-ministre-de-l-interieur-a-la-rupture-du-jeune-20250321\" target=\"_blank\" data-fig-type=\"NewsFlash\" rel=\"noopener\" data-gtm-custom-categorie=\"navigation\" data-gtm-custom-action=\"crossclick\" data-gtm-custom-label=\"Contextuel\" data-gtm-event=\"customEventSPE\" data-fig-domain=\"LEFIGARO\">le repas de rupture du je\u00fbne du ramadan\u00a0&#8211;\u00a0<\/a>avec un homme de 33\u00a0ans nomm\u00e9 Isma\u00efl al-Ghantawi. L\u2019appartement, pauvre mais correctement meubl\u00e9, appartient \u00e0 sa belle-famille\u00a0; son propre appartement, dans le quartier de Baba Amr, est d\u00e9truit. La nourriture est dispos\u00e9e sur une nappe pos\u00e9e au sol entre les canap\u00e9s\u00a0; Isma\u00efl, un homme au visage maigre et aux traits tir\u00e9s, avec un petit bouc soign\u00e9 et des lunettes fines, nous re\u00e7oit en compagnie de son fils, Ali, un gar\u00e7on de 10\u00a0ans, \u00e9veill\u00e9 et intelligent\u00a0; sa femme, comme il se doit parmi les familles sunnites conservatrices de Syrie, restera cach\u00e9e durant notre visite, et je ne ferai jamais sa connaissance. Fr\u00eale, timide, Isma\u00efl est\u00a0<a href=\"http:\/\/www.lefigaro.fr\/international\/chute-de-bachar-al-assad-les-rebelles-ont-libere-la-prison-de-saidnaya-abattoir-des-opposants-au-regime-20241209\" target=\"_blank\" data-fig-type=\"Article\" rel=\"noopener\" data-gtm-custom-categorie=\"navigation\" data-gtm-custom-action=\"crossclick\" data-gtm-custom-label=\"Contextuel\" data-gtm-event=\"customEventSPE\" data-fig-domain=\"LEFIGARO\">un survivant de Sednaya<\/a>, le \u00ab\u00a0goulag de Bachar el-Assad\u00a0\u00bb, une prison cauchemardesque o\u00f9 il a pass\u00e9 les onze derni\u00e8res ann\u00e9es de sa vie.<\/p>\n<p>Tortures et proc\u00e8s exp\u00e9ditif<\/p>\n<p class=\"fig-paragraph\">Cet enfer, il ne veut pas en parler, mais aujourd\u2019hui il a accept\u00e9 par respect pour un de ses compagnons de d\u00e9tention, Mahmoud, un cousin\u2026<\/p>\n<p class=\"fig-premium-paywall__infos\">\n        Cet article est r\u00e9serv\u00e9 aux abonn\u00e9s.        Il vous reste 93% \u00e0 d\u00e9couvrir.\n    <\/p>\n<p>                <img  data- alt=\"Le Figaro\" class=\"fig-img--complete fig-img\"\/><\/p>\n<p class=\"fig-premium-paywall__title\">Vente Flash<\/p>\n<p class=\"fig-premium-paywall__subtitle\">4,99\u20ac par mois pendant 12 mois. Sans engagement.<\/p>\n<p class=\"fig-premium-paywall__connect\">\n                D\u00e9j\u00e0 abonn\u00e9\u00a0?                <a class=\"fig-premium-paywall__connect-link\" href=\"https:\/\/connect.lefigaro.fr\/login?client=horizon_web&amp;type=main&amp;redirect_uri=https%3A%2F%2Fwww.lefigaro.fr%2Finternational%2Ftortures-proces-expeditifs-milliers-de-disparus-plongee-dans-l-enfer-de-la-prison-de-saidnaya-le-goulag-de-bachar-el-assad-avec-jonathan-littell-20250517\" data-js-gtm=\"{&quot;customCategorie&quot;: &quot;conversion&quot;, &quot;customAction&quot;: &quot;before_Landing_Connexion_paywall_auto&quot;, &quot;customLabel&quot;: &quot;bGVmaWdhcm8uZnJfXzFmMDMxNWE1LTUyMmQtNjM4Yy04NjQ1LWEzNWVjNTFiNzc0M19fQXJ0aWNsZQ==_\u00abSi vous faites un bruit, vous serez un cadavre\u00bb\u00a0: le r\u00e9cit terrifiant d\u2019un survivant de la prison syrienne de Sednaya, par Jonathan Littell_133&quot;, &quot;customIDSPE&quot;: &quot;bGVmaWdhcm8uZnJfXzFmMDMxNWE1LTUyMmQtNjM4Yy04NjQ1LWEzNWVjNTFiNzc0M19fQXJ0aWNsZQ==&quot;, &quot;event&quot;: &quot;customEventSPE&quot;}\" target=\"_blank\" rel=\"noopener\"><br \/>\n                    Connectez-vous<br \/>\n                <\/a>\n            <\/p>\n","protected":false},"excerpt":{"rendered":"REPORTAGE &#8211; De retour en Syrie apr\u00e8s premier reportage \u00e0 Homs en 2012, l\u2019\u00e9crivain franco-am\u00e9ricain raconte l\u2019histoire d\u2019Isma\u00efl,&hellip;\n","protected":false},"author":2,"featured_media":106761,"comment_status":"","ping_status":"","sticky":false,"template":"","format":"standard","meta":{"footnotes":""},"categories":[5],"tags":[259,11,260,11423,1011,27,14,261,12,262,806,32,28],"class_list":{"0":"post-106760","1":"post","2":"type-post","3":"status-publish","4":"format-standard","5":"has-post-thumbnail","7":"category-international","8":"tag-actualite-internationale","9":"tag-actualites","10":"tag-affaires-etrangeres","11":"tag-bachar-el-assad","12":"tag-fr","13":"tag-france","14":"tag-international","15":"tag-ministere-des-affaires-etrangeres","16":"tag-news","17":"tag-politique-etrangere","18":"tag-prison","19":"tag-syrie","20":"tag-world"},"share_on_mastodon":{"url":"https:\/\/pubeurope.com\/@fr\/114522736878115800","error":""},"_links":{"self":[{"href":"https:\/\/www.europesays.com\/fr\/wp-json\/wp\/v2\/posts\/106760","targetHints":{"allow":["GET"]}}],"collection":[{"href":"https:\/\/www.europesays.com\/fr\/wp-json\/wp\/v2\/posts"}],"about":[{"href":"https:\/\/www.europesays.com\/fr\/wp-json\/wp\/v2\/types\/post"}],"author":[{"embeddable":true,"href":"https:\/\/www.europesays.com\/fr\/wp-json\/wp\/v2\/users\/2"}],"replies":[{"embeddable":true,"href":"https:\/\/www.europesays.com\/fr\/wp-json\/wp\/v2\/comments?post=106760"}],"version-history":[{"count":0,"href":"https:\/\/www.europesays.com\/fr\/wp-json\/wp\/v2\/posts\/106760\/revisions"}],"wp:featuredmedia":[{"embeddable":true,"href":"https:\/\/www.europesays.com\/fr\/wp-json\/wp\/v2\/media\/106761"}],"wp:attachment":[{"href":"https:\/\/www.europesays.com\/fr\/wp-json\/wp\/v2\/media?parent=106760"}],"wp:term":[{"taxonomy":"category","embeddable":true,"href":"https:\/\/www.europesays.com\/fr\/wp-json\/wp\/v2\/categories?post=106760"},{"taxonomy":"post_tag","embeddable":true,"href":"https:\/\/www.europesays.com\/fr\/wp-json\/wp\/v2\/tags?post=106760"}],"curies":[{"name":"wp","href":"https:\/\/api.w.org\/{rel}","templated":true}]}}