{"id":106764,"date":"2025-05-17T10:38:09","date_gmt":"2025-05-17T10:38:09","guid":{"rendered":"https:\/\/www.europesays.com\/fr\/106764\/"},"modified":"2025-05-17T10:38:09","modified_gmt":"2025-05-17T10:38:09","slug":"la-meute-fait-enrager-melenchon-et-gagne-les-sommets-liberation","status":"publish","type":"post","link":"https:\/\/www.europesays.com\/fr\/106764\/","title":{"rendered":"\u00abla Meute\u00bb fait enrager M\u00e9lenchon et gagne les sommets \u2013 Lib\u00e9ration"},"content":{"rendered":"<p class=\"sc-ksZaOG ehjQrN text-element\">\u00abJe ne l\u2019ai m\u00eame pas lu. Je ne veux pas le lire. Je ne veux pas qu\u2019il m\u2019ab\u00eeme. Je ne veux pas qu\u2019il me rentre dans la t\u00eate\u00bb, a d\u00e9clar\u00e9 Jean-Luc M\u00e9lenchon au sujet de <a href=\"https:\/\/www.liberation.fr\/politique\/systeme-melenchon-on-en-parle-en-direct-avec-les-journalistes-charlotte-belaich-et-olivier-perou-20250509_P6FUHQ6HE5B5BGF6E663HNQWLA\/\" target=\"_blank\" rel=\"nofollow noopener\" title=\"https:\/\/www.liberation.fr\/politique\/systeme-melenchon-on-en-parle-en-direct-avec-les-journalistes-charlotte-belaich-et-olivier-perou-20250509_P6FUHQ6HE5B5BGF6E663HNQWLA\/\">l\u2019enqu\u00eate que lui consacre Charlotte Bela\u00efch, journaliste \u00e0 Lib\u00e9ration, et Olivier P\u00e9rou du Monde<\/a>. Si elle t\u00e9moigne en premier lieu de sa col\u00e8re, la r\u00e9action du leader de La France insoumise peut aussi s\u2019entendre en hommage au pouvoir des livres, \u00e0 leur capacit\u00e9 de p\u00e9n\u00e9tration, leur puissance d\u2019infiltration. Car enfin, que se passerait-il si le texte venait \u00e0 lui \u00abrentre[r] dans la t\u00eate\u00bb, semble-t-il comme un parasite ? Ce pourrait-il qu\u2019il en sorte chang\u00e9 ? Puisque les ventes ont de l\u2019esprit, la Meute fait cette semaine quasi jeu \u00e9gal avec <a href=\"https:\/\/www.liberation.fr\/portraits\/giuliano-da-empoli-le-mage-de-raison-20250402_SWRIY4PYJBFQHA3CDM4HX557KA\/\" target=\"_blank\" rel=\"nofollow noopener\" title=\"https:\/\/www.liberation.fr\/portraits\/giuliano-da-empoli-le-mage-de-raison-20250402_SWRIY4PYJBFQHA3CDM4HX557KA\/\">l\u2019Heure des pr\u00e9dateurs de Giuliano Da Empoli<\/a>. Mais attention, sous ses airs de grand fauve, le top a aussi un c\u0153ur. Preuve en est, <a href=\"https:\/\/www.liberation.fr\/culture\/livres\/une-belle-vie-virginie-grimaldi-duo-de-soeurs-et-double-string-20230623_HPDTOUNVPJA3HOPJDHZBQAXKFQ\/\" target=\"_blank\" rel=\"nofollow noopener\" title=\"https:\/\/www.liberation.fr\/culture\/livres\/une-belle-vie-virginie-grimaldi-duo-de-soeurs-et-double-string-20230623_HPDTOUNVPJA3HOPJDHZBQAXKFQ\/\">Virginie Grimaldi<\/a> est troisi\u00e8me avec les Heures fragiles. \u00abNos rires, nos larmes, nos plus belles histoires\u00bb lit-on sur les affiches dans le m\u00e9tro. Nous ne l\u2019avons m\u00eame pas lu. Nous n\u2019avons rien contre l\u2019id\u00e9e de le lire. <b>T.St.<\/b><\/p>\n<p class=\"sc-ksZaOG ehjQrN text-element\">Source : Datalib et l\u2019Adelc, d\u2019apr\u00e8s un panel de 358 librairies ind\u00e9pendantes de premier niveau. Classement des nouveaut\u00e9s relev\u00e9 (hors poche, scolaire, guides, jeux, etc.) sur un total de 91 116 titres diff\u00e9rents.<\/p>\n","protected":false},"excerpt":{"rendered":"\u00abJe ne l\u2019ai m\u00eame pas lu. Je ne veux pas le lire. Je ne veux pas qu\u2019il m\u2019ab\u00eeme.&hellip;\n","protected":false},"author":2,"featured_media":106765,"comment_status":"","ping_status":"","sticky":false,"template":"","format":"standard","meta":{"footnotes":""},"categories":[2],"tags":[11,3057,1011,27,1227,12],"class_list":{"0":"post-106764","1":"post","2":"type-post","3":"status-publish","4":"format-standard","5":"has-post-thumbnail","7":"category-actualites","8":"tag-actualites","9":"tag-essential","10":"tag-fr","11":"tag-france","12":"tag-horizontal","13":"tag-news"},"share_on_mastodon":{"url":"https:\/\/pubeurope.com\/@fr\/114522744654305606","error":""},"_links":{"self":[{"href":"https:\/\/www.europesays.com\/fr\/wp-json\/wp\/v2\/posts\/106764","targetHints":{"allow":["GET"]}}],"collection":[{"href":"https:\/\/www.europesays.com\/fr\/wp-json\/wp\/v2\/posts"}],"about":[{"href":"https:\/\/www.europesays.com\/fr\/wp-json\/wp\/v2\/types\/post"}],"author":[{"embeddable":true,"href":"https:\/\/www.europesays.com\/fr\/wp-json\/wp\/v2\/users\/2"}],"replies":[{"embeddable":true,"href":"https:\/\/www.europesays.com\/fr\/wp-json\/wp\/v2\/comments?post=106764"}],"version-history":[{"count":0,"href":"https:\/\/www.europesays.com\/fr\/wp-json\/wp\/v2\/posts\/106764\/revisions"}],"wp:featuredmedia":[{"embeddable":true,"href":"https:\/\/www.europesays.com\/fr\/wp-json\/wp\/v2\/media\/106765"}],"wp:attachment":[{"href":"https:\/\/www.europesays.com\/fr\/wp-json\/wp\/v2\/media?parent=106764"}],"wp:term":[{"taxonomy":"category","embeddable":true,"href":"https:\/\/www.europesays.com\/fr\/wp-json\/wp\/v2\/categories?post=106764"},{"taxonomy":"post_tag","embeddable":true,"href":"https:\/\/www.europesays.com\/fr\/wp-json\/wp\/v2\/tags?post=106764"}],"curies":[{"name":"wp","href":"https:\/\/api.w.org\/{rel}","templated":true}]}}