{"id":106770,"date":"2025-05-17T10:41:42","date_gmt":"2025-05-17T10:41:42","guid":{"rendered":"https:\/\/www.europesays.com\/fr\/106770\/"},"modified":"2025-05-17T10:41:42","modified_gmt":"2025-05-17T10:41:42","slug":"nancy-le-romancier-bernard-minier-face-aux-lecteurs-des-quotidiens-lorrains-et-francs-comtois","status":"publish","type":"post","link":"https:\/\/www.europesays.com\/fr\/106770\/","title":{"rendered":"Nancy. Le romancier Bernard Minier face aux lecteurs des quotidiens lorrains et francs-comtois"},"content":{"rendered":"<p>Casquette riv\u00e9e sur les oreilles sigl\u00e9e en braille, clin d\u2019\u0153il \u00e0 son combat pour les personnes aveugles et malvoyantes, Bernard Minier s\u2019installe dans son fauteuil de r\u00e9dacteur en chef d\u2019un jour. On sent la facilit\u00e9 bonhomme d\u2019un bourlingueur des mots, d\u2019un voyageur des lettres, d\u2019un homme du Sud-Ouest \u00e9lev\u00e9 sur les contreforts des Pyr\u00e9n\u00e9es. <\/p>\n<p>Tranquillement, sans frimer, ce sp\u00e9cialiste du thriller \u00e0 la fran\u00e7aise qui vend des millions de livres prend l\u2019actualit\u00e9 lorraine et franc-comtoise \u00e0 bras-le-corps. \u00c9rudit, s\u2019int\u00e9ressant \u00e0 tout, <a href=\"https:\/\/www.estrepublicain.fr\/culture-loisirs\/2024\/09\/18\/bernard-minier-coupable-de-succes-en-recidive\" target=\"_blank\" rel=\"noopener\">Bernard Minier<\/a> ,&#8230;<\/p>\n","protected":false},"excerpt":{"rendered":"Casquette riv\u00e9e sur les oreilles sigl\u00e9e en braille, clin d\u2019\u0153il \u00e0 son combat pour les personnes aveugles et&hellip;\n","protected":false},"author":2,"featured_media":106771,"comment_status":"","ping_status":"","sticky":false,"template":"","format":"standard","meta":{"footnotes":""},"categories":[9635],"tags":[1111,11,1687,1704,1777,674,274,1011,27,775,22382,2410,22383,1702,1703,12,11058,3456,25],"class_list":{"0":"post-106770","1":"post","2":"type-post","3":"status-publish","4":"format-standard","5":"has-post-thumbnail","7":"category-nancy","8":"tag-actu","9":"tag-actualites","10":"tag-culture-loisirs","11":"tag-edition-nancy-et-agglomeration","12":"tag-eu","13":"tag-europe","14":"tag-faits-divers-justice","15":"tag-fr","16":"tag-france","17":"tag-grand-est","18":"tag-le-livre-sur-la-place","19":"tag-livres-bd","20":"tag-livres-dans-la-boucle","21":"tag-nancy","22":"tag-nancy-ville-54b","23":"tag-news","24":"tag-region-franche-comte","25":"tag-region-lorraine","26":"tag-republique-francaise"},"share_on_mastodon":{"url":"https:\/\/pubeurope.com\/@fr\/114522756447566775","error":""},"_links":{"self":[{"href":"https:\/\/www.europesays.com\/fr\/wp-json\/wp\/v2\/posts\/106770","targetHints":{"allow":["GET"]}}],"collection":[{"href":"https:\/\/www.europesays.com\/fr\/wp-json\/wp\/v2\/posts"}],"about":[{"href":"https:\/\/www.europesays.com\/fr\/wp-json\/wp\/v2\/types\/post"}],"author":[{"embeddable":true,"href":"https:\/\/www.europesays.com\/fr\/wp-json\/wp\/v2\/users\/2"}],"replies":[{"embeddable":true,"href":"https:\/\/www.europesays.com\/fr\/wp-json\/wp\/v2\/comments?post=106770"}],"version-history":[{"count":0,"href":"https:\/\/www.europesays.com\/fr\/wp-json\/wp\/v2\/posts\/106770\/revisions"}],"wp:featuredmedia":[{"embeddable":true,"href":"https:\/\/www.europesays.com\/fr\/wp-json\/wp\/v2\/media\/106771"}],"wp:attachment":[{"href":"https:\/\/www.europesays.com\/fr\/wp-json\/wp\/v2\/media?parent=106770"}],"wp:term":[{"taxonomy":"category","embeddable":true,"href":"https:\/\/www.europesays.com\/fr\/wp-json\/wp\/v2\/categories?post=106770"},{"taxonomy":"post_tag","embeddable":true,"href":"https:\/\/www.europesays.com\/fr\/wp-json\/wp\/v2\/tags?post=106770"}],"curies":[{"name":"wp","href":"https:\/\/api.w.org\/{rel}","templated":true}]}}