{"id":106780,"date":"2025-05-17T10:47:10","date_gmt":"2025-05-17T10:47:10","guid":{"rendered":"https:\/\/www.europesays.com\/fr\/106780\/"},"modified":"2025-05-17T10:47:10","modified_gmt":"2025-05-17T10:47:10","slug":"a-rouen-ces-artistes-qui-luttent-contre-les-lgbtiphobies-par-leurs-creations","status":"publish","type":"post","link":"https:\/\/www.europesays.com\/fr\/106780\/","title":{"rendered":"\u00c0 Rouen, ces artistes qui luttent contre les LGBTIphobies par leurs cr\u00e9ations"},"content":{"rendered":"<p>            Par<br \/>\n        <strong><br \/>\n            <a href=\"https:\/\/actu.fr\/auteur\/julien-bouteiller\" title=\"Consulter tous les articles de Julien Bouteiller\" target=\"_blank\" rel=\"noopener\">Julien Bouteiller<\/a><br \/>\n        <\/strong><\/p>\n<p>        Publi\u00e9 le<\/p>\n<p>            17 mai 2025 \u00e0 12h00        <\/p>\n<p>\u00c0 l\u2019occasion de la<strong> Journ\u00e9e internationale de lutte contre l\u2019homophobie, la biphobie et la transphobie<\/strong>, mettons en lumi\u00e8re\u00a0 celles et ceux qui, \u00e0 <a href=\"https:\/\/actu.fr\/normandie\/rouen_76540\" target=\"_blank\" rel=\"noopener\">Rouen en Seine-Maritime<\/a>, trouvent dans l\u2019art un moyen d\u2019exprimer leur identit\u00e9 et de se lib\u00e9rer des normes impos\u00e9es par la soci\u00e9t\u00e9. Car c\u2019est aussi dans les ateliers, les galeries, les rues et sur les r\u00e9seaux sociaux que<strong> la fiert\u00e9 LGBTI+ s\u2019exprime<\/strong>, port\u00e9e par des artistes engag\u00e9s.<\/p>\n<p>L\u2019art comme outil de visibilit\u00e9<\/p>\n<p class=\" wall-content\">Parmi ces artistes, Mateo, alias Graougraou, <strong>m\u00eale art et confection de v\u00eatements pour faire \u00e9merger des personnes souvent invisibilis\u00e9s<\/strong>. \u00ab\u00a0Je veux mettre en avant mes amis queer \u00e0 travers des projets tel que le d\u00e9fil\u00e9 auquel j\u2019ai pu les faire participer\u00a0\u00bb, confie-t-il. Ses cr\u00e9ations, en d\u00e9calage avec les normes soci\u00e9tales, deviennent un moyen d\u2019expression personnelle, \u00ab\u00a0une mani\u00e8re de m\u2019exprimer, et de m\u2019affirmer\u00a0\u00bb.<\/p>\n<p class=\" wall-content\"><a href=\"https:\/\/www.instagram.com\/p\/DJmiTIGoYWQ\/embed\" title=\"Ouvrir le lien sur Instagram\" target=\"_blank\" rel=\"noopener\">Visualiser le contenu sur Instagram<\/a><\/p>\n<p class=\" wall-content\">D\u2019autres adoptent une posture plus frontale dans leur engagement artistique. Chlo\u00e9 Kelly Miller, artiste peintre, mais aussi sculptrice, photographe qui performe dans l\u2019art,<strong> est r\u00e9guli\u00e8rement victime de violences<\/strong> en raison de son identit\u00e9 sexuelle, quelque chose qu\u2019elle ne ressent pas dans le monde artistique. \u00ab\u00a0C\u2019est l\u2019endroit o\u00f9 je me sens le plus d\u2019exprimer qui je suis au sein de ce pays.\u00a0\u00bb Un espace qu\u2019elle investit pour continuer \u00e0 lutter et transmettre en \u00ab\u00a0mettant en lumi\u00e8re les minorit\u00e9s\u00a0\u00bb.<\/p>\n<p>Perp\u00e9tuer une m\u00e9moire queer<\/p>\n<p class=\" wall-content\">Tous les artistes ne revendiquent pas leur militantisme de fa\u00e7on explicite, mais chacun et chacune participe \u00e0 nourrir une culture queer. Chlo\u00e9 Kelly Miller, notamment, cherche \u00e0 \u00ab\u00a0transmettre une histoire, pour ne pas oublier\u00a0\u00bb.<\/p>\n<p class=\" wall-content\"><strong>C\u2019est l\u2019ambition de son \u0153uvre Le Passeur<\/strong>, <a href=\"https:\/\/actu.fr\/normandie\/rouen_76540\/lutte-contre-les-discriminations-lgbt-a-rouen-voici-l-oeuvre-qui-sera-installee-dans-le-square-verdrel_62474782.html\" target=\"_blank\" rel=\"noopener\">qui sera inaugur\u00e9e en novembre 2025, au square Verdrel<\/a> \u00e0 Rouen en Seine-Maritime, pour que les discriminations subies ne tombent pas dans l\u2019oubli. \u00ab\u00a0J\u2019en suis tr\u00e8s fi\u00e8re\u00a0\u00bb, affirme-t-elle, heureuse de contribuer \u00e0 la lutte gr\u00e2ce \u00e0 son art.<\/p>\n<p class=\" wall-content\"><a href=\"https:\/\/www.instagram.com\/p\/DJpGUGHC2KS\/embed\" title=\"Ouvrir le lien sur Instagram\" target=\"_blank\" rel=\"noopener\">Visualiser le contenu sur Instagram<\/a><\/p>\n<p class=\" wall-content\">Spectatrice mais aussi illustratrice digitale, Grace, alias Artybishh, se souvient avoir \u00e9t\u00e9 profond\u00e9ment marqu\u00e9e par une exposition queer : \u00ab\u00a0Ce qui m\u2019a touch\u00e9e, c\u2019est la mani\u00e8re dont l\u2019artiste repr\u00e9sentait des ic\u00f4nes queer de son entourage \u00e0 travers la peinture\u00a0\u00bb.<\/p>\n<p>Des messages pour celles et ceux qui n\u2019osent pas<\/p>\n<p class=\" wall-content\">\u00c0 celles et ceux qui n\u2019osent pas encore s\u2019affirmer, Mateo adresse un message fort : \u00ab\u00a0Entoure-toi de personnes queer, de gens ouverts \u00e0 tes projets artistiques. Ce sont des piliers qui aident \u00e0 traverser la violence sociale qu\u2019on peut subir\u2019.<\/p>\n<p class=\" wall-content\">Artybishh ajoute : \u00ab\u00a0\u00c7a ne sert \u00e0 rien de rester bloqu\u00e9 derri\u00e8re ce qu\u2019on attend de nous\u00a0\u00bb. Et tous deux de conclure d\u2019une m\u00eame voix : \u00ab\u00a0On a qu\u2019une vie, il faut y aller\u00a0\u00bb.<\/p>\n<p class=\" wall-content\"><a href=\"https:\/\/www.instagram.com\/p\/Cx8bUf_qMFR\/embed\" title=\"Ouvrir le lien sur Instagram\" target=\"_blank\" rel=\"noopener\">Visualiser le contenu sur Instagram<\/a><\/p>\n<p class=\" wall-content\">Chlo\u00e9 Kelly Miller, quant \u00e0 elle, regrette \u00ab\u00a0que cette journ\u00e9e du 17 mai existe encore.<strong> Il faut lutter tous les jours<\/strong>, en parler, se soutenir, on a le droit d\u2019\u00eatre nous-m\u00eames, heureux et libres\u00a0\u00bb.\u00a0<\/p>\n<p class=\" wall-content\"><strong>No\u00e8mie Vasse<\/strong><\/p>\n<p>Suivez l\u2019actualit\u00e9 de Rouen <a href=\"https:\/\/www.whatsapp.com\/channel\/0029VaKfnf99hXF2ddApFB1D\" target=\"_blank\" rel=\"noopener\">sur notre cha\u00eene WhatsApp<\/a> et <a href=\"https:\/\/www.tiktok.com\/@76actu.fr?lang=fr\" target=\"_blank\" rel=\"noopener\">sur notre compte TikTok<\/a><\/p>\n<p class=\" wall-content\">Suivez toute l\u2019actualit\u00e9 de vos villes et m\u00e9dias favoris en vous inscrivant \u00e0 <a href=\"https:\/\/moncompte.actu.fr\" title=\"D\u00e9couvez Mon Actu\" rel=\"nofollow noopener\" data-trk=\"{&quot;cta&quot;:{&quot;action&quot;:&quot;https:\\\/\\\/moncompte.actu.fr&quot;,&quot;category&quot;:&quot;mon compte&quot;,&quot;from&quot;:&quot;article footer&quot;,&quot;name&quot;:&quot;Mon actu&quot;,&quot;type&quot;:&quot;cta&quot;}}\" target=\"_blank\">Mon Actu<\/a>.<\/p>\n<p>                    <script async src=\"\/\/www.instagram.com\/embed.js\"><\/script><script async src=\"\/\/www.tiktok.com\/embed.js\"><\/script><\/p>\n","protected":false},"excerpt":{"rendered":"Par Julien Bouteiller Publi\u00e9 le 17 mai 2025 \u00e0 12h00 \u00c0 l\u2019occasion de la Journ\u00e9e internationale de lutte&hellip;\n","protected":false},"author":2,"featured_media":106781,"comment_status":"","ping_status":"","sticky":false,"template":"","format":"standard","meta":{"footnotes":""},"categories":[9587],"tags":[1111,11,1777,674,1011,27,9087,12,5161,25,9590,104],"class_list":{"0":"post-106780","1":"post","2":"type-post","3":"status-publish","4":"format-standard","5":"has-post-thumbnail","7":"category-rouen","8":"tag-actu","9":"tag-actualites","10":"tag-eu","11":"tag-europe","12":"tag-fr","13":"tag-france","14":"tag-lgbt","15":"tag-news","16":"tag-normandie","17":"tag-republique-francaise","18":"tag-rouen","19":"tag-societe"},"share_on_mastodon":{"url":"https:\/\/pubeurope.com\/@fr\/114522779979134125","error":""},"_links":{"self":[{"href":"https:\/\/www.europesays.com\/fr\/wp-json\/wp\/v2\/posts\/106780","targetHints":{"allow":["GET"]}}],"collection":[{"href":"https:\/\/www.europesays.com\/fr\/wp-json\/wp\/v2\/posts"}],"about":[{"href":"https:\/\/www.europesays.com\/fr\/wp-json\/wp\/v2\/types\/post"}],"author":[{"embeddable":true,"href":"https:\/\/www.europesays.com\/fr\/wp-json\/wp\/v2\/users\/2"}],"replies":[{"embeddable":true,"href":"https:\/\/www.europesays.com\/fr\/wp-json\/wp\/v2\/comments?post=106780"}],"version-history":[{"count":0,"href":"https:\/\/www.europesays.com\/fr\/wp-json\/wp\/v2\/posts\/106780\/revisions"}],"wp:featuredmedia":[{"embeddable":true,"href":"https:\/\/www.europesays.com\/fr\/wp-json\/wp\/v2\/media\/106781"}],"wp:attachment":[{"href":"https:\/\/www.europesays.com\/fr\/wp-json\/wp\/v2\/media?parent=106780"}],"wp:term":[{"taxonomy":"category","embeddable":true,"href":"https:\/\/www.europesays.com\/fr\/wp-json\/wp\/v2\/categories?post=106780"},{"taxonomy":"post_tag","embeddable":true,"href":"https:\/\/www.europesays.com\/fr\/wp-json\/wp\/v2\/tags?post=106780"}],"curies":[{"name":"wp","href":"https:\/\/api.w.org\/{rel}","templated":true}]}}