{"id":106782,"date":"2025-05-17T10:50:32","date_gmt":"2025-05-17T10:50:32","guid":{"rendered":"https:\/\/www.europesays.com\/fr\/106782\/"},"modified":"2025-05-17T10:50:32","modified_gmt":"2025-05-17T10:50:32","slug":"on-nous-parle-de-souverainete-mais-le-discours-et-les-actes-ne-correspondent-jamais-reagit-olivier-faure","status":"publish","type":"post","link":"https:\/\/www.europesays.com\/fr\/106782\/","title":{"rendered":"\u00ab On nous parle de souverainet\u00e9, mais le discours et les actes ne correspondent jamais \u00bb, r\u00e9agit Olivier Faure"},"content":{"rendered":"<p><a href=\"https:\/\/www.ledauphine.com\/p\/olivier-faure\" target=\"_blank\" rel=\"noopener\">Olivier Faure<\/a> \u00e9tait ce vendredi 16 mai \u00e0 Grenoble. Le premier secr\u00e9taire du PS, en pleine <a href=\"https:\/\/www.ledauphine.com\/politique\/2025\/04\/27\/congres-du-ps-un-duel-faure-mayer-rossignol-boris-vallaud-en-faiseur-de-roi\" target=\"_blank\" rel=\"noopener\">campagne pour sa r\u00e9\u00e9lection \u00e0 la t\u00eate du parti<\/a>, rencontre les diff\u00e9rentes f\u00e9d\u00e9rations socialistes de France.<\/p>\n<p>Durant sa visite is\u00e9roise, il a r\u00e9agi\u00a0aux plans sociaux\u00a0qui touchent Vencorex \u00e0 Pont-de-Claix et Arkema \u00e0 Jarrie, deux industriels de l\u2019agglom\u00e9ration grenobloise sp\u00e9cialis\u00e9s dans la chimie.\u00a0<\/p>\n<p>\u00ab\u00a0Nous avons plaid\u00e9 aupr\u00e8s du gouvernement pour qu\u2019il y ait une possibilit\u00e9 de maintenir cette activit\u00e9 essentielle et strat\u00e9gique.\u00a0\u00bb Il fait un parall\u00e8le avec <a href=\"https:\/\/www.ledauphine.com\/economie\/2025\/05\/15\/arcelormittal-annonce-un-plan-d-investissement-de-1-2-millard-d-euros-a-dunkerque\" target=\"_blank\" rel=\"noopener\">le plan social chez ArcelorMittal \u00e0 Dunkerque<\/a> : \u00ab\u00a0On nous parle en permanence de souverainet\u00e9 et de la n\u00e9cessit\u00e9 de retrouver les savoir-faire fran\u00e7ais que nous avons perdus au profit d\u2019autres puissances \u00e9trang\u00e8res.\u00a0\u00bb<\/p>\n<p>Mais, en la mati\u00e8re, \u00ab\u00a0le discours du pr\u00e9sident de la R\u00e9publique et ses actes ne correspondent jamais. C\u2019est d\u00e9sesp\u00e9rant. Cela engendre de la m\u00e9fiance vis-\u00e0-vis du monde politique parce que nous sommes tous jug\u00e9s de la m\u00eame mani\u00e8re.\u00a0\u00bb<\/p>\n","protected":false},"excerpt":{"rendered":"Olivier Faure \u00e9tait ce vendredi 16 mai \u00e0 Grenoble. Le premier secr\u00e9taire du PS, en pleine campagne pour&hellip;\n","protected":false},"author":2,"featured_media":106783,"comment_status":"","ping_status":"","sticky":false,"template":"","format":"standard","meta":{"footnotes":""},"categories":[9566],"tags":[1111,11,2430,9671,33,112,113,1777,674,107,1011,27,2731,693,108,17480,3294,12,3541,316,25,801],"class_list":{"0":"post-106782","1":"post","2":"type-post","3":"status-publish","4":"format-standard","5":"has-post-thumbnail","7":"category-grenoble","8":"tag-actu","9":"tag-actualites","10":"tag-auvergne-rhone-alpes","11":"tag-conflit-social","12":"tag-economie","13":"tag-edition-grenoble-agglomeration","14":"tag-edition-gresivaudan-oisans","15":"tag-eu","16":"tag-europe","17":"tag-fil-info","18":"tag-fr","19":"tag-france","20":"tag-grenoble","21":"tag-industrie","22":"tag-isere","23":"tag-jarrie","24":"tag-le-pont-de-claix","25":"tag-news","26":"tag-parti-socialiste","27":"tag-politique","28":"tag-republique-francaise","29":"tag-social"},"share_on_mastodon":{"url":"https:\/\/pubeurope.com\/@fr\/114522792021392811","error":""},"_links":{"self":[{"href":"https:\/\/www.europesays.com\/fr\/wp-json\/wp\/v2\/posts\/106782","targetHints":{"allow":["GET"]}}],"collection":[{"href":"https:\/\/www.europesays.com\/fr\/wp-json\/wp\/v2\/posts"}],"about":[{"href":"https:\/\/www.europesays.com\/fr\/wp-json\/wp\/v2\/types\/post"}],"author":[{"embeddable":true,"href":"https:\/\/www.europesays.com\/fr\/wp-json\/wp\/v2\/users\/2"}],"replies":[{"embeddable":true,"href":"https:\/\/www.europesays.com\/fr\/wp-json\/wp\/v2\/comments?post=106782"}],"version-history":[{"count":0,"href":"https:\/\/www.europesays.com\/fr\/wp-json\/wp\/v2\/posts\/106782\/revisions"}],"wp:featuredmedia":[{"embeddable":true,"href":"https:\/\/www.europesays.com\/fr\/wp-json\/wp\/v2\/media\/106783"}],"wp:attachment":[{"href":"https:\/\/www.europesays.com\/fr\/wp-json\/wp\/v2\/media?parent=106782"}],"wp:term":[{"taxonomy":"category","embeddable":true,"href":"https:\/\/www.europesays.com\/fr\/wp-json\/wp\/v2\/categories?post=106782"},{"taxonomy":"post_tag","embeddable":true,"href":"https:\/\/www.europesays.com\/fr\/wp-json\/wp\/v2\/tags?post=106782"}],"curies":[{"name":"wp","href":"https:\/\/api.w.org\/{rel}","templated":true}]}}