{"id":106786,"date":"2025-05-17T10:52:12","date_gmt":"2025-05-17T10:52:12","guid":{"rendered":"https:\/\/www.europesays.com\/fr\/106786\/"},"modified":"2025-05-17T10:52:12","modified_gmt":"2025-05-17T10:52:12","slug":"le-chu-de-rennes-devant-la-justice-pour-fautes-dans-la-prise-en-charge-dun-premature","status":"publish","type":"post","link":"https:\/\/www.europesays.com\/fr\/106786\/","title":{"rendered":"le CHU de Rennes devant la Justice pour \u00ab\u00a0fautes\u00a0\u00bb dans la prise en charge d&rsquo;un pr\u00e9matur\u00e9"},"content":{"rendered":"<p>            Par<br \/>\n        <strong><br \/>\n            <a href=\"https:\/\/actu.fr\/auteur\/redaction-rennes\" title=\"Consulter tous les articles de R\u00e9daction Rennes\" target=\"_blank\" rel=\"noopener\">R\u00e9daction Rennes<\/a><br \/>\n        <\/strong><\/p>\n<p>        Publi\u00e9 le<\/p>\n<p>            17 mai 2025 \u00e0 12h04        <\/p>\n<p>Il s\u2019agissait d\u2019un simple \u00ab\u2009\u0153d\u00e8me\u2009\u00bb pour le corps m\u00e9dical. Pourtant, les s\u00e9quelles sont d\u00e9sormais inscrites \u00e0 vie pour cette petite fille, alors grande pr\u00e9matur\u00e9e, en 2014, lors de sa prise en charge \u00e0 l\u2019H\u00f4pital Sud.<\/p>\n<p class=\" wall-content\">Un couple de commer\u00e7ants rennais a demand\u00e9 au tribunal administratif de Rennes, ce vendredi 16\u00a0mai 2025, de condamner le <a href=\"https:\/\/actu.fr\/tag\/chu-de-rennes\" target=\"_blank\" rel=\"noopener\">centre hospitalier universitaire (CHU) de Rennes<\/a> \u00e0 les indemniser des pr\u00e9judices r\u00e9sultant des \u00ab\u2009fautes\u2009\u00bb dans la prise en charge d\u2019un de leurs jumeaux n\u00e9s pr\u00e9matur\u00e9s.<\/p>\n<p>\u00ab\u2009Un gonflement de la cuisse\u2009\u00bb<\/p>\n<p class=\" wall-content\">Ce couple de commer\u00e7ants du centre-ville de Rennes \u2013 d\u00e9j\u00e0 parents d\u2019un petit gar\u00e7on alors \u00e2g\u00e9 de deux ans \u2013 avait en fait accueilli <strong>des jumeaux<\/strong> le 12\u00a0mars 2014. Leur <strong>grande pr\u00e9maturit\u00e9<\/strong> avait justifi\u00e9 <strong>\u00ab\u2009une prise en charge n\u00e9onatale\u2009\u00bb<\/strong> \u00e0 l\u2019H\u00f4pital Sud et leur petite fille avait b\u00e9n\u00e9fici\u00e9 d\u2019une alimentation par \u00ab\u2009voie veineuse\u2009\u00bb.<\/p>\n<p class=\" wall-content\">Alors qu\u2019il avait seulement quatre jours, le b\u00e9b\u00e9 avait pr\u00e9sent\u00e9 <strong>\u00ab\u2009un gonflement de la cuisse\u2009\u00bb,<\/strong> dans la soir\u00e9e du 16\u00a0mars 2014, et les personnels soignants pr\u00e9sents avaient dans un premier temps conclu \u00e0 \u00ab\u2009un simple \u0153d\u00e8me\u2009\u00bb lors de leur passage vers \u00ab\u200920h30\u2009\u00bb.<\/p>\n<p class=\" wall-content\">Mais vers \u00ab\u2009minuit\u2009\u00bb, il avait cette fois \u00e9t\u00e9 d\u00e9cid\u00e9 d\u2019\u00f4ter le bandage et les \u00e9quipes m\u00e9dicales s\u2019\u00e9taient aper\u00e7ues que le nourrisson pr\u00e9sentait des <strong>\u00ab\u2009l\u00e9sions cutan\u00e9es majeures\u2009\u00bb<\/strong> et des <strong>\u00ab\u2009zones violac\u00e9es\u2009\u00bb,<\/strong> au point que l\u2019enfant souffrait d\u2019une \u00ab<strong>\u2009n\u00e9crose<\/strong>\u2009\u00bb et d\u2019une \u00ab\u2009isch\u00e9mie\u2009\u00bb qui n\u00e9cessiteront par la suite de nombreuses \u00ab\u2009interventions chirurgicales\u2009\u00bb.<\/p>\n<p>Des s\u00e9quelles encore aujourd\u2019hui<\/p>\n<p class=\" wall-content\">Le \u00ab\u2009solut\u00e9\u2009\u00bb s\u2019\u00e9tait en fait \u00ab\u2009diffus\u00e9 hors de la veine\u2009\u00bb et \u00ab\u2009dans les tissus\u2009\u00bb ce qui avait entra\u00een\u00e9 \u00ab\u2009une diminution de la vascularisation\u2009\u00bb et \u00ab\u2009une destruction des tissus\u2009\u00bb.<\/p>\n<p class=\" wall-content\">Aujourd\u2019hui, la petite fille de 11\u00a0ans conserve <strong>\u00ab\u2009des s\u00e9quelles\u2009\u00bb<\/strong> sur la jambe et le pied \u2013 et notamment un \u00e9cart de <strong>\u00ab\u20098\u00a0cm entre les deux jambes\u2009\u00bb.<\/strong> Ses parents consid\u00e8rent donc que le CHU de Rennes a commis des <strong>\u00ab\u2009fautes\u2009\u00bb<\/strong> lors de la prise en charge de cette grande pr\u00e9matur\u00e9e et ont sollicit\u00e9 en cons\u00e9quence la condamnation de l\u2019\u00e9tablissement de sant\u00e9 \u00e0 leur verser 203\u2009000\u00a0euros.<\/p>\n<p>\u00ab\u2009Un d\u00e9faut de surveillance\u2009\u00bb<\/p>\n<p class=\" wall-content\">\u00ab\u2009Il y a bien eu un d\u00e9faut de surveillance\u2009\u00bb, a confirm\u00e9 le rapporteur public lors de l\u2019audience publique ce vendredi 16 mai 2025\u2009: <strong>l\u2019infirmi\u00e8re pu\u00e9ricultrice<\/strong> \u00e9tait suppos\u00e9e \u00ab\u2009contr\u00f4ler toutes les deux heures\u2009\u00bb et \u00ab\u2009assurer la tra\u00e7abilit\u00e9 des soins\u2009\u00bb mais \u00ab\u20093h30\u2009\u00bb se sont finalement \u00e9coul\u00e9es entre ses deux passages.<\/p>\n<blockquote class=\"ac-article-quote wall-content\">\n<p>Sans ce d\u00e9faut de surveillance, l&rsquo;enfant aurait eu 100 % de chances d&rsquo;avoir une jambe gauche intacte.<\/p>\n<p>    <strong>M\u00e9decin-expert charg\u00e9 de se prononcer sur les responsabilit\u00e9s du CHU de Rennes<\/strong>\n            <\/p><\/blockquote>\n<p class=\" wall-content\">L\u2019enfant \u2013 qui \u00ab\u2009a fait preuve d\u2019un courage sans faille\u2009\u00bb, selon son avocate \u2013 avait par ailleurs endur\u00e9 des<strong> \u00ab\u2009souffrances importantes\u2009\u00bb<\/strong>, \u00e9valu\u00e9es \u00e0 5 sur une \u00e9chelle de 0 \u00e0 7. \u00c0 ce jour, son \u00e9tat de sant\u00e9 n\u2019est \u00ab\u2009toujours pas consolid\u00e9\u2009\u00bb, a aussi pr\u00e9cis\u00e9 le magistrat charg\u00e9 de formuler des pr\u00e9conisations au tribunal.<\/p>\n<p class=\" wall-content\">La petite fille avait aussi d\u00fb b\u00e9n\u00e9ficier d\u2019une \u00ab\u2009assistance par tierce personne\u2009\u00bb, d\u2019abord \u00e0 raison de trois heures par jour, puis de deux heures \u00e0 compter de 2020. Elle ne pourra par ailleurs <strong>\u00ab\u2009jamais pratiquer les activit\u00e9s sportives de son \u00e2ge\u2009\u00bb,<\/strong> a soupir\u00e9 son avocate.<\/p>\n<p>\u00ab\u2009Amputer\u2009\u00bb la jambe, selon le m\u00e9decin<\/p>\n<p class=\" wall-content\">Sa m\u00e8re \u2013 alors salari\u00e9e \u2013 avait m\u00eame d\u00fb \u00ab\u2009cesser de travailler\u2009\u00bb apr\u00e8s que le chirurgien lui a fait <strong>\u00ab\u2009une annonce brutale\u2009\u00bb<\/strong>\u2009: il avait dit, devant la fillette et ses deux fr\u00e8res, qu\u2019il n\u2019y avait <strong>\u00ab\u2009qu\u2019une solution\u2009\u00bb consistant \u00e0 \u00ab\u2009amputer\u2009\u00bb la jambe.<\/strong> Finalement, les parents se sont \u00ab\u2009d\u00e9men\u00e9s\u2009\u00bb pour faire soigner leur fille \u00e0 l\u2019h\u00f4pital Necker, \u00e0 Paris, et sa jambe a pu \u00eatre sauv\u00e9e.<\/p>\n<p class=\" wall-content\">Du point de vue du magistrat, cette <strong>d\u00e9mission professionnelle<\/strong> de la m\u00e8re s\u2019explique toutefois davantage par \u00ab\u2009la grande pr\u00e9maturit\u00e9\u2009\u00bb des jumeaux que par les \u00ab\u2009fautes\u2009\u00bb de l\u2019h\u00f4pital. Il n\u2019y a donc pas lieu, selon lui, d\u2019indemniser sa \u00ab\u2009perte de revenus\u2009\u00bb.<\/p>\n<p class=\" wall-content\">\u00ab\u2009L\u2019assistance des parents aupr\u00e8s d\u2019un enfant pr\u00e9sentant un handicap se fait souvent au d\u00e9triment des femmes, c\u2019est une r\u00e9alit\u00e9 de cette soci\u00e9t\u00e9\u2009\u00bb, a r\u00e9torqu\u00e9 Me Aur\u00e9lie Chevet, l\u2019avocate de la famille. \u00ab\u2009Forc\u00e9ment, quand on a des rendez-vous toute la semaine, cela implique des incompatibilit\u00e9s notoires avec la vie professionnelle d\u2019une salari\u00e9e.\u2009\u00bb<\/p>\n<p>Une d\u00e9cision dans un mois<\/p>\n<p class=\" wall-content\">Finalement, le rapporteur public a pr\u00e9conis\u00e9 de condamner le CHU de Rennes \u00e0 verser <strong>175\u2009000\u00a0euros \u00e0 la fillette<\/strong> pour l\u2019int\u00e9gralit\u00e9 de ses pr\u00e9judices, 20\u2009000\u00a0euros pour ses parents, 1\u2009500\u00a0euros pour son fr\u00e8re a\u00een\u00e9 et 1\u2009000\u00a0euros pour son fr\u00e8re jumeau.<\/p>\n<p class=\" wall-content\">Le tribunal administratif de Rennes, qui a mis sa <strong>d\u00e9cision<\/strong> en d\u00e9lib\u00e9r\u00e9, se prononcera d\u2019ici <strong>un mois environ.<\/strong><\/p>\n<p class=\" wall-content\"><strong>CB (PressPepper)<\/strong><\/p>\n<p class=\" wall-content\">Suivez toute l\u2019actualit\u00e9 de vos villes et m\u00e9dias favoris en vous inscrivant \u00e0 <a href=\"https:\/\/moncompte.actu.fr\" title=\"D\u00e9couvez Mon Actu\" rel=\"nofollow noopener\" data-trk=\"{&quot;cta&quot;:{&quot;action&quot;:&quot;https:\\\/\\\/moncompte.actu.fr&quot;,&quot;category&quot;:&quot;mon compte&quot;,&quot;from&quot;:&quot;article footer&quot;,&quot;name&quot;:&quot;Mon actu&quot;,&quot;type&quot;:&quot;cta&quot;}}\" target=\"_blank\">Mon Actu<\/a>.<\/p>\n","protected":false},"excerpt":{"rendered":"Par R\u00e9daction Rennes Publi\u00e9 le 17 mai 2025 \u00e0 12h04 Il s\u2019agissait d\u2019un simple \u00ab\u2009\u0153d\u00e8me\u2009\u00bb pour le corps&hellip;\n","protected":false},"author":2,"featured_media":106787,"comment_status":"","ping_status":"","sticky":false,"template":"","format":"standard","meta":{"footnotes":""},"categories":[2821],"tags":[1111,11,829,1777,674,118,1011,27,303,12,584,25,71,3382],"class_list":{"0":"post-106786","1":"post","2":"type-post","3":"status-publish","4":"format-standard","5":"has-post-thumbnail","7":"category-rennes","8":"tag-actu","9":"tag-actualites","10":"tag-bretagne","11":"tag-eu","12":"tag-europe","13":"tag-faits-divers","14":"tag-fr","15":"tag-france","16":"tag-justice","17":"tag-news","18":"tag-rennes","19":"tag-republique-francaise","20":"tag-sante","21":"tag-tribunal-administratif-de-rennes"},"share_on_mastodon":{"url":"https:\/\/pubeurope.com\/@fr\/114522799731698082","error":""},"_links":{"self":[{"href":"https:\/\/www.europesays.com\/fr\/wp-json\/wp\/v2\/posts\/106786","targetHints":{"allow":["GET"]}}],"collection":[{"href":"https:\/\/www.europesays.com\/fr\/wp-json\/wp\/v2\/posts"}],"about":[{"href":"https:\/\/www.europesays.com\/fr\/wp-json\/wp\/v2\/types\/post"}],"author":[{"embeddable":true,"href":"https:\/\/www.europesays.com\/fr\/wp-json\/wp\/v2\/users\/2"}],"replies":[{"embeddable":true,"href":"https:\/\/www.europesays.com\/fr\/wp-json\/wp\/v2\/comments?post=106786"}],"version-history":[{"count":0,"href":"https:\/\/www.europesays.com\/fr\/wp-json\/wp\/v2\/posts\/106786\/revisions"}],"wp:featuredmedia":[{"embeddable":true,"href":"https:\/\/www.europesays.com\/fr\/wp-json\/wp\/v2\/media\/106787"}],"wp:attachment":[{"href":"https:\/\/www.europesays.com\/fr\/wp-json\/wp\/v2\/media?parent=106786"}],"wp:term":[{"taxonomy":"category","embeddable":true,"href":"https:\/\/www.europesays.com\/fr\/wp-json\/wp\/v2\/categories?post=106786"},{"taxonomy":"post_tag","embeddable":true,"href":"https:\/\/www.europesays.com\/fr\/wp-json\/wp\/v2\/tags?post=106786"}],"curies":[{"name":"wp","href":"https:\/\/api.w.org\/{rel}","templated":true}]}}