{"id":1067876,"date":"2026-07-16T08:16:11","date_gmt":"2026-07-16T08:16:11","guid":{"rendered":"https:\/\/www.europesays.com\/fr\/1067876\/"},"modified":"2026-07-16T08:16:11","modified_gmt":"2026-07-16T08:16:11","slug":"psg-97-de-reussite-au-baccalaureat-actualite","status":"publish","type":"post","link":"https:\/\/www.europesays.com\/fr\/1067876\/","title":{"rendered":"PSG : 97% de r\u00e9ussite au baccalaur\u00e9at &#8211; Actualite"},"content":{"rendered":"<p>Le Paris Saint-Germain ne se contente pas de former des champions sur les terrains. Au Campus PSG, les jeunes talents poursuivent \u00e9galement leur parcours scolaire avec s\u00e9rieux, et les r\u00e9sultats de la session 2026 du baccalaur\u00e9at viennent une nouvelle fois le d\u00e9montrer. Selon les informations du Parisien, le club de la capitale affiche un remarquable taux de r\u00e9ussite de 97 % au baccalaur\u00e9at cette ann\u00e9e. Un chiffre qui r\u00e9compense le travail des jeunes Parisiennes et Parisiens, mais aussi l\u2019accompagnement mis en place par le PSG pour concilier les exigences du tr\u00e8s haut niveau et celles des \u00e9tudes.<\/p>\n<p>Au total, 33 apprentis footballeurs, filles et gar\u00e7ons confondus, se sont pr\u00e9sent\u00e9s aux \u00e9preuves cette ann\u00e9e. Parmi eux, 14 \u00e9l\u00e8ves \u00e9taient inscrits en terminale STMG, 9 en terminale g\u00e9n\u00e9rale et 10 en baccalaur\u00e9at professionnel. Cette r\u00e9ussite illustre la philosophie du Paris Saint-Germain, qui souhaite former des sportifs accomplis sans jamais n\u00e9gliger leur avenir scolaire. Tous ne deviendront pas des joueurs ou joueuses professionnels, mais chacun repartira du Campus avec un dipl\u00f4me et des bases solides pour construire son futur.<\/p>\n<p>Une excellente nouvelle qui confirme que les jeunes du PSG savent relever les d\u00e9fis, ballon aux pieds comme sur les bancs de l\u2019\u00e9cole.<\/p>\n","protected":false},"excerpt":{"rendered":"Le Paris Saint-Germain ne se contente pas de former des champions sur les terrains. Au Campus PSG, les&hellip;\n","protected":false},"author":2,"featured_media":1067877,"comment_status":"","ping_status":"","sticky":false,"template":"","format":"standard","meta":{"footnotes":"","_share_on_mastodon":"0"},"categories":[1888],"tags":[1111,1928,11,1927,3396,3867,13701,6828,110564,77011,1777,674,35289,1011,27,7820,4074,3289,12,1926,12618,626,1925,18074,25,46614,3213,7423,19789,3245,32867],"class_list":["post-1067876","post","type-post","status-publish","format-standard","has-post-thumbnail","category-paris","tag-actu","tag-actu-paris","tag-actualites","tag-actualites-paris","tag-avec","tag-baccalaureat","tag-campus","tag-champions","tag-contente","tag-egalement","tag-eu","tag-europe","tag-former","tag-fr","tag-france","tag-germain","tag-jeunes","tag-leur","tag-news","tag-news-paris","tag-parcours","tag-paris","tag-paris-news","tag-poursuivent","tag-republique-francaise","tag-reussite","tag-saint","tag-scolaire","tag-serieux","tag-talents","tag-terrains"],"share_on_mastodon":{"url":"https:\/\/pubeurope.com\/@fr\/116928668356774424","error":""},"_links":{"self":[{"href":"https:\/\/www.europesays.com\/fr\/wp-json\/wp\/v2\/posts\/1067876","targetHints":{"allow":["GET"]}}],"collection":[{"href":"https:\/\/www.europesays.com\/fr\/wp-json\/wp\/v2\/posts"}],"about":[{"href":"https:\/\/www.europesays.com\/fr\/wp-json\/wp\/v2\/types\/post"}],"author":[{"embeddable":true,"href":"https:\/\/www.europesays.com\/fr\/wp-json\/wp\/v2\/users\/2"}],"replies":[{"embeddable":true,"href":"https:\/\/www.europesays.com\/fr\/wp-json\/wp\/v2\/comments?post=1067876"}],"version-history":[{"count":0,"href":"https:\/\/www.europesays.com\/fr\/wp-json\/wp\/v2\/posts\/1067876\/revisions"}],"wp:featuredmedia":[{"embeddable":true,"href":"https:\/\/www.europesays.com\/fr\/wp-json\/wp\/v2\/media\/1067877"}],"wp:attachment":[{"href":"https:\/\/www.europesays.com\/fr\/wp-json\/wp\/v2\/media?parent=1067876"}],"wp:term":[{"taxonomy":"category","embeddable":true,"href":"https:\/\/www.europesays.com\/fr\/wp-json\/wp\/v2\/categories?post=1067876"},{"taxonomy":"post_tag","embeddable":true,"href":"https:\/\/www.europesays.com\/fr\/wp-json\/wp\/v2\/tags?post=1067876"}],"curies":[{"name":"wp","href":"https:\/\/api.w.org\/{rel}","templated":true}]}}