{"id":106788,"date":"2025-05-17T10:53:11","date_gmt":"2025-05-17T10:53:11","guid":{"rendered":"https:\/\/www.europesays.com\/fr\/106788\/"},"modified":"2025-05-17T10:53:11","modified_gmt":"2025-05-17T10:53:11","slug":"rennes-un-trio-dattaque-avec-rowe-gouiri-et-greenwood-decouvrez-la-composition-probable","status":"publish","type":"post","link":"https:\/\/www.europesays.com\/fr\/106788\/","title":{"rendered":"Rennes : un trio d&rsquo;attaque avec Rowe, Gouiri et Greenwood ? D\u00e9couvrez la composition probable"},"content":{"rendered":"<p>Apr\u00e8s la lib\u00e9ration la semaine derni\u00e8re au Havre, o\u00f9 la victoire acquise en fin de rencontre a permis aux Olympiens de valider leur billet pour la Ligue des champions la saison prochaine, il serait de mauvais go\u00fbt pour ces derniers de g\u00e2cher la f\u00eate qui s&rsquo;annonce au V\u00e9lodrome ce samedi 17 mai \u00e0 cause d&rsquo;une d\u00e9faite. Pour la derni\u00e8re journ\u00e9e de Ligue 1 de la saison, <a href=\"https:\/\/www.laprovence.com\/article\/om\/49311480191362\/om-une-derniere-contre-rennes-pour-conserver-la-2e-place\" target=\"_blank\" rel=\"nofollow noopener\">l&rsquo;OM re\u00e7oit le Stade Rennais dans son antre,<\/a> et si l&rsquo;essentiel est d&rsquo;ores et d\u00e9j\u00e0 acquis, il faut n\u00e9anmoins fournir un dernier effort pour accomplir un dernier objectif.<\/p>\n<p><a href=\"https:\/\/www.laprovence.com\/article\/om\/1960145865881714\/direct-laprovence-direct-om-suivez-la-conference-de-presse-de-greenwood-et-de-zerbi-avant-le-dernier-match-de-la-saison\" target=\"_blank\" rel=\"nofollow noopener\">Mason Greenwood et Roberto De Zerbi<\/a> se sont charg\u00e9s de le rappeler vendredi 16 mai lors de la conf\u00e9rence de presse d&rsquo;avant-match : Marseille veut terminer \u00e0 la deuxi\u00e8me place du classement, derri\u00e8re l&rsquo;intouchable PSG, une position que le club a occup\u00e9 une grande partie de la saison.<\/p>\n<p>Pour y parvenir, le technicien italien devrait aligner un 4-2-3-1, qu&rsquo;il a adopt\u00e9 dans la derni\u00e8re ligne droite du championnat, et devra faire sans Rongier et Kondogbia, forfaits pour cause de blessure. En d\u00e9fense, De Zerbi opterait pour Murillo et Garcia sur les c\u00f4t\u00e9s, ainsi que pour une charni\u00e8re Balerdi-Luiz Felipe. Au milieu, Hojbjerg et Bennacer seront associ\u00e9s tandis que <a href=\"https:\/\/www.laprovence.com\/article\/om\/1937061703317614\/om-adrien-rabiot-designe-olympien-de-la-saison-par-les-supporters\" target=\"_blank\" rel=\"nofollow noopener\">Rabiot, qui a \u00e9t\u00e9 d\u00e9sign\u00e9 Olympien de la saison par les supporters,<\/a> sera positionn\u00e9 derri\u00e8re l&rsquo;attaquant.<\/p>\n<p>Les compositions probables<\/p>\n<p>OM : Rulli &#8211; Murillo, Balerdi (cap.), Luiz Felipe, Garcia &#8211; Bennacer, Hojbjerg &#8211; Greenwood, Rabiot, Rowe &#8211; Gouiri.<\/p>\n<p>Rempla\u00e7ants : De Lange (g.), Cornelius, Lirola, Dedic, Merlin, Harit, Nadir, Luis Henrique, Maupay, Moumbagna.<\/p>\n<p>Absents : Kondogbia, Rongier (bless\u00e9s), Mbemba, Blanco (choix).<\/p>\n<p>Entra\u00eeneur : Roberto De Zerbi.<\/p>\n<p>Rennes : Samba &#8211; Jacquet, Rouault, Brassier, Truffert (cap.) &#8211; Fofana, Ciss\u00e9, Matusiwa &#8211;\u00a0Al Tamari, Kalimuendo, Blas.<\/p>\n<p>Rempla\u00e7ants : Mandanda (g.), Assignon, Faye, Hateboer, Nagida, James, Kon\u00e9, Olaigbe, Buruhashi, Gomez, Me\u00eft\u00e9.<\/p>\n<p>Absents : Seidu (bless\u00e9), Wooh (suspendu), Ahamada, Sishuba (choix)<\/p>\n<p>Entra\u00eeneur : Habib Beye.<\/p>\n","protected":false},"excerpt":{"rendered":"Apr\u00e8s la lib\u00e9ration la semaine derni\u00e8re au Havre, o\u00f9 la victoire acquise en fin de rencontre a permis&hellip;\n","protected":false},"author":2,"featured_media":106789,"comment_status":"","ping_status":"","sticky":false,"template":"","format":"standard","meta":{"footnotes":""},"categories":[2821],"tags":[17,1111,11,3396,829,22384,1777,674,1011,27,20171,12,149,584,25,22385,13538],"class_list":{"0":"post-106788","1":"post","2":"type-post","3":"status-publish","4":"format-standard","5":"has-post-thumbnail","7":"category-rennes","8":"tag-17","9":"tag-actu","10":"tag-actualites","11":"tag-avec","12":"tag-bretagne","13":"tag-dattaque","14":"tag-eu","15":"tag-europe","16":"tag-fr","17":"tag-france","18":"tag-gouiri","19":"tag-news","20":"tag-om","21":"tag-rennes","22":"tag-republique-francaise","23":"tag-rowe","24":"tag-trio"},"share_on_mastodon":{"url":"https:\/\/pubeurope.com\/@fr\/114522803601674973","error":""},"_links":{"self":[{"href":"https:\/\/www.europesays.com\/fr\/wp-json\/wp\/v2\/posts\/106788","targetHints":{"allow":["GET"]}}],"collection":[{"href":"https:\/\/www.europesays.com\/fr\/wp-json\/wp\/v2\/posts"}],"about":[{"href":"https:\/\/www.europesays.com\/fr\/wp-json\/wp\/v2\/types\/post"}],"author":[{"embeddable":true,"href":"https:\/\/www.europesays.com\/fr\/wp-json\/wp\/v2\/users\/2"}],"replies":[{"embeddable":true,"href":"https:\/\/www.europesays.com\/fr\/wp-json\/wp\/v2\/comments?post=106788"}],"version-history":[{"count":0,"href":"https:\/\/www.europesays.com\/fr\/wp-json\/wp\/v2\/posts\/106788\/revisions"}],"wp:featuredmedia":[{"embeddable":true,"href":"https:\/\/www.europesays.com\/fr\/wp-json\/wp\/v2\/media\/106789"}],"wp:attachment":[{"href":"https:\/\/www.europesays.com\/fr\/wp-json\/wp\/v2\/media?parent=106788"}],"wp:term":[{"taxonomy":"category","embeddable":true,"href":"https:\/\/www.europesays.com\/fr\/wp-json\/wp\/v2\/categories?post=106788"},{"taxonomy":"post_tag","embeddable":true,"href":"https:\/\/www.europesays.com\/fr\/wp-json\/wp\/v2\/tags?post=106788"}],"curies":[{"name":"wp","href":"https:\/\/api.w.org\/{rel}","templated":true}]}}