{"id":106790,"date":"2025-05-17T10:54:10","date_gmt":"2025-05-17T10:54:10","guid":{"rendered":"https:\/\/www.europesays.com\/fr\/106790\/"},"modified":"2025-05-17T10:54:10","modified_gmt":"2025-05-17T10:54:10","slug":"obenheim-mihaly-temesvari-apres-une-vie-au-conservatoire-de-strasbourg-prepare-son-depart-a-la-retraite","status":"publish","type":"post","link":"https:\/\/www.europesays.com\/fr\/106790\/","title":{"rendered":"Obenheim. Mih\u00e1ly Temesv\u00e1ri, apr\u00e8s une vie au conservatoire de Strasbourg, pr\u00e9pare son d\u00e9part \u00e0 la retraite"},"content":{"rendered":"<p>\u00ab\u00a0Ce n\u2019est pas facile, \u00e7a me fait un dr\u00f4le d\u2019effet\u00a0\u00bb, confie ce passionn\u00e9 de musique et de transmission, arriv\u00e9 au conservatoire \u00e0 l\u2019\u00e2ge de 8 ans et demi. \u00c0 ce moment-l\u00e0, le conservatoire de Strasbourg n\u2019\u00e9tait pas encore ce superbe b\u00e2timent, place Dauphine, mais \u00e9tait constitu\u00e9 de salles \u00e9parses \u00e0 travers toute la ville.<\/p>\n<p>\u00ab\u00a0Mon cours de violoncelle se passait dans un appartement, au deuxi\u00e8me \u00e9tage d\u2019une maison, rue Baldung-Grien, pr\u00e8s de la synagogue. Plus tard, les cours ont \u00e9t\u00e9 r\u00e9int\u00e9gr\u00e9s dans le grand b\u00e2timent de la place de la R\u00e9publique, l\u2019actuel TNS et aussi dans&#8230;<\/p>\n","protected":false},"excerpt":{"rendered":"\u00ab\u00a0Ce n\u2019est pas facile, \u00e7a me fait un dr\u00f4le d\u2019effet\u00a0\u00bb, confie ce passionn\u00e9 de musique et de transmission,&hellip;\n","protected":false},"author":2,"featured_media":106791,"comment_status":"","ping_status":"","sticky":false,"template":"","format":"standard","meta":{"footnotes":""},"categories":[2820],"tags":[1111,11,1687,3143,1777,674,107,1011,27,775,873,12,22386,25,19152,640],"class_list":{"0":"post-106790","1":"post","2":"type-post","3":"status-publish","4":"format-standard","5":"has-post-thumbnail","7":"category-strasbourg","8":"tag-actu","9":"tag-actualites","10":"tag-culture-loisirs","11":"tag-edition-selestat-erstein","12":"tag-eu","13":"tag-europe","14":"tag-fil-info","15":"tag-fr","16":"tag-france","17":"tag-grand-est","18":"tag-musique","19":"tag-news","20":"tag-obenheim","21":"tag-republique-francaise","22":"tag-secteur-derstein","23":"tag-strasbourg"},"share_on_mastodon":{"url":"https:\/\/pubeurope.com\/@fr\/114522807526514238","error":""},"_links":{"self":[{"href":"https:\/\/www.europesays.com\/fr\/wp-json\/wp\/v2\/posts\/106790","targetHints":{"allow":["GET"]}}],"collection":[{"href":"https:\/\/www.europesays.com\/fr\/wp-json\/wp\/v2\/posts"}],"about":[{"href":"https:\/\/www.europesays.com\/fr\/wp-json\/wp\/v2\/types\/post"}],"author":[{"embeddable":true,"href":"https:\/\/www.europesays.com\/fr\/wp-json\/wp\/v2\/users\/2"}],"replies":[{"embeddable":true,"href":"https:\/\/www.europesays.com\/fr\/wp-json\/wp\/v2\/comments?post=106790"}],"version-history":[{"count":0,"href":"https:\/\/www.europesays.com\/fr\/wp-json\/wp\/v2\/posts\/106790\/revisions"}],"wp:featuredmedia":[{"embeddable":true,"href":"https:\/\/www.europesays.com\/fr\/wp-json\/wp\/v2\/media\/106791"}],"wp:attachment":[{"href":"https:\/\/www.europesays.com\/fr\/wp-json\/wp\/v2\/media?parent=106790"}],"wp:term":[{"taxonomy":"category","embeddable":true,"href":"https:\/\/www.europesays.com\/fr\/wp-json\/wp\/v2\/categories?post=106790"},{"taxonomy":"post_tag","embeddable":true,"href":"https:\/\/www.europesays.com\/fr\/wp-json\/wp\/v2\/tags?post=106790"}],"curies":[{"name":"wp","href":"https:\/\/api.w.org\/{rel}","templated":true}]}}