{"id":106797,"date":"2025-05-17T10:58:18","date_gmt":"2025-05-17T10:58:18","guid":{"rendered":"https:\/\/www.europesays.com\/fr\/106797\/"},"modified":"2025-05-17T10:58:18","modified_gmt":"2025-05-17T10:58:18","slug":"quatre-raisons-de-revisiter-le-musee-darts-de-nantes","status":"publish","type":"post","link":"https:\/\/www.europesays.com\/fr\/106797\/","title":{"rendered":"Quatre raisons de (re)visiter le mus\u00e9e d\u2019Arts de Nantes"},"content":{"rendered":"<p>Outre l\u2019expo Electric op, qui revisite l\u2019histoire de l\u2019art optique jusqu\u2019au num\u00e9rique, le mus\u00e9e d\u2019Arts de Nantes met en lumi\u00e8re quatre installations ou accrochages d\u2019art moderne ou contemporain, \u00e0 d\u00e9couvrir cet \u00e9t\u00e9.<\/p>\n<p>James Guitet, voyage dans l\u2019art abstrait<\/p>\n<p>\t<img decoding=\"async\" src=\"https:\/\/www.europesays.com\/fr\/wp-content\/uploads\/2025\/05\/P35233404D6811816G_px_640_.jpg\" alt=\"photo le mus\u00e9e d'arts de nantes consacre une salle \u00e0 l'accrochaage des \u0153uvres du peintre nantais james guite(1925-2010).  \u00a9  photo presse oc\u00e9an-thierry butzbach\" width=\"640\" title=\" Le Mus\u00e9e d'arts de Nantes consacre une salle \u00e0 l'accrochaage des \u0153uvres du peintre nantais James Guite(1925-2010).   Photo Presse Oc\u00e9an-Thierry Butzbach \"\/><\/p>\n<p class=\"elmt-legende\"> Le Mus\u00e9e d&rsquo;arts de Nantes consacre une salle \u00e0 l&rsquo;accrochaage des \u0153uvres du peintre nantais James Guite(1925-2010).   Photo Presse Oc\u00e9an-Thierry Butzbach <\/p>\n<p>\u00c0 l\u2019occasion du centenaire de la naissance du peintre James Guitet, le mus\u00e9e d\u2019Arts de Nantes lui consacre un accrochage r\u00e9trospectif en salle 21.\u00a0Avec une pr\u00e9sentation d\u2019\u0153uvres provenant exclusivement des collections et notamment de son cabinet d\u2019arts graphiques, le mus\u00e9e entend faire (re)d\u00e9couvrir l\u2019un des premiers peintres form\u00e9s \u00e0 l\u2019\u00e9cole des Beaux-Arts de Nantes \u00e0 s\u2019\u00eatre tourn\u00e9, d\u00e8s les ann\u00e9es 1950, vers l\u2019abstraction. On y d\u00e9couvre l\u2019\u00e9volution progressive de son travail, des ann\u00e9es 1950 \u00e0 2000, compl\u00e9t\u00e9e par plusieurs \u0153uvres de contemporains (Natalia Dumitresco, Martin Barr\u00e9, Daniel Dezeuze).<\/p>\n<p>Le don exceptionnel du couple Branchet<\/p>\n<p><a href=\"https:\/\/nantes.maville.com\/actu\/actudet_-portrait.-on-n-a-pas-fait-ca-pour-les-sous-ils-donnent-leur-collection-au-musee-d-arts-de-nantes-_8-6518555_actu.Htm?utm_source=troove&amp;utm_medium=site\" target=\"_blank\" rel=\"noopener\">\u00c0 la t\u00eate de la galerie nantaise Convergence de 1975 \u00e0 2000, Jean et Jeannette Branchet ont fait une donation exceptionnelle<\/a>, l\u2019une des plus importante c\u00e9d\u00e9e au mus\u00e9e d\u2019Arts de Nantes. <a href=\"https:\/\/nantes.maville.com\/actu\/actudet_--ils-nous-ont-laisse-le-libre-choix-des-oeuvres-la-belle-histoire-de-la-donation-des-branchet-_8-6518581_actu.Htm?utm_source=troove&amp;utm_medium=site\" target=\"_blank\" rel=\"noopener\">Quarante-six \u0153uvres, d\u2019une valeur estim\u00e9e \u00e0 335 900\u00a0\u20ac, sont ainsi entr\u00e9es dans ses collections d\u2019art moderne en 2023<\/a>. Quatre \u0153uvres ont trouv\u00e9 leur place dans l\u2019exposition Electric Op. Claire Leboss\u00e9, conservatrice pour l\u2019art moderne, a souhait\u00e9 mettre un peu plus en avant encore ce don exceptionnel. Ainsi, salle 25, 11 \u0153uvres, de Michel Jou\u00ebt, Henri Prosi, Victor Vasarely, pour ne citer qu\u2019eux, entrent en r\u00e9sonance avec celles de Sonia Delaunay, Fran\u00e7ois Morellet ou encore Jean Gorin. \u00ab\u00a0Nantes Saint-Etienne\u00a0\u00bb, de Bernard Rancillac, est expos\u00e9e depuis cet \u00e9t\u00e9 au niveau 0 du Cube.<\/p>\n<p>Michaela Sanson-Braun sur le parvis<\/p>\n<p>\t<img decoding=\"async\" src=\"https:\/\/www.europesays.com\/fr\/wp-content\/uploads\/2025\/05\/P35233405D6811816G_px_640_.jpg\" alt=\"photo l'artiste michaela sanson-braun devant son installation peaches and cream expos\u00e9e dans la vitrine du parvis du mus\u00e9e d'arts de nantes.  \u00a9  photo presse oc\u00e9an-thierry butzbach\" width=\"640\" title=\" L'artiste Michaela Sanson-Braun devant son installation Peaches and Cream expos\u00e9e dans la vitrine du parvis du Mus\u00e9e d'Arts de Nantes.   Photo Presse Oc\u00e9an-Thierry Butzbach \"\/><\/p>\n<p class=\"elmt-legende\"> L&rsquo;artiste Michaela Sanson-Braun devant son installation Peaches and Cream expos\u00e9e dans la vitrine du parvis du Mus\u00e9e d&rsquo;Arts de Nantes.   Photo Presse Oc\u00e9an-Thierry Butzbach <\/p>\n<p>Le mus\u00e9e d\u2019arts de Nantes accueille aussi une installation in\u00e9dite intitul\u00e9e \u00ab\u00a0Peaches and Cream\u00a0\u00bb, de Michaela Sanson-Braun, dans la vitrine du parvis. Form\u00e9e aux Beaux-Arts de Stuttgart, l\u2019artiste allemande a \u00e9tudi\u00e9 \u00e0 la prestigieuse Slade School of Fine Art de Londres, o\u00f9 elle a v\u00e9cu pendant 20\u00a0ans. \u00a0J\u2019ai particip\u00e9 \u00e0 des expos collectives, tout en me formant au m\u00e9tier de sommeli\u00e8re. En 2019, avec le Brexit, nous avons choisi d\u2019habiter \u00e0 Nantes, s\u00e9duit par le rayonnement culturel de la ville\u00a0, explique la p\u00e9tillante peintre et sculptrice. Avec son travail sur 55\u00a0jours de confinement (2020), expos\u00e9 au Grand Huit du collectif Bonus \u00e0 Nantes, elle se fait conna\u00eetre par le Frac qui lui consacre une grande exposition solo en 2023. \u00ab\u00a0Peaches and Cream\u00a0\u00bb se compose de fragments architecturaux inspir\u00e9s de l\u2019abbaye de Fontevraud, m\u00eal\u00e9s subtilement \u00e0 des d\u00e9tails d\u2019\u0153uvres de la collection du mus\u00e9e ainsi que de son architecture. L\u2019ensemble est agglom\u00e9r\u00e9 en une pseudo-ruine extravagante.<\/p>\n<p>Capucine Vever \u00e0 la chapelle de l\u2019Oratoire<\/p>\n<p>\t<img decoding=\"async\" src=\"https:\/\/www.europesays.com\/fr\/wp-content\/uploads\/2025\/05\/P35233406D6811816G_px_640_.jpg\" alt=\"photo l'exposition dunking island, de capucine vever, dans la chapelle de l'oratoire du mus\u00e9e d'arts de nantes.  \u00a9  photo presse oc\u00e9an-thierry butzbach\" width=\"640\" title=\" L'exposition Dunking Island, de Capucine Vever, dans la Chapelle de l'oratoire du Mus\u00e9e d'Arts de Nantes.   Photo Presse Oc\u00e9an-Thierry Butzbach \"\/><\/p>\n<p class=\"elmt-legende\"> L&rsquo;exposition Dunking Island, de Capucine Vever, dans la Chapelle de l&rsquo;oratoire du Mus\u00e9e d&rsquo;Arts de Nantes.   Photo Presse Oc\u00e9an-Thierry Butzbach <\/p>\n<p>\u00ab\u00a0Dunking Island\u00a0\u00bb, de Capucine Vever, est une installation immersive au sein de laquelle le spectateur est invit\u00e9 \u00e0 d\u00e9ambuler. L\u2019\u0153uvre, compos\u00e9e de six \u00e9crans et d\u2019un dispositif acoustique multi-canal, d\u00e9voile de mani\u00e8re fragmentaire le film de 35\u00a0minutes tourn\u00e9 dans la baie de Dakar, au S\u00e9n\u00e9gal. \u00a0L\u2019id\u00e9e au d\u00e9part \u00e9tait d\u2019aborder la probl\u00e9matique de la mont\u00e9e des eaux. Et puis j\u2019ai d\u00e9couvert cette \u00eele de Gor\u00e9e minuscule avec une histoire immense, dont le nom r\u00e9sonne avec la traite atlantique\u00a0 La plasticienne, install\u00e9e \u00e0 Pantin (93), a appris \u00e0 plonger pour filmer la mont\u00e9e des eaux depuis l\u2019oc\u00e9an. Dans cette installation vid\u00e9o et sonore, elle y aborde aussi la surp\u00eache et la pollution, avec la complicit\u00e9 du chanteur s\u00e9n\u00e9galais Wasis Diop, qui a \u00e9crit un r\u00e9cit-po\u00e9sie, et celle de Valentin Ferr\u00e9, musicien et designer sonore.<\/p>\n<p><a href=\"https:\/\/nantes.maville.com\/actu\/actudet_-nuit-des-musees-2025-le-programme-dans-les-etablissements-de-nantes-_8-6807091_actu.Htm\" target=\"_blank\" rel=\"noopener\">Ce samedi 17\u00a0mai, \u00e0 19 h 30, une discussion est organis\u00e9e \u00e0 l\u2019auditorium, entre l\u2019artiste et Wasis Diop, avant un live \u00e0 21\u00a0h, pour la Nuit des mus\u00e9es<\/a>.<\/p>\n<p>\u00a0<\/p>\n","protected":false},"excerpt":{"rendered":"Outre l\u2019expo Electric op, qui revisite l\u2019histoire de l\u2019art optique jusqu\u2019au num\u00e9rique, le mus\u00e9e d\u2019Arts de Nantes met&hellip;\n","protected":false},"author":2,"featured_media":106798,"comment_status":"","ping_status":"","sticky":false,"template":"","format":"standard","meta":{"footnotes":""},"categories":[2818],"tags":[22387,1111,11,1348,1777,674,1011,27,3048,766,12,2636,21708,25],"class_list":{"0":"post-106797","1":"post","2":"type-post","3":"status-publish","4":"format-standard","5":"has-post-thumbnail","7":"category-nantes","8":"tag-revisiter","9":"tag-actu","10":"tag-actualites","11":"tag-arts","12":"tag-eu","13":"tag-europe","14":"tag-fr","15":"tag-france","16":"tag-musee","17":"tag-nantes","18":"tag-news","19":"tag-pays-de-la-loire","20":"tag-raisons","21":"tag-republique-francaise"},"share_on_mastodon":{"url":"https:\/\/pubeurope.com\/@fr\/114522823364400349","error":""},"_links":{"self":[{"href":"https:\/\/www.europesays.com\/fr\/wp-json\/wp\/v2\/posts\/106797","targetHints":{"allow":["GET"]}}],"collection":[{"href":"https:\/\/www.europesays.com\/fr\/wp-json\/wp\/v2\/posts"}],"about":[{"href":"https:\/\/www.europesays.com\/fr\/wp-json\/wp\/v2\/types\/post"}],"author":[{"embeddable":true,"href":"https:\/\/www.europesays.com\/fr\/wp-json\/wp\/v2\/users\/2"}],"replies":[{"embeddable":true,"href":"https:\/\/www.europesays.com\/fr\/wp-json\/wp\/v2\/comments?post=106797"}],"version-history":[{"count":0,"href":"https:\/\/www.europesays.com\/fr\/wp-json\/wp\/v2\/posts\/106797\/revisions"}],"wp:featuredmedia":[{"embeddable":true,"href":"https:\/\/www.europesays.com\/fr\/wp-json\/wp\/v2\/media\/106798"}],"wp:attachment":[{"href":"https:\/\/www.europesays.com\/fr\/wp-json\/wp\/v2\/media?parent=106797"}],"wp:term":[{"taxonomy":"category","embeddable":true,"href":"https:\/\/www.europesays.com\/fr\/wp-json\/wp\/v2\/categories?post=106797"},{"taxonomy":"post_tag","embeddable":true,"href":"https:\/\/www.europesays.com\/fr\/wp-json\/wp\/v2\/tags?post=106797"}],"curies":[{"name":"wp","href":"https:\/\/api.w.org\/{rel}","templated":true}]}}