{"id":106804,"date":"2025-05-17T11:02:08","date_gmt":"2025-05-17T11:02:08","guid":{"rendered":"https:\/\/www.europesays.com\/fr\/106804\/"},"modified":"2025-05-17T11:02:08","modified_gmt":"2025-05-17T11:02:08","slug":"course-poursuite-a-toulouse-un-blesse-grave-des-policiers-choques-et-un-individu-en-prison","status":"publish","type":"post","link":"https:\/\/www.europesays.com\/fr\/106804\/","title":{"rendered":"Course-poursuite \u00e0 Toulouse. Un bless\u00e9 grave, des policiers \u00ab\u00a0choqu\u00e9s\u00a0\u00bb et un individu en prison"},"content":{"rendered":"<p>            Par<br \/>\n        <strong><br \/>\n            <a href=\"https:\/\/actu.fr\/auteur\/gabriel-kenedi\" title=\"Consulter tous les articles de Gabriel Kenedi\" rel=\"nofollow noopener\" target=\"_blank\">Gabriel Kenedi<\/a><br \/>\n        <\/strong><\/p>\n<p>        Publi\u00e9 le<\/p>\n<p>            17 mai 2025 \u00e0 12h36        <\/p>\n<p>Un jeune homme <strong>\u00e2g\u00e9 de 20 ans<\/strong> a \u00e9t\u00e9 condamn\u00e9 par le tribunal judiciaire de <strong>Toulouse<\/strong> \u00e0 une peine de prison ferme, jeudi 15 mai 2025, a appris <a href=\"https:\/\/actu.fr\/toulouse\/\" rel=\"nofollow noopener\" target=\"_blank\">Actu.fr<\/a> aupr\u00e8s du parquet de Toulouse.\u00a0<\/p>\n<p>Il roule \u00e0 160 km\/h pour \u00e9chapper \u00e0 la police<\/p>\n<p class=\" wall-content\">Les faits remontent au 16 mars dernier. Ce jour-l\u00e0, l\u2019individu \u2013 qui conduisait <strong>un scooter<\/strong> avec un passager \u00e0 l\u2019arri\u00e8re \u2013 est somm\u00e9 par la police de se soumettre \u00e0 un contr\u00f4le.\u00a0<\/p>\n<p class=\" wall-content\">Refusant d\u2019obtemp\u00e9rer, le conducteur du scooter <strong>\u00ab\u00a0prend tous les risques\u00a0\u00bb<\/strong>, affirme le parquet de Toulouse, et se met \u00e0 rouler \u00ab\u00a0<strong>\u00e0 plus de 160 km\/h pendant 24 km<\/strong>, de Toulouse \u00e0 Labarthe-sur-L\u00e8ze\u00a0\u00bb, une petite bourgade situ\u00e9e au sud-ouest de la Ville rose.\u00a0<\/p>\n<p>Il percute deux v\u00e9hicules de police\u00a0<\/p>\n<p class=\" wall-content\">La course-poursuite <strong>s\u2019arr\u00eate net<\/strong> au bout d\u2019une vingtaine de minutes, quand le chauffard, perdant le contr\u00f4le de son engin, finit par percuter \u00e0 grande vitesse <strong>deux v\u00e9hicules de police<\/strong> stationn\u00e9s en barrage sur la voie publique.<\/p>\n<p>Un bless\u00e9 grave, certains policiers \u00ab\u00a0choqu\u00e9s \u00ab\u00a0<\/p>\n<p class=\" wall-content\">Les cons\u00e9quences de ce <strong>violent accident<\/strong> sont importantes : le passager du scooter est <strong>\u00e9ject\u00e9 et gri\u00e8vement bless\u00e9<\/strong>. Certains policiers, qui \u00e9taient une dizaine sur place, sont <strong>l\u00e9g\u00e8rement bless\u00e9s<\/strong> dans la collision tandis que \u00ab\u00a0certains sont <strong>choqu\u00e9s psychologiquement<\/strong>\u00ab\u00a0, indique une source proche du dossier. Le chauffard, lui, a \u00e9t\u00e9 interpell\u00e9 dans la foul\u00e9e.\u00a0<\/p>\n<p>Vid\u00e9os : en ce moment sur Actu\u00a0Trois ans de prison\u00a0<\/p>\n<p class=\" wall-content\">Jeudi 15 mai, le jeune homme de 20 ans, d\u00e9j\u00e0 connu d\u00e9favorablement de la justice, a \u00e9t\u00e9 <strong>condamn\u00e9 \u00e0 trois ans d\u2019emprisonnement<\/strong> dont un an avec sursis. Son permis de conduire a \u00e9t\u00e9 annul\u00e9, et son engin a \u00e9t\u00e9 confisqu\u00e9.\u00a0<\/p>\n<p class=\" wall-content\">Suivez toute l\u2019actualit\u00e9 de vos villes et m\u00e9dias favoris en vous inscrivant \u00e0 <a href=\"https:\/\/moncompte.actu.fr\" title=\"D\u00e9couvez Mon Actu\" rel=\"nofollow noopener\" data-trk=\"{&quot;cta&quot;:{&quot;action&quot;:&quot;https:\\\/\\\/moncompte.actu.fr&quot;,&quot;category&quot;:&quot;mon compte&quot;,&quot;from&quot;:&quot;article footer&quot;,&quot;name&quot;:&quot;Mon actu&quot;,&quot;type&quot;:&quot;cta&quot;}}\" target=\"_blank\">Mon Actu<\/a>.<\/p>\n<ul class=\"ac-article-tag wall-content\">\n<li><a href=\"https:\/\/actu.fr\/tag\/police\" data-trk=\"{&quot;cta&quot;:{&quot;action&quot;:&quot;Police&quot;,&quot;category&quot;:&quot;tag&quot;,&quot;from&quot;:&quot;article footer&quot;,&quot;name&quot;:&quot;Police&quot;,&quot;type&quot;:&quot;cta&quot;}}\" rel=\"nofollow noopener\" target=\"_blank\">#Police<\/a><\/li>\n<li><a href=\"https:\/\/actu.fr\/tag\/refus-d-obtemperer\" data-trk=\"{&quot;cta&quot;:{&quot;action&quot;:&quot;Refus d\\u2019obtemp\\u00e9rer&quot;,&quot;category&quot;:&quot;tag&quot;,&quot;from&quot;:&quot;article footer&quot;,&quot;name&quot;:&quot;Refus d\\u2019obtemp\\u00e9rer&quot;,&quot;type&quot;:&quot;cta&quot;}}\" rel=\"nofollow noopener\" target=\"_blank\">#Refus d\u2019obtemp\u00e9rer<\/a><\/li>\n<\/ul>\n","protected":false},"excerpt":{"rendered":"Par Gabriel Kenedi Publi\u00e9 le 17 mai 2025 \u00e0 12h36 Un jeune homme \u00e2g\u00e9 de 20 ans a&hellip;\n","protected":false},"author":2,"featured_media":106805,"comment_status":"","ping_status":"","sticky":false,"template":"","format":"standard","meta":{"footnotes":""},"categories":[2816],"tags":[1111,11,1777,674,118,1011,27,12,2680,1072,2852,25,2312],"class_list":{"0":"post-106804","1":"post","2":"type-post","3":"status-publish","4":"format-standard","5":"has-post-thumbnail","7":"category-toulouse","8":"tag-actu","9":"tag-actualites","10":"tag-eu","11":"tag-europe","12":"tag-faits-divers","13":"tag-fr","14":"tag-france","15":"tag-news","16":"tag-occitanie","17":"tag-police","18":"tag-refus-dobtemperer","19":"tag-republique-francaise","20":"tag-toulouse"},"share_on_mastodon":{"url":"https:\/\/pubeurope.com\/@fr\/114522839063657450","error":""},"_links":{"self":[{"href":"https:\/\/www.europesays.com\/fr\/wp-json\/wp\/v2\/posts\/106804","targetHints":{"allow":["GET"]}}],"collection":[{"href":"https:\/\/www.europesays.com\/fr\/wp-json\/wp\/v2\/posts"}],"about":[{"href":"https:\/\/www.europesays.com\/fr\/wp-json\/wp\/v2\/types\/post"}],"author":[{"embeddable":true,"href":"https:\/\/www.europesays.com\/fr\/wp-json\/wp\/v2\/users\/2"}],"replies":[{"embeddable":true,"href":"https:\/\/www.europesays.com\/fr\/wp-json\/wp\/v2\/comments?post=106804"}],"version-history":[{"count":0,"href":"https:\/\/www.europesays.com\/fr\/wp-json\/wp\/v2\/posts\/106804\/revisions"}],"wp:featuredmedia":[{"embeddable":true,"href":"https:\/\/www.europesays.com\/fr\/wp-json\/wp\/v2\/media\/106805"}],"wp:attachment":[{"href":"https:\/\/www.europesays.com\/fr\/wp-json\/wp\/v2\/media?parent=106804"}],"wp:term":[{"taxonomy":"category","embeddable":true,"href":"https:\/\/www.europesays.com\/fr\/wp-json\/wp\/v2\/categories?post=106804"},{"taxonomy":"post_tag","embeddable":true,"href":"https:\/\/www.europesays.com\/fr\/wp-json\/wp\/v2\/tags?post=106804"}],"curies":[{"name":"wp","href":"https:\/\/api.w.org\/{rel}","templated":true}]}}