{"id":106806,"date":"2025-05-17T11:03:14","date_gmt":"2025-05-17T11:03:14","guid":{"rendered":"https:\/\/www.europesays.com\/fr\/106806\/"},"modified":"2025-05-17T11:03:14","modified_gmt":"2025-05-17T11:03:14","slug":"voici-lavis-du-mangeur-masque","status":"publish","type":"post","link":"https:\/\/www.europesays.com\/fr\/106806\/","title":{"rendered":"voici l&rsquo;avis du Mangeur Masqu\u00e9"},"content":{"rendered":"<p>            Par<br \/>\n        <strong><br \/>\n            <a href=\"https:\/\/actu.fr\/auteur\/redaction-toulouse\" title=\"Consulter tous les articles de R\u00e9daction de Toulouse\" target=\"_blank\" rel=\"noopener\">R\u00e9daction de Toulouse<\/a><br \/>\n        <\/strong><\/p>\n<p>        Publi\u00e9 le<\/p>\n<p>            17 mai 2025 \u00e0 11h00<br \/>\n        ; mis \u00e0 jour le 17 mai 2025 \u00e0 12h52    <\/p>\n<p>Ce restaurant, c\u2019est <strong>Camille\u2019s<\/strong>. Nouveau venu \u2013 depuis d\u00e9cembre 2024 \u2013 dans la gourmande <a href=\"https:\/\/actu.fr\/occitanie\/toulouse_31555\/toulouse-ce-nouveau-resto-ou-petit-dejeuner-tout-au-long-de-la-journee-vient-d-ouvrir_61998642.html\" target=\"_blank\" rel=\"noopener\">rue de la Colombette<\/a>, qui a choisi de proposer uniquement des plats taill\u00e9s pour le petit-d\u00e9jeuner et le sacro-saint brunch. Sal\u00e9 comme sucr\u00e9, \u00e0 manger d\u00e8s les premi\u00e8res heures de la journ\u00e9e jusqu\u2019\u00e0 la fin de l\u2019apr\u00e8s-midi, du mercredi au dimanche. Voil\u00e0 pour le concept cibl\u00e9.<\/p>\n<p>Un couple en cuisine<br \/>\n    <img   decoding=\"async\" loading=\"lazy\" class=\"size-large\" src=\"https:\/\/www.europesays.com\/fr\/wp-content\/uploads\/2025\/05\/b850546b91286ac50546b912833605v-960x640.jpg\" alt=\"Les desserts sont globalement g\u00e9n\u00e9reux !\" width=\"960\" height=\"640\"\/><br \/>\n    Les desserts sont globalement g\u00e9n\u00e9reux ! \u00a9L.M.M.<\/p>\n<p class=\" wall-content\">\u00c0 peine install\u00e9 (et tr\u00e8s bien accueilli) dans cette <strong>belle salle fleurie<\/strong> et d\u00e9cor\u00e9e avec soin, coup d\u2019\u0153il \u00e0 la carte : au milieu du th\u00e9 vert ou noir, du cappuccino et autres pancakes, s\u2019affirment un lait ribot \u00e0 la vanille, un k\u00e9fir maison au citron, un houmous de pois cass\u00e9s, ou encore un muffin \u00e0 la ch\u00e2taigne.<\/p>\n<p class=\" wall-content\">De l\u2019originalit\u00e9, voulue par les deux amoureux des lieux : <strong>Camille<\/strong> le cuisinier, et <strong>Camille<\/strong> la p\u00e2tissi\u00e8re qui assure aussi le service en salle (vous comprenez maintenant pourquoi le resto s\u2019appelle Camille\u2019s). Avant d\u2019arriver \u00e0 Toulouse, le couple s\u2019est b\u00e2ti une tr\u00e8s solide exp\u00e9rience en travaillant notamment pour le chef fran\u00e7ais triplement \u00e9toil\u00e9 <strong>Yannick All\u00e9no.<\/strong> Un sacr\u00e9 C.V. qui permet de mesurer<strong> l\u2019extr\u00eame application<\/strong> dans l\u2019ex\u00e9cution de chaque plat.<\/p>\n<p class=\" wall-content\">Petits b\u00e9mols :<strong> l\u2019absence de formule<\/strong> (tout se prend \u00e0 la carte) et des accompagnements (exemple, les pommes de terre rissol\u00e9es ou les champignons) servis \u00ab \u00e0 part \u00bb, ce qui fait automatiquement grimper la note.<\/p>\n<p>T\u2019as de beaux \u0153ufs, tu sais<br \/>\n    <img   decoding=\"async\" loading=\"lazy\" class=\"size-large\" src=\"https:\/\/www.europesays.com\/fr\/wp-content\/uploads\/2025\/05\/2a27746b912862e27746b912802377v-960x602.jpg\" alt=\"Le smash burger toulousain \u00e0 c\u0153ur ouvert.\" width=\"960\" height=\"602\"\/><br \/>\n    Le smash burger toulousain \u00e0 c\u0153ur ouvert. \u00a9L.M.M.<\/p>\n<p class=\" wall-content\">Commen\u00e7ons par<strong> l\u2019omelette roul\u00e9e<\/strong> (13\u20ac50). Ronde et \u00e9clatante comme un soleil des beaux jours, \u00e0 l\u2019onctuosit\u00e9 d\u00e9licate, avec une sauce aux notes asiatiques et basques (soja, jambon de Bayonne et piment d\u2019Espelette). Vraiment parfaite. Les <strong>Goug\u00e8res<\/strong> (7\u20ac50) ? Une merveille l\u00e0 encore, comme ce <strong>Birria d\u2019agneau<\/strong> (17\u20ac), sp\u00e9cialit\u00e9 mexicaine semblable \u00e0 un ragout, l\u00e9g\u00e8rement relev\u00e9 et servi ici avec une tranche de pain. M\u00eame r\u00e9ussite pour l\u2019\u00e9tonnant smash burger toulousain (14\u20ac50), dont le steak de b\u0153uf fin comme de la dentelle a \u00e9t\u00e9 remplac\u00e9 judicieusement par une saucisse de Toulouse \u00ab smash\u00e9e \u00bb sur le m\u00eame calibre. Pour la partie sucr\u00e9e, cookie chocolat noir\/fleur de sel tr\u00e8s efficace (3\u20ac80) et part monumentale de brioche vend\u00e9enne.<\/p>\n<p class=\" wall-content\">Un sans-faute. Des propositions qui, pour la plupart, vont d\u00e9sormais laisser place \u00e0 d\u2019autres dans la nouvelle carte propos\u00e9e cette semaine. \u00c0 venir notamment ?<strong> Toast aux saveurs d\u2019\u00e9t\u00e9<\/strong> et affogato (glace noy\u00e9e dans une tasse de caf\u00e9) revisit\u00e9. \u00c7a se visite !<br \/><b\/><\/p>\n<p class=\" wall-content\"><b>LE MANGEUR MASQU\u00c9 \u00a0<\/b><br \/>Suivez-le <a href=\"https:\/\/www.instagram.com\/le_mangeur_masque\/?hl=fr\" target=\"_blank\" rel=\"noopener\">sur Insta<\/a>\u00a0<\/p>\n<p>Camille\u2019s, 38 rue de la Colombette<\/p>\n<p class=\" wall-content\">Suivez toute l\u2019actualit\u00e9 de vos villes et m\u00e9dias favoris en vous inscrivant \u00e0 <a href=\"https:\/\/moncompte.actu.fr\" title=\"D\u00e9couvez Mon Actu\" rel=\"nofollow noopener\" data-trk=\"{&quot;cta&quot;:{&quot;action&quot;:&quot;https:\\\/\\\/moncompte.actu.fr&quot;,&quot;category&quot;:&quot;mon compte&quot;,&quot;from&quot;:&quot;article footer&quot;,&quot;name&quot;:&quot;Mon actu&quot;,&quot;type&quot;:&quot;cta&quot;}}\" target=\"_blank\">Mon Actu<\/a>.<\/p>\n<p>                    <script async src=\"\/\/www.instagram.com\/embed.js\"><\/script><\/p>\n","protected":false},"excerpt":{"rendered":"Par R\u00e9daction de Toulouse Publi\u00e9 le 17 mai 2025 \u00e0 11h00 ; mis \u00e0 jour le 17 mai&hellip;\n","protected":false},"author":2,"featured_media":106807,"comment_status":"","ping_status":"","sticky":false,"template":"","format":"standard","meta":{"footnotes":""},"categories":[2816],"tags":[1111,11,1777,674,1011,27,1652,12,2849,2680,25,2850,1341,2312],"class_list":{"0":"post-106806","1":"post","2":"type-post","3":"status-publish","4":"format-standard","5":"has-post-thumbnail","7":"category-toulouse","8":"tag-actu","9":"tag-actualites","10":"tag-eu","11":"tag-europe","12":"tag-fr","13":"tag-france","14":"tag-loisirs-culture","15":"tag-news","16":"tag-nouveaux-commerces-a-toulouse","17":"tag-occitanie","18":"tag-republique-francaise","19":"tag-restaurants-de-toulouse","20":"tag-sortir-a-toulouse","21":"tag-toulouse"},"share_on_mastodon":{"url":"https:\/\/pubeurope.com\/@fr\/114522843069522018","error":""},"_links":{"self":[{"href":"https:\/\/www.europesays.com\/fr\/wp-json\/wp\/v2\/posts\/106806","targetHints":{"allow":["GET"]}}],"collection":[{"href":"https:\/\/www.europesays.com\/fr\/wp-json\/wp\/v2\/posts"}],"about":[{"href":"https:\/\/www.europesays.com\/fr\/wp-json\/wp\/v2\/types\/post"}],"author":[{"embeddable":true,"href":"https:\/\/www.europesays.com\/fr\/wp-json\/wp\/v2\/users\/2"}],"replies":[{"embeddable":true,"href":"https:\/\/www.europesays.com\/fr\/wp-json\/wp\/v2\/comments?post=106806"}],"version-history":[{"count":0,"href":"https:\/\/www.europesays.com\/fr\/wp-json\/wp\/v2\/posts\/106806\/revisions"}],"wp:featuredmedia":[{"embeddable":true,"href":"https:\/\/www.europesays.com\/fr\/wp-json\/wp\/v2\/media\/106807"}],"wp:attachment":[{"href":"https:\/\/www.europesays.com\/fr\/wp-json\/wp\/v2\/media?parent=106806"}],"wp:term":[{"taxonomy":"category","embeddable":true,"href":"https:\/\/www.europesays.com\/fr\/wp-json\/wp\/v2\/categories?post=106806"},{"taxonomy":"post_tag","embeddable":true,"href":"https:\/\/www.europesays.com\/fr\/wp-json\/wp\/v2\/tags?post=106806"}],"curies":[{"name":"wp","href":"https:\/\/api.w.org\/{rel}","templated":true}]}}