{"id":106808,"date":"2025-05-17T11:05:27","date_gmt":"2025-05-17T11:05:27","guid":{"rendered":"https:\/\/www.europesays.com\/fr\/106808\/"},"modified":"2025-05-17T11:05:27","modified_gmt":"2025-05-17T11:05:27","slug":"tdf-tour-de-france-a-j-50-du-grand-depart-a-lille-le-parcours-du-tour-2025","status":"publish","type":"post","link":"https:\/\/www.europesays.com\/fr\/106808\/","title":{"rendered":"TDF. Tour de France &#8211; A J-50 du Grand D\u00e9part \u00e0 Lille&#8230; le parcours du Tour 2025"},"content":{"rendered":"<p> Lire la suite de l&rsquo;article&#13;<\/p>\n<p>\u00a0<\/p>\n<p>&#13;<br \/>\n<strong>Le parcours du Tour de France 2025 (tous les profils ne sont pas encore disponibles)<\/strong>&#13;<\/p>\n<p>&#8211; Samedi 5 juillet \u2013 <strong>\u00c9tape 1<\/strong>\u00a0: Lille &#8211; Lille \/ 185 km<\/p>\n<p>&#13;<\/p>\n<p><img decoding=\"async\" src=\"https:\/\/www.europesays.com\/fr\/wp-content\/uploads\/2025\/05\/tdf1.jpg\" style=\"max-width:100%;max-height:100%;\" alt=\"image\" loading=\"lazy\"\/><\/p>\n<p>&#13;<\/p>\n<p>\u00a0<\/p>\n<p>&#13;<\/p>\n<p>&#8211; Dimanche 6 juillet \u2013 <strong>\u00c9tape 2<\/strong>\u00a0: Lauwin-Planque &#8211; Boulogne-sur-Mer \/ 212 km<\/p>\n<p>&#13;<\/p>\n<p><img decoding=\"async\" src=\"https:\/\/www.europesays.com\/fr\/wp-content\/uploads\/2025\/05\/tdf2.jpg\" style=\"max-width:100%;max-height:100%;\" alt=\"image\" loading=\"lazy\"\/><\/p>\n<p>&#13;<\/p>\n<p>\u00a0<\/p>\n<p>&#13;<\/p>\n<p>&#8211; Lundi 7 juillet \u2013 <strong>\u00c9tape 3<\/strong>\u00a0: Valenciennes &#8211; Dunkerque \/ 178 km<\/p>\n<p>&#13;<\/p>\n<p><img decoding=\"async\" src=\"https:\/\/www.europesays.com\/fr\/wp-content\/uploads\/2025\/05\/tdf3.jpg\" style=\"max-width:100%;max-height:100%;\" alt=\"image\" loading=\"lazy\"\/><\/p>\n<p>&#13;<\/p>\n<p>\u00a0<\/p>\n<p>&#13;<\/p>\n<p>&#8211; Mardi 8 Juillet \u2013 <strong>\u00c9tape 4<\/strong>\u00a0: Amiens &#8211; Rouen \/ 173 km<\/p>\n<p>&#13;<\/p>\n<p><img decoding=\"async\" src=\"https:\/\/www.europesays.com\/fr\/wp-content\/uploads\/2025\/05\/tdf4.jpg\" style=\"max-width:100%;max-height:100%;\" alt=\"image\" loading=\"lazy\"\/><\/p>\n<p>&#13;<\/p>\n<p>\u00a0<\/p>\n<p>&#13;<\/p>\n<p>&#8211; Mercredi 9 juillet \u2013 <strong>\u00c9tape 5<\/strong>\u00a0: Caen &#8211; Caen \/ 33 km\u00a0CLM individuel<\/p>\n<p>&#13;<\/p>\n<p><img decoding=\"async\" src=\"https:\/\/www.europesays.com\/fr\/wp-content\/uploads\/2025\/05\/tdf5.jpg\" style=\"max-width:100%;max-height:100%;\" alt=\"image\" loading=\"lazy\"\/><\/p>\n<p>&#13;<\/p>\n<p>\u00a0<\/p>\n<p>&#13;<\/p>\n<p>&#8211; Jeudi 10 juillet \u2013 <strong>\u00c9tape 6<\/strong> : Bayeux &#8211; Vire \/ 201 km<\/p>\n<p>&#13;<\/p>\n<p><img decoding=\"async\" src=\"https:\/\/www.europesays.com\/fr\/wp-content\/uploads\/2025\/05\/tdf6.jpg\" style=\"max-width:100%;max-height:100%;\" alt=\"image\" loading=\"lazy\"\/><\/p>\n<p>&#13;<\/p>\n<p>\u00a0<\/p>\n<p>&#13;<\/p>\n<p>\u00a0<\/p>\n<p>&#13;<\/p>\n<p>&#8211; Vendredi 11 juillet \u2013 <strong>\u00c9tape 7<\/strong> : Saint-Malo &#8211; M\u00fbr-de-Bretagne \/ 194 km<\/p>\n<p>&#13;<\/p>\n<p><img decoding=\"async\" src=\"https:\/\/www.europesays.com\/fr\/wp-content\/uploads\/2025\/05\/tdf7.jpg\" style=\"max-width:100%;max-height:100%;\" alt=\"image\" loading=\"lazy\"\/><\/p>\n<p>&#13;<\/p>\n<p>\u00a0<\/p>\n<p>&#13;<\/p>\n<p><strong>Profil des 18 derniers kilom\u00e8tres<\/strong><\/p>\n<p>&#13;<\/p>\n<p><img decoding=\"async\" src=\"https:\/\/www.europesays.com\/fr\/wp-content\/uploads\/2025\/05\/tdf7fin.jpg\" style=\"max-width:100%;max-height:100%;\" alt=\"image\" loading=\"lazy\"\/><\/p>\n<p>&#13;<\/p>\n<p>\u00a0<\/p>\n<p>&#13;<\/p>\n<p>&#8211; Samedi 12 juillet \u2013 <strong>\u00c9tape 8<\/strong>\u00a0: Saint-M\u00e9en-le-Grand\u00a0&#8211; Laval \/ 174 km<\/p>\n<p>&#13;<\/p>\n<p><img decoding=\"async\" src=\"https:\/\/www.europesays.com\/fr\/wp-content\/uploads\/2025\/05\/tdf8.jpg\" style=\"max-width:100%;max-height:100%;\" alt=\"image\" loading=\"lazy\"\/><\/p>\n<p>&#13;<\/p>\n<p>\u00a0<\/p>\n<p>&#13;<\/p>\n<p>&#8211; Dimanche 13 juillet \u2013 <strong>\u00c9tape 9 <\/strong>:\u00a0Chinon \u2013 Ch\u00e2teauroux \/ 170 km<\/p>\n<p>&#13;<\/p>\n<p><img decoding=\"async\" src=\"https:\/\/www.europesays.com\/fr\/wp-content\/uploads\/2025\/05\/tdf9.jpg\" style=\"max-width:100%;max-height:100%;\" alt=\"image\" loading=\"lazy\"\/><\/p>\n<p>&#13;<\/p>\n<p>\u00a0<\/p>\n<p>&#13;<\/p>\n<p>&#8211; Lundi 14 juillet \u2013 <strong>\u00c9tape 10<\/strong>\u00a0:\u00a0\u00a0Ennezat \u2013 Le Mont-Dore Puy de Sancy \/ 163 km<\/p>\n<p>&#13;<\/p>\n<p><img decoding=\"async\" src=\"https:\/\/www.europesays.com\/fr\/wp-content\/uploads\/2025\/05\/tdf10.jpg\" style=\"max-width:100%;max-height:100%;\" alt=\"image\" loading=\"lazy\"\/><\/p>\n<p>&#13;<\/p>\n<p>\u00a0<\/p>\n<p>&#13;<\/p>\n<p>&#8211; Mardi 15 juillet : <strong>Repos<\/strong> \u00e0 Toulouse\u00a0<\/p>\n<p>&#13;<\/p>\n<p>\u00a0<\/p>\n<p>&#13;<\/p>\n<p>&#8211; Mercredi 16 juillet \u2013 <strong>\u00c9tape 11<\/strong> : Toulouse &#8211; Toulouse \/ 154 km<\/p>\n<p>&#13;<\/p>\n<p><img decoding=\"async\" src=\"https:\/\/www.europesays.com\/fr\/wp-content\/uploads\/2025\/05\/tdf11.jpg\" style=\"max-width:100%;max-height:100%;\" alt=\"image\" loading=\"lazy\"\/><\/p>\n<p>&#13;<\/p>\n<p>\u00a0<\/p>\n<p>&#13;<\/p>\n<p>&#8211; Jeudi 17 juillet \u2013 <strong>\u00c9tape 12<\/strong> : Auch &#8211; Hautacam \/ 181 km<\/p>\n<p>&#13;<\/p>\n<p><img decoding=\"async\" src=\"https:\/\/www.europesays.com\/fr\/wp-content\/uploads\/2025\/05\/tdf12.jpg\" style=\"max-width:100%;max-height:100%;\" alt=\"image\" loading=\"lazy\"\/><\/p>\n<p>&#13;<\/p>\n<p>\u00a0<\/p>\n<p>&#13;<\/p>\n<p>&#8211; Vendredi 18 juillet \u2013 <strong>\u00c9tape 13<\/strong> : Loudenvielle &#8211; Peyragudes \/ 11 km CLM individuel<\/p>\n<p>&#13;<\/p>\n<p><img decoding=\"async\" src=\"https:\/\/www.europesays.com\/fr\/wp-content\/uploads\/2025\/05\/tdf13.jpg\" style=\"max-width:100%;max-height:100%;\" alt=\"image\" loading=\"lazy\"\/><\/p>\n<p>&#13;<\/p>\n<p>\u00a0<\/p>\n<p>&#13;<\/p>\n<p>&#8211; Samedi 19 juillet \u2013 <strong>\u00c9tape 14<\/strong>\u00a0: Pau &#8211; Luchon-Superbagn\u00e8res \/ 183 km<\/p>\n<p>&#13;<\/p>\n<p><img decoding=\"async\" src=\"https:\/\/www.europesays.com\/fr\/wp-content\/uploads\/2025\/05\/tdf14.jpg\" style=\"max-width:100%;max-height:100%;\" alt=\"image\" loading=\"lazy\"\/><\/p>\n<p>&#13;<\/p>\n<p>\u00a0<\/p>\n<p>&#13;<\/p>\n<p>&#8211; Dimanche 20 juillet \u2013 <strong>\u00c9tape 15<\/strong> : Muret &#8211; Carcassonne \/ 169 km<\/p>\n<p>&#13;<\/p>\n<p><img decoding=\"async\" src=\"https:\/\/www.europesays.com\/fr\/wp-content\/uploads\/2025\/05\/tdf15.jpg\" style=\"max-width:100%;max-height:100%;\" alt=\"image\" loading=\"lazy\"\/><\/p>\n<p>&#13;<\/p>\n<p>\u00a0<\/p>\n<p>&#13;<\/p>\n<p>&#8211; Lundi 21 juillet\u00a0: <strong>Repos<\/strong> \u00e0 Montpellier\u00a0<\/p>\n<p>&#13;<\/p>\n<p>\u00a0<\/p>\n<p>&#13;<\/p>\n<p>&#8211; Mardi 22 juillet : <strong>\u00c9tape 16<\/strong>\u00a0: Montpellier &#8211; Mont Ventoux \/ 172 km<\/p>\n<p>&#13;<\/p>\n<p><img decoding=\"async\" src=\"https:\/\/www.europesays.com\/fr\/wp-content\/uploads\/2025\/05\/tdf16.jpg\" style=\"max-width:100%;max-height:100%;\" alt=\"image\" loading=\"lazy\"\/><\/p>\n<p>&#13;<\/p>\n<p>\u00a0<\/p>\n<p>&#13;<\/p>\n<p>&#8211; Mercredi 23 juillet \u2013 <strong>\u00c9tape 17<\/strong>\u00a0: Boll\u00e8ne &#8211; Valence \/ 161 km<\/p>\n<p>&#13;<\/p>\n<p><img decoding=\"async\" src=\"https:\/\/www.europesays.com\/fr\/wp-content\/uploads\/2025\/05\/tdf17.jpg\" style=\"max-width:100%;max-height:100%;\" alt=\"image\" loading=\"lazy\"\/><\/p>\n<p>&#13;<\/p>\n<p>\u00a0<\/p>\n<p>&#13;<\/p>\n<p>&#8211; Jeudi 24 juillet \u2013 <strong>\u00c9tape 18<\/strong>\u00a0: Vif &#8211; Courchevel (Col de la Loze) \/ 171 km<\/p>\n<p>&#13;<\/p>\n<p><img decoding=\"async\" src=\"https:\/\/www.europesays.com\/fr\/wp-content\/uploads\/2025\/05\/tdf18.jpg\" style=\"max-width:100%;max-height:100%;\" alt=\"image\" loading=\"lazy\"\/><\/p>\n<p>&#13;<\/p>\n<p>\u00a0<\/p>\n<p>&#13;<\/p>\n<p>&#8211; Vendredi 25 juillet \u2013 <strong>\u00c9tape 19<\/strong> : Albertville &#8211; La Plagne \/ 130 km<\/p>\n<p>&#13;<\/p>\n<p><img decoding=\"async\" src=\"https:\/\/www.europesays.com\/fr\/wp-content\/uploads\/2025\/05\/tdf19.jpg\" style=\"max-width:100%;max-height:100%;\" alt=\"image\" loading=\"lazy\"\/><\/p>\n<p>&#13;<\/p>\n<p>\u00a0<\/p>\n<p>&#13;<\/p>\n<p>&#8211; Samedi 26 juillet \u2013 <strong>\u00c9tape 20<\/strong> : Nantua &#8211; Pontarlier \/ 185 km<\/p>\n<p>&#13;<\/p>\n<p><img decoding=\"async\" src=\"https:\/\/www.europesays.com\/fr\/wp-content\/uploads\/2025\/05\/tdf20.jpg\" style=\"max-width:100%;max-height:100%;\" alt=\"image\" loading=\"lazy\"\/><\/p>\n<p>&#13;<\/p>\n<p>\u00a0<\/p>\n<p>&#13;<\/p>\n<p>&#8211; Dimanche 27 juillet \u2013 <strong>\u00c9tape 21<\/strong>\u00a0:\u00a0Mantes-la-Ville &#8211; Paris &#8211; Champs-\u00c9lys\u00e9es \/ 120 km (avant l&rsquo;ajout de Montmartre)<\/p>\n<p>&#13;<\/p>\n<p><img decoding=\"async\" src=\"https:\/\/www.europesays.com\/fr\/wp-content\/uploads\/2025\/05\/tdf21.jpg\" style=\"max-width:100%;max-height:100%;\" alt=\"image\" loading=\"lazy\"\/><\/p>\n<p>&#13;<\/p>\n<p>\u00a0<\/p>\n<p>&#13;<\/p>\n<p>\u00a0<\/p>\n<p>&#13;<br \/>\nUn Grand D\u00e9part dans le Nord&#13;<\/p>\n<p>Apr\u00e8s trois Grands D\u00e9parts cons\u00e9cutifs \u00e0 l&rsquo;\u00e9tranger (le Danemark et <strong>Copenhague<\/strong> en 2022, l&rsquo;Espagne et <strong>Bilbao<\/strong> en 2023, l&rsquo;Italie et <strong>Florence<\/strong> en 2024), la Grande Boucle va enfin s&rsquo;\u00e9lancer \u00e0 nouveau de France en 2025.<\/p>\n<p>&#13;<\/p>\n<p>Le\u00a0<strong>Tour\u00a0<\/strong>s&rsquo;\u00e9lancera le 5 juillet 2025 de\u00a0<strong>Lille M\u00e9tropole<\/strong>, et la premi\u00e8re \u00e9tape se terminera \u00e9galement \u00e0\u00a0<strong>Lille<\/strong>. Malgr\u00e9 un passage par la C\u00f4te de Cassel, ce sont les sprinteurs qui devraient avoir la part belle. Ils seront en revanche plus en difficult\u00e9 sur la 2e journ\u00e9e de course, avec un parcours reliant\u00a0<strong>Lauwin-Planque<\/strong>\u00a0et\u00a0<strong>Boulogne-Sur-Mer<\/strong>. Les hommes rapides auront en revanche de nouveau la part belle sur la 3e \u00e9tape, qui ira de\u00a0<strong>Valenciennes\u00a0<\/strong>\u00e0\u00a0<strong>Dunkerque<\/strong>.\u00a0<\/p>\n<p>&#13;<\/p>\n<p>\u00a0<\/p>\n<p>&#13;<br \/>\nLa f\u00eate pour les puncheurs&#13;<\/p>\n<p>Apr\u00e8s trois jours int\u00e9gralement pass\u00e9s dans les Hauts-de-France, le peloton voguera ensuite vers l&rsquo;ouest, la Normandie et la Bretagne \u00e9tant visit\u00e9es. Tr\u00e8s compliqu\u00e9e dans son final, la 4e \u00e9tape s\u2019\u00e9lancera le mardi 8 juillet depuis\u00a0<strong>Amiens<\/strong>,\u00a0direction\u00a0<strong>Rouen.\u00a0<\/strong>Le lendemain (le 9 juillet), la 5e \u00e9tape proposera le premier contre-la-montre de cette \u00e9dition, un parcours plat de 33 kilom\u00e8tres autour de\u00a0<strong>Caen<\/strong> \u00e9tant au menu du jour. Le 10 juillet, la 6e \u00e9tape emm\u00e8nera les coureurs de\u00a0<strong>Bayeux<\/strong>\u00a0\u00e0<strong>\u00a0Vire<\/strong>, et ce sera l\u00e0 encore loin d&rsquo;\u00eatre plat dans le final, l&rsquo;arriv\u00e9e se faisant m\u00eame au sommet d&rsquo;une bosse de 700 m\u00e8tres \u00e0 plus de 10% de moyenne.\u00a0Direction ensuite la Bretagne, avec un d\u00e9part de\u00a0<strong>Saint-Malo <\/strong>et une arriv\u00e9e \u00e0\u00a0<strong>M\u00fbr-de-Bretagne<\/strong>,\u00a0l\u00e0\u00a0<strong>Mathieu van der Poel\u00a0<\/strong>s&rsquo;\u00e9tait impos\u00e9 et avait pris le maillot jaune en 2021.<\/p>\n<p>&#13;<\/p>\n<p>Le 12 juillet, la 8e \u00e9tape emm\u00e8nera le peloton de\u00a0<strong>Saint-M\u00e9en-le-Grand<\/strong>\u00a0\u00e0\u00a0<strong>Laval<\/strong>\u00a0pour une probable bataille entre sprinteurs, et le sc\u00e9nario devrait \u00eatre identique le lendemain avec une arriv\u00e9e \u00e0\u00a0<strong>Ch\u00e2teauroux<\/strong>\u00a0apr\u00e8s un d\u00e9part de\u00a0<strong>Chinon<\/strong>. Le 14 juillet, le jour de la f\u00eate nationale fran\u00e7aise s&rsquo;annonce d\u00e9licieux entre<strong>\u00a0Ennezat<\/strong>\u00a0et <strong>Mont-Dore Puy-de-Sancy<\/strong>, cette incursion en Auvergne offrant 4 400 m\u00e8tres de d\u00e9nivel\u00e9 positif. Apr\u00e8s un jour de repos bien m\u00e9rit\u00e9 \u00e0 <strong>Toulouse <\/strong>et une \u00e9tape disput\u00e9e autour de la Ville Rose\u00a0en guise de reprise,\u00a0le peloton du <strong>Tour de France 2025<\/strong> affrontera les sauvages Pyr\u00e9n\u00e9es. Deux \u00e9tapes en ligne avec arriv\u00e9e au sommet (<strong>Hautacam<\/strong> et <strong>Luchon-Superbagn\u00e8res<\/strong>) et un contre-la-montre en c\u00f4te de 11 bornes entre <strong>Loudenvielle<\/strong> et l&rsquo;altiport de <strong>Peyragudes<\/strong> constitueront le triptyque pyr\u00e9n\u00e9en. Il faut noter que le <strong>Tour <\/strong>n&rsquo;\u00e9tait plus revenu \u00e0 <strong>Superbagn\u00e8res<\/strong> depuis 1989 !<\/p>\n<p>&#13;<\/p>\n<p>\u00a0<\/p>\n<p>&#13;<br \/>\nLe Mont Ventoux et deux tr\u00e8s grosses \u00e9tapes alpestres en troisi\u00e8me semaine&#13;<\/p>\n<p>La deuxi\u00e8me semaine se conclura par une \u00e9tape qui reliera <strong>Muret<\/strong> et <strong>Carcassonne<\/strong>, les baroudeurs ayant l\u00e0 une belle opportunit\u00e9 de se jouer la victoire. La seconde journ\u00e9e de repos et le d\u00e9part de la 16e \u00e9tape se feront \u00e0 <strong>Montpellier<\/strong>. Une 16e \u00e9tape qui sera l&rsquo;une des plus attendues de cette 112e \u00e9dition puisque les coureurs se dirigeront vers le <strong>Mont Ventoux<\/strong> ! Neuf ans apr\u00e8s sa victoire au sommet du G\u00e9ant de Provence, <strong>Thomas De Gendt<\/strong> aura enfin un successeur. Le lendemain, les sprinteurs devraient avoir la part belle \u00e0 <strong>Valence<\/strong>, puis ce sera l&rsquo;entr\u00e9e dans les Alpes, qui n&rsquo;accueilleront en 2025 que deux \u00e9tapes&#8230; mais quelles \u00e9tapes !<\/p>\n<p>&#13;<\/p>\n<p>Avec ses 5 500 m\u00e8tres de d\u00e9nivel\u00e9 positif, le premier acte sera dantesque. Les coureurs devront gravir le Glandon (21,7 km \u00e0 5,1%), la Madeleine (19,2 km \u00e0 7,9%) et <strong>la Loze<\/strong> pour finir (26,2 km \u00e0 6,5%). Arrivant \u00e9galement au sommet, l&rsquo;\u00e9tape du lendemain sera \u00e9galement tr\u00e8s exigeante, avec quatre cols avant la mont\u00e9e finale de <strong>La Plagne<\/strong> (19,1 km \u00e0 7,2%). Le porteur du maillot jaune \u00e0 l&rsquo;issue de cette 19e \u00e9tape sera &#8211; sauf accident &#8211; le vainqueur du <strong>Tour de France 2025<\/strong> puisque les deux derni\u00e8res journ\u00e9es de course et leurs arriv\u00e9es respectives \u00e0 <strong>Pontarlier<\/strong> et \u00e0 <strong>Paris <\/strong>sur les <strong>Champs-Elys\u00e9es<\/strong> ne devraient pas bouleverser la hi\u00e9rarchie.<\/p>\n","protected":false},"excerpt":{"rendered":"Lire la suite de l&rsquo;article&#13; \u00a0 &#13; Le parcours du Tour de France 2025 (tous les profils ne&hellip;\n","protected":false},"author":2,"featured_media":106809,"comment_status":"","ping_status":"","sticky":false,"template":"","format":"standard","meta":{"footnotes":""},"categories":[2815],"tags":[1111,11,207,1777,674,211,1011,27,811,1307,12,25,209,210,212,208,213],"class_list":{"0":"post-106808","1":"post","2":"type-post","3":"status-publish","4":"format-standard","5":"has-post-thumbnail","7":"category-lille","8":"tag-actu","9":"tag-actualites","10":"tag-cyclisme","11":"tag-eu","12":"tag-europe","13":"tag-ffc","14":"tag-fr","15":"tag-france","16":"tag-hauts-de-france","17":"tag-lille","18":"tag-news","19":"tag-republique-francaise","20":"tag-route","21":"tag-tour-de-france","22":"tag-uci","23":"tag-velo","24":"tag-world-tour"},"share_on_mastodon":{"url":"https:\/\/pubeurope.com\/@fr\/114522851264256357","error":""},"_links":{"self":[{"href":"https:\/\/www.europesays.com\/fr\/wp-json\/wp\/v2\/posts\/106808","targetHints":{"allow":["GET"]}}],"collection":[{"href":"https:\/\/www.europesays.com\/fr\/wp-json\/wp\/v2\/posts"}],"about":[{"href":"https:\/\/www.europesays.com\/fr\/wp-json\/wp\/v2\/types\/post"}],"author":[{"embeddable":true,"href":"https:\/\/www.europesays.com\/fr\/wp-json\/wp\/v2\/users\/2"}],"replies":[{"embeddable":true,"href":"https:\/\/www.europesays.com\/fr\/wp-json\/wp\/v2\/comments?post=106808"}],"version-history":[{"count":0,"href":"https:\/\/www.europesays.com\/fr\/wp-json\/wp\/v2\/posts\/106808\/revisions"}],"wp:featuredmedia":[{"embeddable":true,"href":"https:\/\/www.europesays.com\/fr\/wp-json\/wp\/v2\/media\/106809"}],"wp:attachment":[{"href":"https:\/\/www.europesays.com\/fr\/wp-json\/wp\/v2\/media?parent=106808"}],"wp:term":[{"taxonomy":"category","embeddable":true,"href":"https:\/\/www.europesays.com\/fr\/wp-json\/wp\/v2\/categories?post=106808"},{"taxonomy":"post_tag","embeddable":true,"href":"https:\/\/www.europesays.com\/fr\/wp-json\/wp\/v2\/tags?post=106808"}],"curies":[{"name":"wp","href":"https:\/\/api.w.org\/{rel}","templated":true}]}}