{"id":106811,"date":"2025-05-17T11:07:15","date_gmt":"2025-05-17T11:07:15","guid":{"rendered":"https:\/\/www.europesays.com\/fr\/106811\/"},"modified":"2025-05-17T11:07:15","modified_gmt":"2025-05-17T11:07:15","slug":"manifestation-des-taxis-quelles-perturbations-autour-de-marseille","status":"publish","type":"post","link":"https:\/\/www.europesays.com\/fr\/106811\/","title":{"rendered":"Manifestation des taxis : quelles perturbations autour de Marseille ?"},"content":{"rendered":"<p><img loading=\"lazy\" decoding=\"async\" alt=\"Shutterstock - Les taxis en col\u00e8re vont organiser des op\u00e9rations escargot aux entr\u00e9es de Marseille ce lundi 19 mai. Attention aux embouteillages.\" data-zoom-src=\"https:\/\/www.europesays.com\/fr\/wp-content\/uploads\/2025\/05\/initial-manifestation-taxis-marseille.jpg\" data-zoomable=\"\" height=\"702\" src=\"https:\/\/www.europesays.com\/fr\/wp-content\/uploads\/2025\/05\/initial-manifestation-taxis-marseille.jpg\" width=\"1248\"\/>  <\/p>\n<p class=\"article-desc\">Shutterstock &#8211; Les taxis en col\u00e8re vont organiser des op\u00e9rations escargot aux entr\u00e9es de Marseille ce lundi 19 mai. Attention aux embouteillages. <\/p>\n<p>Attention aux <strong>embouteillages<\/strong>. Il va \u00eatre difficile de circuler ce lundi 19 mai au matin autour de Marseille, mais aussi de Marignane, Vitrolles, Aubagne et Aix-en-Provence \u00e0 cause d&rsquo;une <strong>op\u00e9ration escargot des taxis en col\u00e8re.<\/strong> <\/p>\n<p>Un appel \u00e0 manifestation des taxis des Bouches-du-Rh\u00f4ne <\/p>\n<p>Un appel \u00e0 manifestation des taxis devrait engendrer de <strong>fortes perturbations sur les routes<\/strong>, d\u00e8s six heures du matin, en particulier sur le r\u00e9seau autoroutier aux trois entr\u00e9es de Marseille via les <strong>autoroutes A7, A55 et A50<\/strong> pr\u00e9vient la pr\u00e9fecture des Bouches-du-Rh\u00f4ne. <\/p>\n<p>Plusieurs points de regroupement des taxis ont \u00e9t\u00e9 d\u00e9clar\u00e9s par les manifestants :<\/p>\n<ul>\n<li>Marseille \u2013 parking Auchan La Valentine : point de d\u00e9part d\u2019un convoi vers l\u2019A50. <\/li>\n<li>Plan de campagne &#8211; parking Intermarch\u00e9 : point de d\u00e9part de deux convois l\u2019un vers l\u2019A55 l\u2019autre vers l\u2019A7. <\/li>\n<li>Gare TGV d\u2019Aix-en-Provence : point de filtrage. <\/li>\n<li>Gare Saint-Charles : point de filtrage. <\/li>\n<li>A\u00e9roport Marseille-Provence : zone de distribution de tracts sur le rond-point \u00e0 l\u2019entr\u00e9e de l\u2019a\u00e9roport.<\/li>\n<\/ul>\n<p> Op\u00e9rations escargot des taxis aux entr\u00e9es et en centre-ville de Marseille <\/p>\n<p>Des <strong>op\u00e9rations escargots <\/strong>sont annonc\u00e9es \u00e0 l\u2019entr\u00e9e de Marseille sur l\u2019A7, l\u2019A50 et l\u2019A55. Elles devraient fortement impacter le temps de circulation. Les trois convois devraient ensuite converger vers le <strong>boulevard du Prado entre la place Castellane<\/strong> et le rond-point du Prado occasionnant une g\u00eane importante de la circulation. <\/p>\n<p>Le pr\u00e9fet des Bouches-du-Rh\u00f4ne \u00ab\u00a0invite les usagers \u00e0 anticiper, en particulier les voyageurs en partances des gares TGV d\u2019Aix-en-Provence, de Marseille et de l\u2019a\u00e9roport ou d\u00e9caler leurs d\u00e9placements, \u00e0 \u00e9viter les secteurs indiqu\u00e9s ci-dessus et \u00e0 rester prudents \u00e0 l\u2019approche des points de congestion\u00a0\u00bb.<\/p>\n","protected":false},"excerpt":{"rendered":"Shutterstock &#8211; Les taxis en col\u00e8re vont organiser des op\u00e9rations escargot aux entr\u00e9es de Marseille ce lundi 19&hellip;\n","protected":false},"author":2,"featured_media":106812,"comment_status":"","ping_status":"","sticky":false,"template":"","format":"standard","meta":{"footnotes":""},"categories":[2814],"tags":[1111,11,7063,1777,674,1011,27,884,12,882,25,9548],"class_list":{"0":"post-106811","1":"post","2":"type-post","3":"status-publish","4":"format-standard","5":"has-post-thumbnail","7":"category-marseille","8":"tag-actu","9":"tag-actualites","10":"tag-embouteillages","11":"tag-eu","12":"tag-europe","13":"tag-fr","14":"tag-france","15":"tag-marseille","16":"tag-news","17":"tag-provence-alpes-cote-dazur","18":"tag-republique-francaise","19":"tag-taxis"},"share_on_mastodon":{"url":"https:\/\/pubeurope.com\/@fr\/114522858731926262","error":""},"_links":{"self":[{"href":"https:\/\/www.europesays.com\/fr\/wp-json\/wp\/v2\/posts\/106811","targetHints":{"allow":["GET"]}}],"collection":[{"href":"https:\/\/www.europesays.com\/fr\/wp-json\/wp\/v2\/posts"}],"about":[{"href":"https:\/\/www.europesays.com\/fr\/wp-json\/wp\/v2\/types\/post"}],"author":[{"embeddable":true,"href":"https:\/\/www.europesays.com\/fr\/wp-json\/wp\/v2\/users\/2"}],"replies":[{"embeddable":true,"href":"https:\/\/www.europesays.com\/fr\/wp-json\/wp\/v2\/comments?post=106811"}],"version-history":[{"count":0,"href":"https:\/\/www.europesays.com\/fr\/wp-json\/wp\/v2\/posts\/106811\/revisions"}],"wp:featuredmedia":[{"embeddable":true,"href":"https:\/\/www.europesays.com\/fr\/wp-json\/wp\/v2\/media\/106812"}],"wp:attachment":[{"href":"https:\/\/www.europesays.com\/fr\/wp-json\/wp\/v2\/media?parent=106811"}],"wp:term":[{"taxonomy":"category","embeddable":true,"href":"https:\/\/www.europesays.com\/fr\/wp-json\/wp\/v2\/categories?post=106811"},{"taxonomy":"post_tag","embeddable":true,"href":"https:\/\/www.europesays.com\/fr\/wp-json\/wp\/v2\/tags?post=106811"}],"curies":[{"name":"wp","href":"https:\/\/api.w.org\/{rel}","templated":true}]}}