{"id":106821,"date":"2025-05-17T11:12:12","date_gmt":"2025-05-17T11:12:12","guid":{"rendered":"https:\/\/www.europesays.com\/fr\/106821\/"},"modified":"2025-05-17T11:12:12","modified_gmt":"2025-05-17T11:12:12","slug":"de-notre-dame-a-la-madeleine-une-course-alliant-sportivite-et-spiritualite-se-tiendra-ce-dimanche","status":"publish","type":"post","link":"https:\/\/www.europesays.com\/fr\/106821\/","title":{"rendered":"de Notre-Dame \u00e0 La Madeleine, une course alliant sportivit\u00e9 et spiritualit\u00e9 se tiendra ce dimanche"},"content":{"rendered":"<p>Au fil de ce parcours reliant les \u00e9difices religieux, les coureurs se verront remettre un \u00abNouveau Testament des sportifs\u00bb ainsi qu\u2019une m\u00e9daille miraculeuse, lors de leur passage devant la rue du Bac.<\/p>\n<p class=\"fig-paragraph\">\u00abParis \u00c9glises Tour\u00bb fait son grand retour\u00a0! Apr\u00e8s une premi\u00e8re \u00e9dition couronn\u00e9e de succ\u00e8s en 2024, la course, connue pour rallier les plus belles\u00a0<a href=\"http:\/\/www.lefigaro.fr\/actualite-france\/paris-l-eglise-lance-un-festival-de-jeunes-a-montmartre-ce-week-end-20240830\" target=\"_blank\" data-fig-type=\"NewsFlash\" rel=\"noopener\" data-gtm-custom-categorie=\"navigation\" data-gtm-custom-action=\"crossclick\" data-gtm-custom-label=\"Contextuel\" data-gtm-event=\"customEventSPE\" data-fig-domain=\"LEFIGARO\">\u00e9glises\u00a0<\/a>de Paris au fil du parcours, prend \u00e0 nouveau place dans les rues de la capitale. L\u2019organisation Holy Games, \u00e0 l\u2019origine du projet, donnera le top d\u00e9part dimanche 18 mai, \u00e0 8h45.<\/p>\n<p class=\"fig-paragraph\">Coureurs, marcheurs, familles et paroissiens sont convi\u00e9s pour l\u2019occasion. Les plus sportifs &#8211; \u00e2g\u00e9s de 16 ans au moins &#8211; pourront s\u2019adonner \u00e0 une course de 10 kilom\u00e8tres homologu\u00e9e par la F\u00e9d\u00e9ration fran\u00e7aise d\u2019athl\u00e9tisme, dont le d\u00e9part se fera au pied de l\u2019embl\u00e9matique\u00a0<a href=\"http:\/\/www.lefigaro.fr\/actualite-france\/a-la-lueur-des-cierges-notre-dame-de-paris-veille-et-prie-pour-le-pape-francois-20250421\" target=\"_blank\" data-fig-type=\"Article\" rel=\"noopener\" data-gtm-custom-categorie=\"navigation\" data-gtm-custom-action=\"crossclick\" data-gtm-custom-label=\"Contextuel\" data-gtm-event=\"customEventSPE\" data-fig-domain=\"LEFIGARO\">Notre-Dame de Paris<\/a>. Un second parcours plus familial &#8211; 5 kilom\u00e8tres de marche -, sera \u00e9galement foul\u00e9 par le grand public.<\/p>\n<p class=\"fig-body-link\">\n            \u00c0 lire aussi<br \/>\n        <a class=\"fig-body-link__link fig-premium-mark\" href=\"http:\/\/www.lefigaro.fr\/vox\/religion\/l-editorial-du-figaro-magazine-la-jeunesse-de-l-eglise-catholique-20250424\" target=\"_blank\" data-fig-type=\"Article\" rel=\"noopener\" data-gtm-custom-categorie=\"navigation\" data-gtm-custom-action=\"crossclick\" data-gtm-custom-label=\"Contextuel\" data-gtm-event=\"customEventSPE\" data-fig-domain=\"LEFIGARO\">L\u2019\u00e9ditorial du Figaro Magazine\u00a0: \u00abLa jeunesse de l\u2019\u00c9glise catholique\u00bb<br \/>\n    <\/a>\n<\/p>\n<p>Rue du Bac, une m\u00e9daille miraculeuse sera remise aux coureurs<\/p>\n<p class=\"fig-paragraph\">\u00abLe sport, le beau, le bien\u00bb. La promesse du slogan de l\u2019\u00e9v\u00e9nement devrait \u00eatre tenue. Et pour cause\u00a0: pas moins de dix \u00e9glises parisiennes ponctueront le chemin des participants.\u00a0<a href=\"http:\/\/www.lefigaro.fr\/actualite-france\/devant-l-eglise-saint-sulpice-a-paris-des-catholiques-reclament-le-retour-de-la-messe-20201113\" target=\"_blank\" data-fig-type=\"NewsFlash\" rel=\"noopener\" data-gtm-custom-categorie=\"navigation\" data-gtm-custom-action=\"crossclick\" data-gtm-custom-label=\"Contextuel\" data-gtm-event=\"customEventSPE\" data-fig-domain=\"LEFIGARO\">Saint-Sulpice<\/a>, Notre-Dame des Victoires, La Trinit\u00e9 ou le\u00a0<a href=\"http:\/\/www.lefigaro.fr\/culture\/patrimoine\/le-ministere-de-la-culture-classe-le-sacre-coeur-au-titre-des-monuments-historiques-20221209\" target=\"_blank\" data-fig-type=\"Article\" rel=\"noopener\" data-gtm-custom-categorie=\"navigation\" data-gtm-custom-action=\"crossclick\" data-gtm-custom-label=\"Contextuel\" data-gtm-event=\"customEventSPE\" data-fig-domain=\"LEFIGARO\">Sacr\u00e9-C\u0153ur<\/a>\u00a0seront perceptibles par les participants, qui b\u00e9n\u00e9ficieront de l\u2019enti\u00e8ret\u00e9 de la chauss\u00e9e, r\u00e9serv\u00e9e pour l\u2019\u00e9v\u00e9nement. La course sera agr\u00e9ment\u00e9e d\u2019un arr\u00eat notable rue du Bac, o\u00f9 les coureurs recevront, non loin de la chapelle connue pour les apparitions mariales, une m\u00e9daille miraculeuse.<\/p>\n<p class=\"fig-paragraph\">Chaque participant se verra \u00e9galement distribuer un \u00abNouveau Testament des sportifs\u00bb t\u00e9moignant de sa participation, avant d\u2019assister \u00e0 une messe \u00e0 La Madeleine, lieu d\u2019arriv\u00e9, \u00e0 10h30. Coureurs et marcheurs auront ainsi l\u2019occasion d\u2019y d\u00e9poser des intentions de pri\u00e8res, le tout, munis d\u2019une bougie \u00abHoly Games\u00bb. Une journ\u00e9e de partage qui devrait allier sport, foi et patrimoine, comme l\u2019ont promis les organisateurs.<\/p>\n","protected":false},"excerpt":{"rendered":"Au fil de ce parcours reliant les \u00e9difices religieux, les coureurs se verront remettre un \u00abNouveau Testament des&hellip;\n","protected":false},"author":2,"featured_media":106822,"comment_status":"","ping_status":"","sticky":false,"template":"","format":"standard","meta":{"footnotes":""},"categories":[1888],"tags":[2466,2306,1111,1928,2465,2464,11,1927,1977,1981,451,7712,207,12336,1777,450,2468,674,63,1454,1011,27,66,447,2467,1457,2182,12,1926,626,1925,25,1980,479,2259,22395,1467,478],"class_list":{"0":"post-106821","1":"post","2":"type-post","3":"status-publish","4":"format-standard","5":"has-post-thumbnail","7":"category-paris","8":"tag-2466","9":"tag-6-nations","10":"tag-actu","11":"tag-actu-paris","12":"tag-actu-sport","13":"tag-actualite-sportive","14":"tag-actualites","15":"tag-actualites-paris","16":"tag-auto","17":"tag-classement","18":"tag-coupe-du-monde","19":"tag-course-a-pied","20":"tag-cyclisme","21":"tag-eglise","22":"tag-eu","23":"tag-euro","24":"tag-euro-foot","25":"tag-europe","26":"tag-football","27":"tag-formule-1","28":"tag-fr","29":"tag-france","30":"tag-ligue-1","31":"tag-ligue-des-champions","32":"tag-live-sport","33":"tag-moto","34":"tag-nba","35":"tag-news","36":"tag-news-paris","37":"tag-paris","38":"tag-paris-news","39":"tag-republique-francaise","40":"tag-resultats","41":"tag-rugby","42":"tag-score","43":"tag-sport24","44":"tag-tennis","45":"tag-top-14"},"share_on_mastodon":{"url":"https:\/\/pubeurope.com\/@fr\/114522878358372968","error":""},"_links":{"self":[{"href":"https:\/\/www.europesays.com\/fr\/wp-json\/wp\/v2\/posts\/106821","targetHints":{"allow":["GET"]}}],"collection":[{"href":"https:\/\/www.europesays.com\/fr\/wp-json\/wp\/v2\/posts"}],"about":[{"href":"https:\/\/www.europesays.com\/fr\/wp-json\/wp\/v2\/types\/post"}],"author":[{"embeddable":true,"href":"https:\/\/www.europesays.com\/fr\/wp-json\/wp\/v2\/users\/2"}],"replies":[{"embeddable":true,"href":"https:\/\/www.europesays.com\/fr\/wp-json\/wp\/v2\/comments?post=106821"}],"version-history":[{"count":0,"href":"https:\/\/www.europesays.com\/fr\/wp-json\/wp\/v2\/posts\/106821\/revisions"}],"wp:featuredmedia":[{"embeddable":true,"href":"https:\/\/www.europesays.com\/fr\/wp-json\/wp\/v2\/media\/106822"}],"wp:attachment":[{"href":"https:\/\/www.europesays.com\/fr\/wp-json\/wp\/v2\/media?parent=106821"}],"wp:term":[{"taxonomy":"category","embeddable":true,"href":"https:\/\/www.europesays.com\/fr\/wp-json\/wp\/v2\/categories?post=106821"},{"taxonomy":"post_tag","embeddable":true,"href":"https:\/\/www.europesays.com\/fr\/wp-json\/wp\/v2\/tags?post=106821"}],"curies":[{"name":"wp","href":"https:\/\/api.w.org\/{rel}","templated":true}]}}