{"id":106825,"date":"2025-05-17T11:14:09","date_gmt":"2025-05-17T11:14:09","guid":{"rendered":"https:\/\/www.europesays.com\/fr\/106825\/"},"modified":"2025-05-17T11:14:09","modified_gmt":"2025-05-17T11:14:09","slug":"rvca-made-in-california-paris-capitale","status":"publish","type":"post","link":"https:\/\/www.europesays.com\/fr\/106825\/","title":{"rendered":"RVCA, made in California\u2026 | Paris Capitale"},"content":{"rendered":"<p>Depuis sa cr\u00e9ation en 2001, la marque californienne RVCA (prononcez Rew-Ka) surfe sur la vague de la mode, de l\u2019art et du sport. Le 10 avril dernier, une premi\u00e8re boutique parisienne \u2013 une autre enseigne tr\u00f4ne au c\u0153ur d\u2019Hossegor \u2013 ouvrait enfin ses portes, pens\u00e9e comme un v\u00e9ritable lieu de rencontre, organis\u00e9 autour de trois espaces c\u00e9l\u00e9brant\u00a0The Balance of Opposites, leitmotiv de la maison am\u00e9ricaine\u2026 Adul\u00e9e par les amateurs de sports extr\u00eames (surf, skate, MMA, notamment), la griffe d\u00e9cline un lifestyle confortable (pour hommes et femmes) et des collaborations r\u00e9guli\u00e8res avec des artistes internationaux, sous la banni\u00e8re Artist Network Program (ANP). \u00c0 Paris, l\u2019Art Zone c\u00e9l\u00e8bre justement ces capsules in\u00e9dites \u00e0 travers des expositions r\u00e9guli\u00e8res. Les \u201csportifs du dimanche\u201d trouveront aussi leur compte, le vestiaire de RVCA fait souffler un vent de libert\u00e9 \u2013 Californian Dreamin\u2019 oblige\u00a0!<\/p>\n<p><strong>\u00a0<\/strong><\/p>\n<p>\u00a0<\/p>\n<p>\u00a0<\/p>\n","protected":false},"excerpt":{"rendered":"Depuis sa cr\u00e9ation en 2001, la marque californienne RVCA (prononcez Rew-Ka) surfe sur la vague de la mode,&hellip;\n","protected":false},"author":2,"featured_media":106826,"comment_status":"","ping_status":"","sticky":false,"template":"","format":"standard","meta":{"footnotes":""},"categories":[1888],"tags":[11,1777,674,1011,27,12,626,25,6720],"class_list":{"0":"post-106825","1":"post","2":"type-post","3":"status-publish","4":"format-standard","5":"has-post-thumbnail","7":"category-paris","8":"tag-actualites","9":"tag-eu","10":"tag-europe","11":"tag-fr","12":"tag-france","13":"tag-news","14":"tag-paris","15":"tag-republique-francaise","16":"tag-shopping"},"share_on_mastodon":{"url":"https:\/\/pubeurope.com\/@fr\/114522886262778228","error":""},"_links":{"self":[{"href":"https:\/\/www.europesays.com\/fr\/wp-json\/wp\/v2\/posts\/106825","targetHints":{"allow":["GET"]}}],"collection":[{"href":"https:\/\/www.europesays.com\/fr\/wp-json\/wp\/v2\/posts"}],"about":[{"href":"https:\/\/www.europesays.com\/fr\/wp-json\/wp\/v2\/types\/post"}],"author":[{"embeddable":true,"href":"https:\/\/www.europesays.com\/fr\/wp-json\/wp\/v2\/users\/2"}],"replies":[{"embeddable":true,"href":"https:\/\/www.europesays.com\/fr\/wp-json\/wp\/v2\/comments?post=106825"}],"version-history":[{"count":0,"href":"https:\/\/www.europesays.com\/fr\/wp-json\/wp\/v2\/posts\/106825\/revisions"}],"wp:featuredmedia":[{"embeddable":true,"href":"https:\/\/www.europesays.com\/fr\/wp-json\/wp\/v2\/media\/106826"}],"wp:attachment":[{"href":"https:\/\/www.europesays.com\/fr\/wp-json\/wp\/v2\/media?parent=106825"}],"wp:term":[{"taxonomy":"category","embeddable":true,"href":"https:\/\/www.europesays.com\/fr\/wp-json\/wp\/v2\/categories?post=106825"},{"taxonomy":"post_tag","embeddable":true,"href":"https:\/\/www.europesays.com\/fr\/wp-json\/wp\/v2\/tags?post=106825"}],"curies":[{"name":"wp","href":"https:\/\/api.w.org\/{rel}","templated":true}]}}