{"id":1068274,"date":"2026-07-16T12:29:18","date_gmt":"2026-07-16T12:29:18","guid":{"rendered":"https:\/\/www.europesays.com\/fr\/1068274\/"},"modified":"2026-07-16T12:29:18","modified_gmt":"2026-07-16T12:29:18","slug":"plus-belle-la-vie-en-avance-vendredi-17-juillet-thomas-se-fait","status":"publish","type":"post","link":"https:\/\/www.europesays.com\/fr\/1068274\/","title":{"rendered":"Plus belle la vie en avance : vendredi 17 juillet, Thomas se fait &#8230;"},"content":{"rendered":"<ul class=\"en-bref-list\">\n<li>Le 17 juillet 2026, TF1 diffuse un \u00e9pisode de \u00ab\u00a0Plus belle la<br \/>\nvie\u00a0\u00bb avec Baptiste et Morgane au c\u0153ur de l&rsquo;intrigue.<\/li>\n<li>Des tensions et des r\u00e9conciliations s&rsquo;esquissent entre Baptiste<br \/>\net Morgane, tandis que Thomas fait face \u00e0 des m\u00e9saventures<br \/>\ndomestiques.<\/li>\n<li>Des relations complexes et des intrigues personnelles se<br \/>\ntissent, laissant entrevoir des d\u00e9veloppements inattendus.<\/li>\n<li>Ce r\u00e9sum\u00e9 g\u00e9n\u00e9r\u00e9 par IA a \u00e9t\u00e9 valid\u00e9 par les journalistes de la<br \/>\nr\u00e9daction.<\/li>\n<\/ul>\n<p class=\"p1\">Ce vendredi 17 juillet 2026, TF1 diffuse <a href=\"https:\/\/www.telestar.fr\/serie_tv\/plus-belle-la-vie-en-avance-jeudi-16-juillet-ariane-craque-et-arthur-etait-il-complice-de-dassari-1773435\" rel=\"nofollow noopener\" target=\"_blank\"><br \/>\nun nouvel \u00e9pisode de Plus belle la vie<\/a>. Des<br \/>\nrebondissements haletants jalonnent ce chapitre in\u00e9dit du<br \/>\nfeuilleton marseillais. Dans les premi\u00e8res minutes,<br \/>\n<strong>Baptiste croise Morgane au Mistral<\/strong>. Celui-ci prend<br \/>\ndes nouvelles de Laura puis pr\u00e9sente ses excuses suite \u00e0 son<br \/>\ncomportement ces derniers jours. Morgane aimerait <strong>jouer la<br \/>\nrevanche au baby-foot<\/strong> en fin de journ\u00e9e, mais Baptiste lui<br \/>\nr\u00e9pond qu&rsquo;il est trop accapar\u00e9 par son travail. Morgane mord la<br \/>\npoussi\u00e8re, encore une fois\u2026<\/p>\n<p class=\"p1\">Au Pavillon des Fleurs, la brigadi\u00e8re ne parvient pas<br \/>\n\u00e0 mettre la main sur le dossier d&rsquo;une femme victime de violences<br \/>\nconjugales, envoy\u00e9 la veille par mail. T\u00e9moin de la sc\u00e8ne, Baptiste<br \/>\nesquisse un sourire en coin. Morgane, elle, semble embarrass\u00e9e.<br \/>\nPlus tard, le fils adoptif de Thomas et Gabriel retrouve Morgane \u00e0<br \/>\nla r\u00e9sidence Massilia. <strong>L&rsquo;ambiance est d&rsquo;abord<br \/>\ntendue<\/strong> jusqu&rsquo;\u00e0 ce qu&rsquo;ils conviennent d&rsquo;un rendez-vous pour<br \/>\nune revanche au baby-foot mardi prochain. <strong>Un rapprochement<br \/>\ns&rsquo;esquisse<\/strong>\u2026<\/p>\n<p>Plus belle la vie en avance : Thomas prend un coup<br \/>\nde jus ce 17 juillet<\/p>\n<p class=\"p1\">En parall\u00e8le, Gabriel se d\u00e9tend <strong>au bord de la<br \/>\npiscine \u00e0 la villa<\/strong> avant d&rsquo;entamer une journ\u00e9e de dur<br \/>\nlabeur au cabinet. <a href=\"https:\/\/www.telestar.fr\/serie_tv\/plus-belle-la-vie-moi-je-suis-la-je-travaille-stephane-henon-et-laurent-kerusore-balancent-1736399\" rel=\"nofollow noopener\" target=\"_blank\"><br \/>\nThomas (Laurent K\u00e9rusor\u00e9)<\/a> d\u00e9barque sans pr\u00e9venir avec un<br \/>\nsouffleur tr\u00e8s bruyant. Gabriel s&rsquo;\u00e9nerve et se rend \u00e0 son travail.<br \/>\n<strong>Un voisin rend ensuite visite \u00e0 Thomas<\/strong>, alors<br \/>\noccup\u00e9 \u00e0 nettoyer la piscine. Celui-ci a perdu son chat. Thomas ne<br \/>\npeut pas l&rsquo;aider : il n&rsquo;a pas aper\u00e7u l&rsquo;animal. Le voisin lui<br \/>\nadresse une salve de reproches : Thomas ne devrait pas laisser ses<br \/>\nresters alimentaires dehors, ni disperser du chlore dans l&rsquo;eau de<br \/>\nla piscine, ce qui repr\u00e9sente un danger pour son chat. Furibard,<br \/>\nThomas lui montre la sortie en lui rappelant qu&rsquo;il se trouve sur<br \/>\nune propri\u00e9t\u00e9 priv\u00e9e.<\/p>\n<p class=\"p1\">Quelques heures plus tard, celui-ci raconte \u00e0 Gabriel<br \/>\nsa m\u00e9saventure avec le voisin et admet que <strong>la maison ne lui<br \/>\nconvient pas<\/strong>. Il en a d&rsquo;ailleurs parl\u00e9 avec Vanessa, mais<br \/>\nla cheffe d&rsquo;entreprise ne semble pas avoir compris la raison de son<br \/>\nmalaise. Voil\u00e0 que <strong>l&rsquo;alarme se d\u00e9clenche<br \/>\ns<\/strong>oudainement. <strong>Thomas tente de l&rsquo;arr\u00eater et se fait<br \/>\n\u00e9lectrocuter<\/strong>. Un mauvais coup de jus\u2026<\/p>\n<p>Plus belle la vie en avance : un<br \/>\ncouple au bord de l&rsquo;implosion ce 17 juillet<\/p>\n<p class=\"p1\">Dans ce m\u00eame \u00e9pisode, <strong><a href=\"https:\/\/www.telestar.fr\/actu_tv\/plus-belle-la-vie-on-va-assister-a-un-meurtre-lea-francois-barbara-se-lache-en-confidences-sur-les-episodes-a-venir-1772099\" rel=\"nofollow noopener\" target=\"_blank\"><br \/>\nBarbara (L\u00e9a Fran\u00e7ois)<\/a> sort d&rsquo;un interrogatoire<\/strong> au<br \/>\ncommissariat dans le cadre du meurtre d&rsquo;Arto Keris. Les enqu\u00eateurs<br \/>\nsouhaitaient confirmer la th\u00e8se de la l\u00e9gitime d\u00e9fense. Barbara<br \/>\nexplique \u00e0 Laura le motif de sa convocation et confie ensuite que<br \/>\n<strong>sa relation avec Louis a \u00ab\u00a0\u00e9volu\u00e9\u00a0\u00bb<\/strong>. En<br \/>\nparall\u00e8le, Patrick d\u00e9couvre les d\u00e9positions de Barbara et Laura,<br \/>\ntrop \u00e9vasives selon Boher. Mais pas pour lui. Tous deux s&rsquo;accordent<br \/>\nsur le fait que l&rsquo;ex-polici\u00e8re aurait trouv\u00e9 sa place au<br \/>\ncommissariat.<\/p>\n<p class=\"p1\">Du c\u00f4t\u00e9 du cabinet m\u00e9dical, Jennifer re\u00e7oit un cadeau<br \/>\nde la part de L\u00e9a et Babeth qui lui proposent de d\u00eener avec elles<br \/>\nce soir. La secr\u00e9taire d\u00e9cline leur invitation, donnant la priorit\u00e9<br \/>\n\u00e0 son week-end en thalasso. \u00ab\u00a0Le fait d&rsquo;avoir fr\u00f4l\u00e9 la mort, je<br \/>\nme suis rendue compte que secr\u00e9taire m\u00e9dicale, ce n&rsquo;\u00e9tait pas<br \/>\nvraiment mon truc. J&rsquo;ai besoin de changer\u00a0\u00bb, annonce-t-elle. Au<br \/>\nMistral enfin, <strong>Barbara retrouve Louis<\/strong> et le serre<br \/>\ndans ses bras. \u00ab\u00a0L&rsquo;important, c&rsquo;est que tout aille<br \/>\nbien\u00a0\u00bb, lui glisse-t-elle \u00e0 l&rsquo;oreille. Mais <strong>le malaise<br \/>\nest palpable<\/strong>. Quelque chose cloche entre eux, d&rsquo;apr\u00e8s<br \/>\nLouis. Barbara se d\u00e9robe \u00e0 la conversation\u2026<\/p>\n","protected":false},"excerpt":{"rendered":"Le 17 juillet 2026, TF1 diffuse un \u00e9pisode de \u00ab\u00a0Plus belle la vie\u00a0\u00bb avec Baptiste et Morgane au&hellip;\n","protected":false},"author":2,"featured_media":1068275,"comment_status":"","ping_status":"","sticky":false,"template":"","format":"standard","meta":{"footnotes":"","_share_on_mastodon":"0"},"categories":[8],"tags":[548,58,59,1011,27,1368,65861],"class_list":["post-1068274","post","type-post","status-publish","format-standard","has-post-thumbnail","category-divertissement","tag-article-simple","tag-divertissement","tag-entertainment","tag-fr","tag-france","tag-plus-belle-la-vie","tag-trend"],"share_on_mastodon":{"url":"https:\/\/pubeurope.com\/@fr\/116929663172909444","error":""},"_links":{"self":[{"href":"https:\/\/www.europesays.com\/fr\/wp-json\/wp\/v2\/posts\/1068274","targetHints":{"allow":["GET"]}}],"collection":[{"href":"https:\/\/www.europesays.com\/fr\/wp-json\/wp\/v2\/posts"}],"about":[{"href":"https:\/\/www.europesays.com\/fr\/wp-json\/wp\/v2\/types\/post"}],"author":[{"embeddable":true,"href":"https:\/\/www.europesays.com\/fr\/wp-json\/wp\/v2\/users\/2"}],"replies":[{"embeddable":true,"href":"https:\/\/www.europesays.com\/fr\/wp-json\/wp\/v2\/comments?post=1068274"}],"version-history":[{"count":0,"href":"https:\/\/www.europesays.com\/fr\/wp-json\/wp\/v2\/posts\/1068274\/revisions"}],"wp:featuredmedia":[{"embeddable":true,"href":"https:\/\/www.europesays.com\/fr\/wp-json\/wp\/v2\/media\/1068275"}],"wp:attachment":[{"href":"https:\/\/www.europesays.com\/fr\/wp-json\/wp\/v2\/media?parent=1068274"}],"wp:term":[{"taxonomy":"category","embeddable":true,"href":"https:\/\/www.europesays.com\/fr\/wp-json\/wp\/v2\/categories?post=1068274"},{"taxonomy":"post_tag","embeddable":true,"href":"https:\/\/www.europesays.com\/fr\/wp-json\/wp\/v2\/tags?post=1068274"}],"curies":[{"name":"wp","href":"https:\/\/api.w.org\/{rel}","templated":true}]}}