{"id":106833,"date":"2025-05-17T11:18:08","date_gmt":"2025-05-17T11:18:08","guid":{"rendered":"https:\/\/www.europesays.com\/fr\/106833\/"},"modified":"2025-05-17T11:18:08","modified_gmt":"2025-05-17T11:18:08","slug":"aux-etats-unis-un-projet-de-telerealite-pour-remporter-la-nationalite-americaine","status":"publish","type":"post","link":"https:\/\/www.europesays.com\/fr\/106833\/","title":{"rendered":"Aux \u00c9tats-Unis, un projet de t\u00e9l\u00e9r\u00e9alit\u00e9 pour remporter la nationalit\u00e9 am\u00e9ricaine"},"content":{"rendered":"<p>Le minist\u00e8re de la S\u00e9curit\u00e9 int\u00e9rieure envisage de donner son aval \u00e0 une \u00e9mission dans laquelle des immigr\u00e9s s\u2019affronteraient pour d\u00e9crocher leur nationalit\u00e9, selon le Wall Street Journal.<\/p>\n<p class=\"fig-paragraph\">Lorsque l\u2019on pense avoir tout vu, les Am\u00e9ricains mettent la barre encore plus haut. Vendredi 16 mai, le\u00a0<a href=\"http:\/\/www.lefigaro.fr\/international\/elle-presente-des-risques-reels-le-ministere-americain-de-la-securite-interieure-cree-un-comite-sur-l-utilisation-de-l-ia-20240427\" target=\"_blank\" data-fig-type=\"NewsFlash\" rel=\"noopener\" data-gtm-custom-categorie=\"navigation\" data-gtm-custom-action=\"crossclick\" data-gtm-custom-label=\"Contextuel\" data-gtm-event=\"customEventSPE\" data-fig-domain=\"LEFIGARO\">minist\u00e8re de la S\u00e9curit\u00e9 int\u00e9rieure (DHS)<\/a>\u00a0de\u00a0<a href=\"http:\/\/www.lefigaro.fr\/conjoncture\/ces-guerilleros-de-l-archivage-qui-se-battent-contre-les-suppressions-massives-de-donnees-par-l-administration-trump-20250516\" target=\"_blank\" data-fig-type=\"Article\" rel=\"noopener\" data-gtm-custom-categorie=\"navigation\" data-gtm-custom-action=\"crossclick\" data-gtm-custom-label=\"Contextuel\" data-gtm-event=\"customEventSPE\" data-fig-domain=\"LEFIGARO\">l\u2019administration Trump<\/a>\u00a0a confirm\u00e9 envisager de donner son aval \u00e0 une \u00e9mission de t\u00e9l\u00e9r\u00e9alit\u00e9 dans laquelle des immigr\u00e9s s&rsquo;affronteraient pour d\u00e9crocher la nationalit\u00e9 am\u00e9ricaine, en cherchant par exemple de l&rsquo;or au fond d&rsquo;une mine.<\/p>\n<p class=\"fig-paragraph\">Ce programme, cens\u00e9 s\u00e9lectionner les immigr\u00e9s \u00ables plus Am\u00e9ricains\u00bb, a \u00e9t\u00e9 propos\u00e9 au DHS par le producteur et auteur canado-am\u00e9ricain, Rob Worsoff, selon des informations du Wall Street Journal. \u00c0 l\u2019issue de chaque \u00e9pisode d\u2019une heure, un participant serait chaque fois exclu du jeu.<\/p>\n<p class=\"fig-paragraph\">Interrog\u00e9 sur le sujet, le minist\u00e8re a expliqu\u00e9 que l&rsquo;id\u00e9e \u00abn&rsquo;avait \u00e9t\u00e9 ni approuv\u00e9e ni rejet\u00e9e\u00bb, soulignant dans un communiqu\u00e9 que \u00abchaque proposition passe par un processus rigoureux de v\u00e9rification avant d&rsquo;\u00eatre rejet\u00e9e ou approuv\u00e9e\u00bb. Tout en ajoutant cette phrase pour le moins \u00e9nigmatique\u00a0: \u00abNous devons raviver le patriotisme et le devoir civique dans ce pays et nous sommes heureux de passer en revue des propositions qui sortent de l&rsquo;ordinaire\u00bb.\u00a0<\/p>\n<p>\u00abOn ne parle pas d\u2019un \u201cHunger Games\u201d pour immigr\u00e9s\u00bb<\/p>\n<p class=\"fig-paragraph\">Selon les propos de Rob Worsoff rapport\u00e9s dans le Wall Street Journal, l\u2019\u00e9mission se voudrait \u00abpositive\u00bb. \u00abOn ne parle pas d&rsquo;un \u201cHunger Games\u201d pour immigr\u00e9s\u00bb, a-t-il tenu \u00e0 pr\u00e9ciser dans les colonnes du journal, en r\u00e9f\u00e9rence aux romans dystopiques et \u00e0 la s\u00e9rie de films qui en a \u00e9t\u00e9 tir\u00e9e sur des adolescents forc\u00e9s de s&rsquo;entretuer pour survivre lors de comp\u00e9titions t\u00e9l\u00e9vis\u00e9es. Et d\u2019ajouter\u00a0: \u00abOn n&rsquo;est pas en train de dire, \u201cSi tu perds, on t&rsquo;expulse du pays par bateau\u201d\u00bb.<\/p>\n<p class=\"fig-paragraph\">Parmi les \u00e9preuves, une \u00abru\u00e9e vers l&rsquo;or\u00bb o\u00f9 les concurrents tenteraient d&rsquo;extraire le plus possible ce m\u00e9tal pr\u00e9cieux d&rsquo;une mine ou une \u00e9preuve par \u00e9quipe o\u00f9 les participants assembleraient le ch\u00e2ssis d&rsquo;une Ford T sont envisag\u00e9es. L&rsquo;\u00e9mission commencerait \u00e0 Ellis Island, l&rsquo;\u00eele en face de Manhattan \u00e0 New York o\u00f9 ont d\u00e9barqu\u00e9 des millions d&rsquo;\u00e9trangers au XXe si\u00e8cle.<\/p>\n<p class=\"fig-paragraph\">L&rsquo;administration de\u00a0<a href=\"http:\/\/www.lefigaro.fr\/conjoncture\/trafic-de-drogue-immigration-clandestine-donald-trump-veut-punir-le-mexique-la-chine-et-le-canada-avec-des-taxes-20241127\" target=\"_blank\" data-fig-type=\"Article\" rel=\"noopener\" data-gtm-custom-categorie=\"navigation\" data-gtm-custom-action=\"crossclick\" data-gtm-custom-label=\"Contextuel\" data-gtm-event=\"customEventSPE\" data-fig-domain=\"LEFIGARO\">Donald Trump<\/a>, lui-m\u00eame ancienne star de la t\u00e9l\u00e9r\u00e9alit\u00e9, a fait de la lutte contre l&rsquo;immigration clandestine l&rsquo;une des\u00a0<a href=\"http:\/\/www.lefigaro.fr\/international\/immigration-droits-de-douane-politique-etrangere-a-quoi-pourraient-ressembler-les-premiers-mois-du-mandat-trump-20250119\" target=\"_blank\" data-fig-type=\"Article\" rel=\"noopener\" data-gtm-custom-categorie=\"navigation\" data-gtm-custom-action=\"crossclick\" data-gtm-custom-label=\"Contextuel\" data-gtm-event=\"customEventSPE\" data-fig-domain=\"LEFIGARO\">politiques phares du d\u00e9but de son second mandat<\/a>. La police de l&rsquo;immigration a men\u00e9 de nombreux raids dans les grandes villes tandis que des dizaines de migrants ont \u00e9t\u00e9 expuls\u00e9s au Salvador aux termes d&rsquo;une loi de 1798 applicable en temps de guerre. Le gouvernement a aussi annonc\u00e9 la r\u00e9vocation des statuts de protection temporaires accord\u00e9s aux ressortissants v\u00e9n\u00e9zu\u00e9liens, afghans ou ha\u00eftiens.<\/p>\n","protected":false},"excerpt":{"rendered":"Le minist\u00e8re de la S\u00e9curit\u00e9 int\u00e9rieure envisage de donner son aval \u00e0 une \u00e9mission dans laquelle des immigr\u00e9s&hellip;\n","protected":false},"author":2,"featured_media":106834,"comment_status":"","ping_status":"","sticky":false,"template":"","format":"standard","meta":{"footnotes":""},"categories":[1589],"tags":[1111,47,11,1109,1112,75,73,1866,118,1108,107,1106,1107,27,1061,1110,1114,14,12,1113,316,1864,1865,1863,308],"class_list":{"0":"post-106833","1":"post","2":"type-post","3":"status-publish","4":"format-standard","5":"has-post-thumbnail","7":"category-etats-unis","8":"tag-actu","9":"tag-actualite","10":"tag-actualites","11":"tag-breves","12":"tag-depeches","13":"tag-donald-trump","14":"tag-etats-unis","15":"tag-etats-unis-damerique","16":"tag-faits-divers","17":"tag-fil","18":"tag-fil-info","19":"tag-flash","20":"tag-flash-actu","21":"tag-france","22":"tag-immigration","23":"tag-informations","24":"tag-infos","25":"tag-international","26":"tag-news","27":"tag-nouvelles","28":"tag-politique","29":"tag-united-states","30":"tag-united-states-of-america","31":"tag-us","32":"tag-usa"},"share_on_mastodon":{"url":"https:\/\/pubeurope.com\/@fr\/114522902102326200","error":""},"_links":{"self":[{"href":"https:\/\/www.europesays.com\/fr\/wp-json\/wp\/v2\/posts\/106833","targetHints":{"allow":["GET"]}}],"collection":[{"href":"https:\/\/www.europesays.com\/fr\/wp-json\/wp\/v2\/posts"}],"about":[{"href":"https:\/\/www.europesays.com\/fr\/wp-json\/wp\/v2\/types\/post"}],"author":[{"embeddable":true,"href":"https:\/\/www.europesays.com\/fr\/wp-json\/wp\/v2\/users\/2"}],"replies":[{"embeddable":true,"href":"https:\/\/www.europesays.com\/fr\/wp-json\/wp\/v2\/comments?post=106833"}],"version-history":[{"count":0,"href":"https:\/\/www.europesays.com\/fr\/wp-json\/wp\/v2\/posts\/106833\/revisions"}],"wp:featuredmedia":[{"embeddable":true,"href":"https:\/\/www.europesays.com\/fr\/wp-json\/wp\/v2\/media\/106834"}],"wp:attachment":[{"href":"https:\/\/www.europesays.com\/fr\/wp-json\/wp\/v2\/media?parent=106833"}],"wp:term":[{"taxonomy":"category","embeddable":true,"href":"https:\/\/www.europesays.com\/fr\/wp-json\/wp\/v2\/categories?post=106833"},{"taxonomy":"post_tag","embeddable":true,"href":"https:\/\/www.europesays.com\/fr\/wp-json\/wp\/v2\/tags?post=106833"}],"curies":[{"name":"wp","href":"https:\/\/api.w.org\/{rel}","templated":true}]}}