{"id":1068407,"date":"2026-07-16T14:01:12","date_gmt":"2026-07-16T14:01:12","guid":{"rendered":"https:\/\/www.europesays.com\/fr\/1068407\/"},"modified":"2026-07-16T14:01:12","modified_gmt":"2026-07-16T14:01:12","slug":"la-fibre-est-coupee-depuis-le-2-juin-des-habitants-de-montpellier-prives-dinternet-depuis-un-mois-et-demi","status":"publish","type":"post","link":"https:\/\/www.europesays.com\/fr\/1068407\/","title":{"rendered":"\u00ab\u00a0La fibre est coup\u00e9e depuis le 2\u00a0juin\u00a0\u00bb\u00a0: des habitants de Montpellier priv\u00e9s d\u2019internet depuis un mois et demi"},"content":{"rendered":"<p>\n                                                                De nombreux r\u00e9sidents de Tournezy sont victimes d\u2019une coupure de fibre optique, suite \u00e0 des travaux sur une armoire g\u00e9r\u00e9e par Orange, qui nie toute responsabilit\u00e9.\n                            <\/p>\n<p>Depuis le 2\u00a0juin, de nombreux habitants de Tournezy sont priv\u00e9s d\u2019internet. \u00ab\u00a0L\u2019armoire qui distribuait la fibre avait \u00e9t\u00e9 percut\u00e9e par une voiture il y a un an et demi mais elle \u00e9tait toujours fonctionnelle\u00a0\u00bb, explique Patrick, qui habite \u00e0 proximit\u00e9.<\/p>\n<p>Cette armoire situ\u00e9e \u00e0 l\u2019angle des rues Antonin Balmes et Montesquieu est toujours \u00e9ventr\u00e9e. Mais le 2\u00a0juin dernier, \u00ab\u00a0des techniciens d\u2019Orange\u00a0ont install\u00e9 une nouvelle armoire qui est toujours vide \u00e0 ce jour, t\u00e9moigne Patrick. Ce jour-l\u00e0, ils ont surtout coup\u00e9 la fibre dans une partie du quartier. Les villas et les immeubles sont concern\u00e9s, seule la zone commerciale est \u00e9pargn\u00e9e.\u00a0\u00bb<\/p>\n<p>\u00ab\u00a0Des abonn\u00e9s de plusieurs op\u00e9rateurs concern\u00e9s\u00a0\u00bb<\/p>\n<p>C\u2019est en \u00e9changeant avec ses voisins que Patrick a compris qu\u2019il n\u2019\u00e9tait pas le seul \u00e0 \u00eatre priv\u00e9 d\u2019internet depuis un mois et demi, loin de l\u00e0. \u00ab\u00a0Des abonn\u00e9s d\u2019Orange, Bouygues et SFR sont dans la m\u00eame situation. Seuls des clients de Free l\u2019ont retrouv\u00e9 apr\u00e8s le d\u00e9placement d\u2019un de\u00a0leurs techniciens\u00a0\u00bb.<\/p>\n<p>\u00ab\u00a0Malgr\u00e9\u00a0plusieurs relances, les fournisseurs nous disent qu\u2019ils restent impuissants par rapport \u00e0 Orange qui donne des dates qui ne sont jamais respect\u00e9es\u00a0\u00bb, d\u00e9plore Patrick.<\/p>\n<p>\u00ab\u00a0Une panne le 14\u00a0juin qui a \u00e9t\u00e9 r\u00e9solue\u00a0\u00bb<\/p>\n<p>Du c\u00f4t\u00e9 d\u2019Orange, on pr\u00e9cise que \u00ab\u00a0l\u2019armoire concern\u00e9e a \u00e9t\u00e9 chang\u00e9e le 23\u00a0mars et que tout fonctionne normalement. Il y a certes eu une panne le 14\u00a0juin mais la situation a \u00e9t\u00e9 r\u00e9tablie.\u00a0\u00bb<\/p>\n<p>Et de pr\u00e9ciser\u00a0: \u00ab\u00a0Nous ne notons aucun d\u00e9rangement collectif dans le quartier pour les clients Orange. Les autres doivent voir avec leur\u00a0op\u00e9rateur.\u00a0\u00bb<\/p>\n","protected":false},"excerpt":{"rendered":"De nombreux r\u00e9sidents de Tournezy sont victimes d\u2019une coupure de fibre optique, suite \u00e0 des travaux sur une&hellip;\n","protected":false},"author":2,"featured_media":1068408,"comment_status":"","ping_status":"","sticky":false,"template":"","format":"standard","meta":{"footnotes":"","_share_on_mastodon":"0"},"categories":[9599],"tags":[1111,11,254,1777,674,1011,27,7089,2208,12,2680,25,104],"class_list":["post-1068407","post","type-post","status-publish","format-standard","has-post-thumbnail","category-montpellier","tag-actu","tag-actualites","tag-conso","tag-eu","tag-europe","tag-fr","tag-france","tag-herault","tag-montpellier","tag-news","tag-occitanie","tag-republique-francaise","tag-societe"],"share_on_mastodon":{"url":"https:\/\/pubeurope.com\/@fr\/116930025103446797","error":""},"_links":{"self":[{"href":"https:\/\/www.europesays.com\/fr\/wp-json\/wp\/v2\/posts\/1068407","targetHints":{"allow":["GET"]}}],"collection":[{"href":"https:\/\/www.europesays.com\/fr\/wp-json\/wp\/v2\/posts"}],"about":[{"href":"https:\/\/www.europesays.com\/fr\/wp-json\/wp\/v2\/types\/post"}],"author":[{"embeddable":true,"href":"https:\/\/www.europesays.com\/fr\/wp-json\/wp\/v2\/users\/2"}],"replies":[{"embeddable":true,"href":"https:\/\/www.europesays.com\/fr\/wp-json\/wp\/v2\/comments?post=1068407"}],"version-history":[{"count":0,"href":"https:\/\/www.europesays.com\/fr\/wp-json\/wp\/v2\/posts\/1068407\/revisions"}],"wp:featuredmedia":[{"embeddable":true,"href":"https:\/\/www.europesays.com\/fr\/wp-json\/wp\/v2\/media\/1068408"}],"wp:attachment":[{"href":"https:\/\/www.europesays.com\/fr\/wp-json\/wp\/v2\/media?parent=1068407"}],"wp:term":[{"taxonomy":"category","embeddable":true,"href":"https:\/\/www.europesays.com\/fr\/wp-json\/wp\/v2\/categories?post=1068407"},{"taxonomy":"post_tag","embeddable":true,"href":"https:\/\/www.europesays.com\/fr\/wp-json\/wp\/v2\/tags?post=1068407"}],"curies":[{"name":"wp","href":"https:\/\/api.w.org\/{rel}","templated":true}]}}