{"id":106841,"date":"2025-05-17T11:22:09","date_gmt":"2025-05-17T11:22:09","guid":{"rendered":"https:\/\/www.europesays.com\/fr\/106841\/"},"modified":"2025-05-17T11:22:09","modified_gmt":"2025-05-17T11:22:09","slug":"vu-dailleurs-n160-apres-le-brexit-londres-veut-recommencer-sur-de-bonnes-bases","status":"publish","type":"post","link":"https:\/\/www.europesays.com\/fr\/106841\/","title":{"rendered":"\u00abVu d\u2019Ailleurs\u00bb N\u00b0160 &#8211; Apr\u00e8s le Brexit, Londres veut recommencer sur de bonnes bases"},"content":{"rendered":"<p><strong>LETTRE EXCLUSIVE ABONN\u00c9S &#8211;<\/strong> La revue de presse europ\u00e9enne, par \u00c9douard de Mareschal.<\/p>\n<p class=\"fig-paragraph\">Chers abonn\u00e9s,<\/p>\n<p class=\"fig-paragraph\">Apr\u00e8s le divorce de 2020, peut-on croire \u00e0 un nouveau d\u00e9part\u00a0? Londres accueille ce lundi le premier sommet entre la Grande Bretagne et l\u2019Union europ\u00e9enne depuis le Brexit. Cette volont\u00e9 britannique de \u00abr\u00e9initialiser\u00bb nos relations bilat\u00e9rales, Keir Starmer la clame haut et fort depuis son arriv\u00e9e au 10 Downing Street en juillet dernier. Mais que s\u2019est-il pass\u00e9 concr\u00e8tement depuis bient\u00f4t un an\u00a0? \u00abPas grand-chose\u00bb, souligne S\u00e9bastien Maillard, conseiller sp\u00e9cial \u00e0 l\u2019Institut Jacques Delors. Il pointe m\u00eame un d\u00e9calage manifeste entre ce \u00abslogan du \u201creset\u201d brandit par Keir Starmer\u00bb, et la r\u00e9alit\u00e9.<\/p>\n<p class=\"fig-paragraph\">Il faut bien comprendre ce que le gouvernement travailliste entend par ce terme. Loin de vouloir relancer le d\u00e9bat empoisonn\u00e9 sur l\u2019appartenance britannique \u00e0 l\u2019Europe, ses vis\u00e9es sont plus pragmatiques. \u00abDoper la croissance \u00e9conomique du pays, c\u2019est ce qui aimante toutes les demandes britanniques\u00bb, analyse S\u00e9bastien Maillard\u00a0<a href=\"https:\/\/www.youtube.com\/watch?v=z9zlwbZc-Hs\" target=\"_blank\" rel=\"noopener nofollow\" data-gtm-custom-categorie=\"navigation\" data-gtm-custom-action=\"crossclick\" data-gtm-custom-label=\"Contextuel\" data-gtm-event=\"customEventSPE\">dans une \u00e9mission<\/a>\u00a0propos\u00e9e par le groupe de r\u00e9flexion\u2026<\/p>\n<p class=\"fig-premium-paywall__infos\">\n        Cet article est r\u00e9serv\u00e9 aux abonn\u00e9s.        Il vous reste 88% \u00e0 d\u00e9couvrir.\n    <\/p>\n<p>                <img  data- alt=\"Le Figaro\" class=\"fig-img--complete fig-img\"\/><\/p>\n<p class=\"fig-premium-paywall__title\">Vente Flash<\/p>\n<p class=\"fig-premium-paywall__subtitle\">4,99\u20ac par mois pendant 12 mois. Sans engagement.<\/p>\n<p class=\"fig-premium-paywall__connect\">\n                D\u00e9j\u00e0 abonn\u00e9\u00a0?                <a class=\"fig-premium-paywall__connect-link\" href=\"https:\/\/connect.lefigaro.fr\/login?client=horizon_web&amp;type=main&amp;redirect_uri=https%3A%2F%2Fwww.lefigaro.fr%2Finternational%2Fvu-d-ailleurs-n0155-apres-le-brexit-londres-veut-recommencer-sur-de-bonnes-bases-20250517\" data-js-gtm=\"{&quot;customCategorie&quot;: &quot;conversion&quot;, &quot;customAction&quot;: &quot;before_Landing_Connexion_paywall_auto&quot;, &quot;customLabel&quot;: &quot;bGVmaWdhcm8uZnJfXzFmMDMyNmIzLWVkZWItNjkxYy04ZTg1LWY1MWQ0Y2E0MmQ5NV9fQXJ0aWNsZQ==_\u00abVu d\u2019Ailleurs\u00bb N\u00b0160 - Apr\u00e8s le Brexit, Londres veut recommencer sur de bonnes bases_374&quot;, &quot;customIDSPE&quot;: &quot;bGVmaWdhcm8uZnJfXzFmMDMyNmIzLWVkZWItNjkxYy04ZTg1LWY1MWQ0Y2E0MmQ5NV9fQXJ0aWNsZQ==&quot;, &quot;event&quot;: &quot;customEventSPE&quot;}\" rel=\"nofollow noopener\" target=\"_blank\"><br \/>\n                    Connectez-vous<br \/>\n                <\/a>\n            <\/p>\n","protected":false},"excerpt":{"rendered":"LETTRE EXCLUSIVE ABONN\u00c9S &#8211; La revue de presse europ\u00e9enne, par \u00c9douard de Mareschal. Chers abonn\u00e9s, Apr\u00e8s le divorce&hellip;\n","protected":false},"author":2,"featured_media":106842,"comment_status":"","ping_status":"","sticky":false,"template":"","format":"standard","meta":{"footnotes":""},"categories":[1586],"tags":[259,11,260,1777,674,1779,1011,27,14,22398,22397,261,12,262,25,1778,364],"class_list":{"0":"post-106841","1":"post","2":"type-post","3":"status-publish","4":"format-standard","5":"has-post-thumbnail","7":"category-europe","8":"tag-actualite-internationale","9":"tag-actualites","10":"tag-affaires-etrangeres","11":"tag-eu","12":"tag-europe","13":"tag-european-union","14":"tag-fr","15":"tag-france","16":"tag-international","17":"tag-lena","18":"tag-les-lettres-des-journalistes","19":"tag-ministere-des-affaires-etrangeres","20":"tag-news","21":"tag-politique-etrangere","22":"tag-republique-francaise","23":"tag-ue","24":"tag-union-europeenne"},"share_on_mastodon":{"url":"https:\/\/pubeurope.com\/@fr\/114522917686686969","error":""},"_links":{"self":[{"href":"https:\/\/www.europesays.com\/fr\/wp-json\/wp\/v2\/posts\/106841","targetHints":{"allow":["GET"]}}],"collection":[{"href":"https:\/\/www.europesays.com\/fr\/wp-json\/wp\/v2\/posts"}],"about":[{"href":"https:\/\/www.europesays.com\/fr\/wp-json\/wp\/v2\/types\/post"}],"author":[{"embeddable":true,"href":"https:\/\/www.europesays.com\/fr\/wp-json\/wp\/v2\/users\/2"}],"replies":[{"embeddable":true,"href":"https:\/\/www.europesays.com\/fr\/wp-json\/wp\/v2\/comments?post=106841"}],"version-history":[{"count":0,"href":"https:\/\/www.europesays.com\/fr\/wp-json\/wp\/v2\/posts\/106841\/revisions"}],"wp:featuredmedia":[{"embeddable":true,"href":"https:\/\/www.europesays.com\/fr\/wp-json\/wp\/v2\/media\/106842"}],"wp:attachment":[{"href":"https:\/\/www.europesays.com\/fr\/wp-json\/wp\/v2\/media?parent=106841"}],"wp:term":[{"taxonomy":"category","embeddable":true,"href":"https:\/\/www.europesays.com\/fr\/wp-json\/wp\/v2\/categories?post=106841"},{"taxonomy":"post_tag","embeddable":true,"href":"https:\/\/www.europesays.com\/fr\/wp-json\/wp\/v2\/tags?post=106841"}],"curies":[{"name":"wp","href":"https:\/\/api.w.org\/{rel}","templated":true}]}}