{"id":106846,"date":"2025-05-17T11:25:10","date_gmt":"2025-05-17T11:25:10","guid":{"rendered":"https:\/\/www.europesays.com\/fr\/106846\/"},"modified":"2025-05-17T11:25:10","modified_gmt":"2025-05-17T11:25:10","slug":"le-rappeur-werenoi-plus-gros-vendeur-dalbums-en-france-est-decede-a-lage-de-31-ans","status":"publish","type":"post","link":"https:\/\/www.europesays.com\/fr\/106846\/","title":{"rendered":"Le rappeur Werenoi, plus gros vendeur d&rsquo;albums en France, est d\u00e9c\u00e9d\u00e9 \u00e0 l&rsquo;\u00e2ge de 31 ans"},"content":{"rendered":"<p>Le rappeur Werenoi, num\u00e9ro un des ventes d&rsquo;albums en France en 2023 et 2024, est mort \u00e0 l&rsquo;\u00e2ge de 31 ans, a annonc\u00e9 samedi son producteur sur le r\u00e9seau social X.<\/p>\n<p>Le rappeur Werenoi, plus gros vendeur d&rsquo;albums en France, est mort \u00e0 l&rsquo;\u00e2ge de 31 ans, a-t-on appris ce samedi. \u00ab Repose en paix mon fr\u00e8re \u00bb, a \u00e9crit son producteur sur X, sous le pseudonyme de Babs, confirmant des informations de presse signalant le d\u00e9c\u00e8s du rappeur \u00e0 l&rsquo;h\u00f4pital apr\u00e8s une d\u00e9t\u00e9rioration soudaine de sa sant\u00e9. Un artiste au succ\u00e8s immense dans l&rsquo;Hexagone, mais peu connu en dehors du cercle des amateurs de rap, en raison d&rsquo;une discr\u00e9tion m\u00e9diatique cultiv\u00e9e.<\/p>\n<p>En 2023, il \u00e9tait encore peu connu du grand public quand il s&rsquo;est hiss\u00e9 en t\u00eate des ventes en France, devan\u00e7ant dans les oreilles des Fran\u00e7ais toute une ribambelle d&rsquo;immenses artistes internationaux. Et bis repetita en 2024 avec Pyramide et sa version augment\u00e9e Pyramide 2. Werenoi a connu une ascension fulgurante, \u00e0 tel point qu\u2019un documentaire autour de l\u2019artiste serait en cours de pr\u00e9paration chez Netflix.<\/p>\n<p>C\u00e9l\u00e8bre pour sa discr\u00e9tion dans les m\u00e9dias &#8211; \u00ab C\u2019est ma musique qui parle, je n\u2019en dis pas beaucoup \u00bb, explique-t-il au micro de Quelle \u00e9poque ! sur France 2 (13\/10\/2024) \u2014 l&rsquo;homme apparaissait presque toujours camoufl\u00e9 par des lunettes de soleil, casquette plate retourn\u00e9e, visage impassible. \u00c0 tel point que le sourire de Werenoi (ou plut\u00f4t son absence) est devenu un v\u00e9ritable mythe. Ma\u00eetre de son image, l\u2019artiste fascine par sa capacit\u00e9 \u00e0 cultiver le secret.<\/p>\n<p>Une recette du succ\u00e8s bien r\u00f4d\u00e9e<\/p>\n<p><a href=\"https:\/\/www.rfi.fr\/fr\/france\/20250517-rappeur-werenoi-plus-gros-vendeur-d-albums-en-france-d%C3%A9c%C3%A9d%C3%A9-%C3%A2ge-de-31-ans\" rel=\"nofollow noopener\" target=\"_blank\" data-ylk=\"slk:Lire la suite sur RFI;elm:context_link;itc:0;sec:content-canvas\" class=\"link \">Lire la suite sur RFI<\/a><\/p>\n","protected":false},"excerpt":{"rendered":"Le rappeur Werenoi, num\u00e9ro un des ventes d&rsquo;albums en France en 2023 et 2024, est mort \u00e0 l&rsquo;\u00e2ge&hellip;\n","protected":false},"author":2,"featured_media":106847,"comment_status":"","ping_status":"","sticky":false,"template":"","format":"standard","meta":{"footnotes":""},"categories":[4],"tags":[11,1764,1011,27,594,12,6198,25,22399],"class_list":{"0":"post-106846","1":"post","2":"type-post","3":"status-publish","4":"format-standard","5":"has-post-thumbnail","7":"category-france","8":"tag-actualites","9":"tag-ans","10":"tag-fr","11":"tag-france","12":"tag-france-2","13":"tag-news","14":"tag-rappeur","15":"tag-republique-francaise","16":"tag-ventes-dalbums"},"share_on_mastodon":{"url":"https:\/\/pubeurope.com\/@fr\/114522929448911710","error":""},"_links":{"self":[{"href":"https:\/\/www.europesays.com\/fr\/wp-json\/wp\/v2\/posts\/106846","targetHints":{"allow":["GET"]}}],"collection":[{"href":"https:\/\/www.europesays.com\/fr\/wp-json\/wp\/v2\/posts"}],"about":[{"href":"https:\/\/www.europesays.com\/fr\/wp-json\/wp\/v2\/types\/post"}],"author":[{"embeddable":true,"href":"https:\/\/www.europesays.com\/fr\/wp-json\/wp\/v2\/users\/2"}],"replies":[{"embeddable":true,"href":"https:\/\/www.europesays.com\/fr\/wp-json\/wp\/v2\/comments?post=106846"}],"version-history":[{"count":0,"href":"https:\/\/www.europesays.com\/fr\/wp-json\/wp\/v2\/posts\/106846\/revisions"}],"wp:featuredmedia":[{"embeddable":true,"href":"https:\/\/www.europesays.com\/fr\/wp-json\/wp\/v2\/media\/106847"}],"wp:attachment":[{"href":"https:\/\/www.europesays.com\/fr\/wp-json\/wp\/v2\/media?parent=106846"}],"wp:term":[{"taxonomy":"category","embeddable":true,"href":"https:\/\/www.europesays.com\/fr\/wp-json\/wp\/v2\/categories?post=106846"},{"taxonomy":"post_tag","embeddable":true,"href":"https:\/\/www.europesays.com\/fr\/wp-json\/wp\/v2\/tags?post=106846"}],"curies":[{"name":"wp","href":"https:\/\/api.w.org\/{rel}","templated":true}]}}