{"id":106855,"date":"2025-05-17T11:33:11","date_gmt":"2025-05-17T11:33:11","guid":{"rendered":"https:\/\/www.europesays.com\/fr\/106855\/"},"modified":"2025-05-17T11:33:11","modified_gmt":"2025-05-17T11:33:11","slug":"4-coureurs-dont-2-francais-ont-deja-2-cartons-jaunes","status":"publish","type":"post","link":"https:\/\/www.europesays.com\/fr\/106855\/","title":{"rendered":"4 coureurs, dont 2 fran\u00e7ais ont d\u00e9j\u00e0 2 cartons jaunes !"},"content":{"rendered":"<p>Pas moins de 4 coureurs ont d\u00e9j\u00e0 \u00e9cop\u00e9 de 2 cartons jaunes depuis le d\u00e9but de la saison 2025. Et parmi eux, on retrouve deux tricolores, \u00e0 savoir Alexys Brunel et C\u00e9drine Kerbaol.<\/p>\n<p>Les autres coureurs concern\u00e9s sont <strong><a href=\"https:\/\/www.velo-club.net\/resultats\/kaden-groves-soffre-la-6eme-etape-du-giro\/\" target=\"_blank\" rel=\"noopener\">Kaden Groves<\/a><\/strong> et Danny Van Poppel. Notons qu\u2019aucun d\u2019entre eux n\u2019est potentiellement concern\u00e9 par une <strong><a href=\"https:\/\/www.uci.org\/discipline\/road\/6TBjsDD8902tud440iv1Cu?tab=yellowcards\" target=\"_blank\" rel=\"noreferrer noopener\">suspension<\/a><\/strong> si un 3\u00e8me carton venait \u00e0 leur \u00eatre distribu\u00e9.<\/p>\n<p>N\u00e9anmoins, attention toutefois sur le long terme, car lorsque le total de 6 cartons sera atteint sur une p\u00e9riode de 365 jours, une suspension de 30 jours sera prononc\u00e9e.<\/p>\n","protected":false},"excerpt":{"rendered":"Pas moins de 4 coureurs ont d\u00e9j\u00e0 \u00e9cop\u00e9 de 2 cartons jaunes depuis le d\u00e9but de la saison&hellip;\n","protected":false},"author":2,"featured_media":106856,"comment_status":"","ping_status":"","sticky":false,"template":"","format":"standard","meta":{"footnotes":""},"categories":[1411],"tags":[2202,1154,207,1011,27,60],"class_list":{"0":"post-106855","1":"post","2":"type-post","3":"status-publish","4":"format-standard","5":"has-post-thumbnail","7":"category-cyclisme","8":"tag-a-decouvrir","9":"tag-cycling","10":"tag-cyclisme","11":"tag-fr","12":"tag-france","13":"tag-sports"},"share_on_mastodon":{"url":"https:\/\/pubeurope.com\/@fr\/114522961195661688","error":""},"_links":{"self":[{"href":"https:\/\/www.europesays.com\/fr\/wp-json\/wp\/v2\/posts\/106855","targetHints":{"allow":["GET"]}}],"collection":[{"href":"https:\/\/www.europesays.com\/fr\/wp-json\/wp\/v2\/posts"}],"about":[{"href":"https:\/\/www.europesays.com\/fr\/wp-json\/wp\/v2\/types\/post"}],"author":[{"embeddable":true,"href":"https:\/\/www.europesays.com\/fr\/wp-json\/wp\/v2\/users\/2"}],"replies":[{"embeddable":true,"href":"https:\/\/www.europesays.com\/fr\/wp-json\/wp\/v2\/comments?post=106855"}],"version-history":[{"count":0,"href":"https:\/\/www.europesays.com\/fr\/wp-json\/wp\/v2\/posts\/106855\/revisions"}],"wp:featuredmedia":[{"embeddable":true,"href":"https:\/\/www.europesays.com\/fr\/wp-json\/wp\/v2\/media\/106856"}],"wp:attachment":[{"href":"https:\/\/www.europesays.com\/fr\/wp-json\/wp\/v2\/media?parent=106855"}],"wp:term":[{"taxonomy":"category","embeddable":true,"href":"https:\/\/www.europesays.com\/fr\/wp-json\/wp\/v2\/categories?post=106855"},{"taxonomy":"post_tag","embeddable":true,"href":"https:\/\/www.europesays.com\/fr\/wp-json\/wp\/v2\/tags?post=106855"}],"curies":[{"name":"wp","href":"https:\/\/api.w.org\/{rel}","templated":true}]}}