{"id":106861,"date":"2025-05-17T11:36:16","date_gmt":"2025-05-17T11:36:16","guid":{"rendered":"https:\/\/www.europesays.com\/fr\/106861\/"},"modified":"2025-05-17T11:36:16","modified_gmt":"2025-05-17T11:36:16","slug":"tresor-du-faou-la-fuite-en-egypte-va-retrouver-son-eclat","status":"publish","type":"post","link":"https:\/\/www.europesays.com\/fr\/106861\/","title":{"rendered":"Tr\u00e9sor du\u00a0Faou, la Fuite en \u00c9gypte va retrouver son \u00e9clat\u00a0!"},"content":{"rendered":"<p>Ludovic Lassagne, maire du Faou, avait le sourire, ce vendredi 16 mai 2025. \u00ab\u00a0Notre ch\u00e8re petite Fuite en \u00c9gypte va retrouver tout son \u00e9clat\u00a0!\u00a0\u00bb, annon\u00e7ait-il \u00e0 l\u2019heure de recevoir un ch\u00e8que de 8\u00a0000 \u20ac pour restaurer cette sculpture du XVIe si\u00e8cle en bois polychrome de 43 centim\u00e8tres de haut. Celle-ci repr\u00e9sente la fuite de la sainte famille en \u00c9gypte (J\u00e9sus, Marie et Joseph) pour \u00e9chapper au massacre des nouveau-n\u00e9s de Bethl\u00e9em, ordonn\u00e9 par le roi H\u00e9rode. La somme providentielle de 8\u00a0000 \u20ac \u00e9mane du <a href=\"https:\/\/www.letelegramme.fr\/finistere\/le-faou-29590\/la-fuite-en-egypte-du-faou-laureate-du-concours-plus-grand-musee-de-france-pour-la-bretagne-6786170.php\" target=\"_blank\" rel=\"noopener\">concours, organis\u00e9 par la Fondation pour la sauvegarde de l\u2019art fran\u00e7ais <\/a>et auquel le groupe Allianz apporte son m\u00e9c\u00e9nat. Les Faouistes se sont mobilis\u00e9s en masse pour leur statue. La Fuite en \u00c9gypte a, en effet, rassembl\u00e9 5\u00a0646 voix lors du vote en ligne, devan\u00e7ant pour la premi\u00e8re place le panneau publicitaire en c\u00e9ramique de Pont-Aven de 80 voix\u00a0!<\/p>\n<p>Du Faou \u00e0 Landerneau en passant par Quimper\u2026<\/p>\n<p>Cette op\u00e9ration va donc permettre au \u00ab\u00a0petit bijou\u00a0\u00bb du Faou de reprendre des couleurs et d\u2019\u00eatre enfin exposer comme il se doit\u00a0! Car la statue aura voyag\u00e9 au cours des si\u00e8cles derniers. De la feue chapelle Saint-Joseph o\u00f9 elle tr\u00f4nait en 1541, elle a ensuite \u00e9t\u00e9 confi\u00e9e \u00e0 une famille de Landerneau fin XVIIIe pour la prot\u00e9ger de la destruction \u00e0 la R\u00e9volution. Elle est restitu\u00e9e un si\u00e8cle plus tard au conseil paroissial du Faou, avant d\u2019\u00eatre ensuite conserv\u00e9e \u00e0 l\u2019\u00e9v\u00each\u00e9 de Quimper\u2026 C\u2019est l\u00e0 que Mad Danguy des D\u00e9serts, historienne locale du Faou, l\u2019a retrouv\u00e9e en 1986 et qu\u2019elle a ensuite pu \u00eatre admir\u00e9e un temps \u00e0 la Maison de Pays du Faou, avant que celle-ci ne change de fonction.<\/p>\n<p>La restauration de la Fuite en \u00c9gypte va n\u00e9cessiter un traitement antifongique et antiparasitaire, \u00ab\u00a0ainsi que la stabilisation des couches de peinture pour r\u00e9tablir la finesse et l\u2019\u00e9clat d\u2019origine de la sculpture\u00a0\u00bb. \u00ab\u00a0Cette \u0153uvre est rare de par sa petite taille et la finesse des traits des personnages\u00a0\u00bb, rappelle le maire Ludovic Lassagne. L\u2019\u00e9lu pr\u00e9cise \u00e9galement que La fuite en \u00c9gypte du Faou est inscrite aux Monuments historiques. \u00ab\u00a0On attend d\u00e9sormais son classement au niveau national\u00a0\u00bb. La municipalit\u00e9 projette, par ailleurs, de cr\u00e9er une \u00ab\u00a0salle aux tr\u00e9sors\u00a0\u00bb dans la deuxi\u00e8me sacristie de l\u2019\u00e9glise Saint-Sauveur. La fuite en \u00c9gypte y aura sa place, ainsi qu\u2019une vingtaine d\u2019autres objets d\u2019art, notamment de l\u2019orf\u00e8vrerie religieuse du XVe et XVIe si\u00e8cle. \u00ab\u00a0Ils seront expos\u00e9s et accessibles toute l\u2019ann\u00e9e \u00e0 tous les publics\u00a0\u00bb, explique le maire. Une \u00e9tude est lanc\u00e9e en ce sens pour s\u00e9curiser les lieux et cr\u00e9er une mus\u00e9ographie.<\/p>\n","protected":false},"excerpt":{"rendered":"Ludovic Lassagne, maire du Faou, avait le sourire, ce vendredi 16 mai 2025. \u00ab\u00a0Notre ch\u00e8re petite Fuite en&hellip;\n","protected":false},"author":2,"featured_media":106862,"comment_status":"","ping_status":"","sticky":false,"template":"","format":"standard","meta":{"footnotes":""},"categories":[1358],"tags":[1348,1384,1385,251,1386,58,765,59,3321,1011,27,22400,2551],"class_list":{"0":"post-106861","1":"post","2":"type-post","3":"status-publish","4":"format-standard","5":"has-post-thumbnail","7":"category-arts-et-design","8":"tag-arts","9":"tag-arts-and-design","10":"tag-arts-et-design","11":"tag-culture","12":"tag-design","13":"tag-divertissement","14":"tag-en-continu","15":"tag-entertainment","16":"tag-finistere","17":"tag-fr","18":"tag-france","19":"tag-le-faou","20":"tag-patrimoine"},"share_on_mastodon":{"url":"https:\/\/pubeurope.com\/@fr\/114522972711436349","error":""},"_links":{"self":[{"href":"https:\/\/www.europesays.com\/fr\/wp-json\/wp\/v2\/posts\/106861","targetHints":{"allow":["GET"]}}],"collection":[{"href":"https:\/\/www.europesays.com\/fr\/wp-json\/wp\/v2\/posts"}],"about":[{"href":"https:\/\/www.europesays.com\/fr\/wp-json\/wp\/v2\/types\/post"}],"author":[{"embeddable":true,"href":"https:\/\/www.europesays.com\/fr\/wp-json\/wp\/v2\/users\/2"}],"replies":[{"embeddable":true,"href":"https:\/\/www.europesays.com\/fr\/wp-json\/wp\/v2\/comments?post=106861"}],"version-history":[{"count":0,"href":"https:\/\/www.europesays.com\/fr\/wp-json\/wp\/v2\/posts\/106861\/revisions"}],"wp:featuredmedia":[{"embeddable":true,"href":"https:\/\/www.europesays.com\/fr\/wp-json\/wp\/v2\/media\/106862"}],"wp:attachment":[{"href":"https:\/\/www.europesays.com\/fr\/wp-json\/wp\/v2\/media?parent=106861"}],"wp:term":[{"taxonomy":"category","embeddable":true,"href":"https:\/\/www.europesays.com\/fr\/wp-json\/wp\/v2\/categories?post=106861"},{"taxonomy":"post_tag","embeddable":true,"href":"https:\/\/www.europesays.com\/fr\/wp-json\/wp\/v2\/tags?post=106861"}],"curies":[{"name":"wp","href":"https:\/\/api.w.org\/{rel}","templated":true}]}}