{"id":106863,"date":"2025-05-17T11:37:08","date_gmt":"2025-05-17T11:37:08","guid":{"rendered":"https:\/\/www.europesays.com\/fr\/106863\/"},"modified":"2025-05-17T11:37:08","modified_gmt":"2025-05-17T11:37:08","slug":"le-salon-du-livre-ouvre-ses-portes-ce-samedi","status":"publish","type":"post","link":"https:\/\/www.europesays.com\/fr\/106863\/","title":{"rendered":"le salon du livre ouvre ses portes ce samedi"},"content":{"rendered":"<p itemprop=\"description\"><strong>CULTURE \/ C\u2019est aujourd\u2019hui ! La troisi\u00e8me \u00e9dition du salon du livre \u00e0 Digne les Bains est inaugur\u00e9e ce samedi. \u00c7a se passe au Palais des congr\u00e8s.<\/strong><\/p>\n<p>\u00a0<\/p>\n<p><strong>-Alpes de Haute-Provence-<\/strong><\/p>\n<p style=\"text-align: justify;\">La troisi\u00e8me \u00e9dition du salon du livre de Digne est inaugur\u00e9e ce samedi au Palais des congr\u00e8s. L\u2019\u00e9v\u00e8nement promet un week-end riche en rencontres, d\u00e9dicaces, expos et ateliers. Cette \u00e9dition est plac\u00e9e sous le signe de l\u2019aventure litt\u00e9raire en hommage \u00e0 la chanteuse d\u2019op\u00e9ra Alexandra David-Neel, morte en 1969 \u00e0 Digne. De nombreux auteurs et illustrateurs sont attendus ce week-end pour \u00e9changer avec le public. L\u2019invit\u00e9 d\u2019honneur de cette \u00e9dition est Didier Van Cauwelaer. Cette \u00e9dition est d\u2019ailleurs soutenue par le d\u00e9partement des Alpes de Haute-Provence. Les horaires du salon sont de 10 heures \u00e0 18h30.\u00a0<\/p>\n<p style=\"text-align: right;\"><strong>K.Hosana<\/strong><\/p>\n","protected":false},"excerpt":{"rendered":"CULTURE \/ C\u2019est aujourd\u2019hui ! La troisi\u00e8me \u00e9dition du salon du livre \u00e0 Digne les Bains est inaugur\u00e9e&hellip;\n","protected":false},"author":2,"featured_media":106864,"comment_status":"","ping_status":"","sticky":false,"template":"","format":"standard","meta":{"footnotes":""},"categories":[1357],"tags":[1111,11,7733,8279,1379,7736,650,58,7734,2889,59,2263,1011,27,1085,8280,6417,1114,4662,1380,3725,1825,7053,7737],"class_list":{"0":"post-106863","1":"post","2":"type-post","3":"status-publish","4":"format-standard","5":"has-post-thumbnail","7":"category-livres","8":"tag-actu","9":"tag-actualites","10":"tag-alpes","11":"tag-alpes1","12":"tag-books","13":"tag-cds","14":"tag-cinema","15":"tag-divertissement","16":"tag-ecoute","17":"tag-emission","18":"tag-entertainment","19":"tag-equipe","20":"tag-fr","21":"tag-france","22":"tag-gap","23":"tag-haute","24":"tag-information","25":"tag-infos","26":"tag-journal","27":"tag-livres","28":"tag-podcast","29":"tag-radio","30":"tag-sud","31":"tag-winamp"},"share_on_mastodon":{"url":"https:\/\/pubeurope.com\/@fr\/114522976689447310","error":""},"_links":{"self":[{"href":"https:\/\/www.europesays.com\/fr\/wp-json\/wp\/v2\/posts\/106863","targetHints":{"allow":["GET"]}}],"collection":[{"href":"https:\/\/www.europesays.com\/fr\/wp-json\/wp\/v2\/posts"}],"about":[{"href":"https:\/\/www.europesays.com\/fr\/wp-json\/wp\/v2\/types\/post"}],"author":[{"embeddable":true,"href":"https:\/\/www.europesays.com\/fr\/wp-json\/wp\/v2\/users\/2"}],"replies":[{"embeddable":true,"href":"https:\/\/www.europesays.com\/fr\/wp-json\/wp\/v2\/comments?post=106863"}],"version-history":[{"count":0,"href":"https:\/\/www.europesays.com\/fr\/wp-json\/wp\/v2\/posts\/106863\/revisions"}],"wp:featuredmedia":[{"embeddable":true,"href":"https:\/\/www.europesays.com\/fr\/wp-json\/wp\/v2\/media\/106864"}],"wp:attachment":[{"href":"https:\/\/www.europesays.com\/fr\/wp-json\/wp\/v2\/media?parent=106863"}],"wp:term":[{"taxonomy":"category","embeddable":true,"href":"https:\/\/www.europesays.com\/fr\/wp-json\/wp\/v2\/categories?post=106863"},{"taxonomy":"post_tag","embeddable":true,"href":"https:\/\/www.europesays.com\/fr\/wp-json\/wp\/v2\/tags?post=106863"}],"curies":[{"name":"wp","href":"https:\/\/api.w.org\/{rel}","templated":true}]}}