{"id":106865,"date":"2025-05-17T11:38:28","date_gmt":"2025-05-17T11:38:28","guid":{"rendered":"https:\/\/www.europesays.com\/fr\/106865\/"},"modified":"2025-05-17T11:38:28","modified_gmt":"2025-05-17T11:38:28","slug":"faut-il-regarder-lepisode-intitule-le-roi-nu-diffuse-ce-samedi-17-mai-2025-notre-avis","status":"publish","type":"post","link":"https:\/\/www.europesays.com\/fr\/106865\/","title":{"rendered":"Faut-il regarder l\u2019\u00e9pisode intitul\u00e9 \u00ab\u00a0Le Roi nu\u00a0\u00bb diffus\u00e9 ce samedi 17 mai 2025 ? Notre avis"},"content":{"rendered":"<p>France 3 propose ce samedi 17 mai 2025 de retrouver l&rsquo;incontournable Voyageur incarn\u00e9 par Bruno Debrandt dans l&rsquo;\u00e9pisode \u00ab\u00a0Le Roi nu\u00a0\u00bb. Faut-il regarder ou passer son chemin : l&rsquo;avis de T\u00e9l\u00e9-Loisirs.<\/p>\n<p><a href=\"https:\/\/www.programme-tv.net\/news\/series-tv\/288950-le-voyageur-france-3-bareski-kandinsky-decouvrez-lorigine-des-noms-des-personnages\/\" data-api-deeplink=\"teleloisirs:\/\/news\/288950\" rel=\"nofollow noopener\" target=\"_blank\">Yann Kandinsky,<\/a> le flic qui s\u2019est mis en disponibilit\u00e9 de la police dans le but de r\u00e9soudre des meurtres non \u00e9lucid\u00e9s, va une nouvelle fois enchanter votre samedi soir. Une semaine apr\u00e8s <a href=\"https:\/\/www.programme-tv.net\/news\/series-tv\/377826-le-voyageur-faut-il-regarder-l-episode-inedit-diffuse-ce-samedi-10-mai-2025-sur-france-3-notre-avis\/\" data-api-deeplink=\"teleloisirs:\/\/news\/377826\" rel=\"nofollow noopener\" target=\"_blank\">l&rsquo;in\u00e9dit La femme oubli\u00e9e<\/a>, France 3 propose ce samedi 17 mai en effet une rediffusion du <a href=\"https:\/\/www.programme-tv.net\/programme\/series-tv\/r1549895916-le-voyageur\/\" rel=\"nofollow noopener\" target=\"_blank\"><b>Voyageur,<\/b><\/a><b> <\/b>la s\u00e9rie avec <a href=\"https:\/\/www.programme-tv.net\/news\/series-tv\/288852-le-voyageur-bruno-debrandt-explique-pourquoi-il-a-dabord-refuse-de-succeder-a-eric-cantona-dans-la-serie-de-france-3\/\" data-api-deeplink=\"teleloisirs:\/\/news\/288852\" rel=\"nofollow noopener\" target=\"_blank\">Bruno Debrandt, qui a succ\u00e9d\u00e9 \u00e0 Eric Cantona<\/a> dans la peau du h\u00e9ros \u00e9pris de justice. Si elle nous fait voir du pays, cette fois la s\u00e9rie n\u2019aura jamais aussi bien port\u00e9e son nom, puisque, pour r\u00e9soudre son enqu\u00eate, Kandinsky traverse l&rsquo;Hexagone et passe par une dizaine de d\u00e9partements : la Manche, la Seine-Maritime, l\u2019Ile et Vilaine, le Finist\u00e8re, le Calvados\u2026<\/p>\n<p>Le Voyageur : De quoi parle l\u2019\u00e9pisode intitul\u00e9 \u00ab\u00a0Le Roi nu\u00a0\u00bb diffus\u00e9 ce samedi 17 mai 2025 ?<\/p>\n<p>Il a r\u00e9cup\u00e9r\u00e9 son van, son chien et, comme Bareski, Kandinsky sillonne les routes de France \u00e0 la recherche de coupables impunis. Dans ses affaires, le flic a aussi trouv\u00e9 son carnet d\u2019enqu\u00eate qui le met sur la piste d\u2019un tueur en s\u00e9rie qui s\u00e9vit depuis une vingtaine d\u2019ann\u00e9e impun\u00e9ment \u00e0 travers tout le territoire. Et, une fois n\u2019est pas coutume, Kandinsky est en tr\u00e8s mauvaise posture, prisonnier de l\u2019homme qu\u2019il traque depuis plusieurs mois. L\u2019occasion de remonter le fil de son enqu\u00eate au cours de laquelle, outre les t\u00e9moins et proches des victimes, il rencontre une d\u00e9tective, un juge d\u2019instruction et la boss d\u2019un food-truck aux plats all\u00e9chants. Malgr\u00e9 tout, cette affaire pourrait \u00eatre sa derni\u00e8re s\u2019il ne parvient pas \u00e0 sortir du gu\u00eapier dans lequel il s&rsquo;est fourr\u00e9.<\/p>\n<p>                        Le Voyageur : Faut-il regarder l\u2019\u00e9pisode intitul\u00e9 \u00ab\u00a0Le Roi nu\u00a0\u00bb diffus\u00e9 ce samedi 17 mai 2025 ? Notre avis<\/p>\n<p>Il fallait le trouver, le point commun \u00e0 toutes ces affaires non r\u00e9solues, mais la pugnacit\u00e9 et la pers\u00e9v\u00e9rance de Kandinsky ont encore pay\u00e9 ! Au-del\u00e0 de l\u2019intrigue bien ficel\u00e9e, cet \u00e9pisode met en sc\u00e8nes de nouveaux personnages que l\u2019on aimerait bien revoir au cours d\u2019une prochaine affaire. Parmi eux, Andr\u00e9a, la d\u00e9tective priv\u00e9e nomade interpr\u00e9t\u00e9e par <a href=\"https:\/\/www.programme-tv.net\/biographie\/93423-bournaud-jeanne\/\" data-api-deeplink=\"teleloisirs:\/\/person\/93423\" rel=\"nofollow noopener\" target=\"_blank\">Jeanne Bournaud<\/a>, dont l\u2019un des plaisirs est de dormir \u00e0 l\u2019h\u00f4tel pour ne pas avoir \u00e0 faire son lit le matin. Le juge d\u2019instruction Perron <a href=\"https:\/\/www.programme-tv.net\/biographie\/85220-delattre-hubert\/\" data-api-deeplink=\"teleloisirs:\/\/person\/85220\" rel=\"nofollow noopener\" target=\"_blank\">(Hubert Delattre),<\/a> qui vient de s\u2019endetter en achetant une maison \u00e0 r\u00e9nover du sol au plafond, pourrait aussi recroiser la route de Kandinsky si celui-accepte son all\u00e9chante proposition. Sans oublier Claudia <a href=\"https:\/\/www.programme-tv.net\/news\/series-tv\/281376-un-si-grand-soleil-france-2-qui-est-sophie-le-tellier-interprete-dhelene-la-responsable-de-claire-melanie-maudran-a-lhopital\/\" data-api-deeplink=\"teleloisirs:\/\/news\/281376\" rel=\"nofollow noopener\" target=\"_blank\">(Sophie Le Tellier),<\/a> la prof qui a plaqu\u00e9 l\u2019enseignement apr\u00e8s un voyage en Argentine pour ouvrir un food-truck itin\u00e9rant. Entre intrigue habile et personnages bien trouss\u00e9s, cet \u00e9pisode du Voyageur est un bon cru.<\/p>\n","protected":false},"excerpt":{"rendered":"France 3 propose ce samedi 17 mai 2025 de retrouver l&rsquo;incontournable Voyageur incarn\u00e9 par Bruno Debrandt dans l&rsquo;\u00e9pisode&hellip;\n","protected":false},"author":2,"featured_media":106866,"comment_status":"","ping_status":"","sticky":false,"template":"","format":"standard","meta":{"footnotes":""},"categories":[1356],"tags":[22401,244,58,59,1011,27,876,22404,22403,22402,252,1364],"class_list":{"0":"post-106865","1":"post","2":"type-post","3":"status-publish","4":"format-standard","5":"has-post-thumbnail","7":"category-television","8":"tag-bruno-debrandt","9":"tag-commentaire","10":"tag-divertissement","11":"tag-entertainment","12":"tag-fr","13":"tag-france","14":"tag-france-3","15":"tag-le-voyageur","16":"tag-le-voyageur-24012023-211000-france-3-basse-normandie","17":"tag-le-voyageur-24012023-224000-france-3","18":"tag-television","19":"tag-tv"},"share_on_mastodon":{"url":"https:\/\/pubeurope.com\/@fr\/114522980709378616","error":""},"_links":{"self":[{"href":"https:\/\/www.europesays.com\/fr\/wp-json\/wp\/v2\/posts\/106865","targetHints":{"allow":["GET"]}}],"collection":[{"href":"https:\/\/www.europesays.com\/fr\/wp-json\/wp\/v2\/posts"}],"about":[{"href":"https:\/\/www.europesays.com\/fr\/wp-json\/wp\/v2\/types\/post"}],"author":[{"embeddable":true,"href":"https:\/\/www.europesays.com\/fr\/wp-json\/wp\/v2\/users\/2"}],"replies":[{"embeddable":true,"href":"https:\/\/www.europesays.com\/fr\/wp-json\/wp\/v2\/comments?post=106865"}],"version-history":[{"count":0,"href":"https:\/\/www.europesays.com\/fr\/wp-json\/wp\/v2\/posts\/106865\/revisions"}],"wp:featuredmedia":[{"embeddable":true,"href":"https:\/\/www.europesays.com\/fr\/wp-json\/wp\/v2\/media\/106866"}],"wp:attachment":[{"href":"https:\/\/www.europesays.com\/fr\/wp-json\/wp\/v2\/media?parent=106865"}],"wp:term":[{"taxonomy":"category","embeddable":true,"href":"https:\/\/www.europesays.com\/fr\/wp-json\/wp\/v2\/categories?post=106865"},{"taxonomy":"post_tag","embeddable":true,"href":"https:\/\/www.europesays.com\/fr\/wp-json\/wp\/v2\/tags?post=106865"}],"curies":[{"name":"wp","href":"https:\/\/api.w.org\/{rel}","templated":true}]}}