{"id":10687,"date":"2025-04-08T16:52:19","date_gmt":"2025-04-08T16:52:19","guid":{"rendered":"https:\/\/www.europesays.com\/fr\/10687\/"},"modified":"2025-04-08T16:52:19","modified_gmt":"2025-04-08T16:52:19","slug":"a-nantes-le-procureur-couvre-la-violence-dagents-des-transports","status":"publish","type":"post","link":"https:\/\/www.europesays.com\/fr\/10687\/","title":{"rendered":"\u00c0 Nantes, le procureur couvre la violence d\u2019agents des transports"},"content":{"rendered":"<p><strong>Tribunal de Nantes, chambre des comparutions imm\u00e9diates, 4 mars 2025 \u2013<\/strong> Dans le box des pr\u00e9venus, Antoine (1) vient d\u2019encha\u00eener deux jours de garde \u00e0 vue. On lui reproche d\u2019avoir donn\u00e9 un coup de poing \u00e0 un agent des transports en commun de la m\u00e9tropole nantaise, la TAN. Une infraction qualifi\u00e9e de violence sur une personne charg\u00e9e de mission de service public sans incapacit\u00e9. Une affaire en apparence semblable \u00e0 celles que la chambre de comparution imm\u00e9diate de Nantes (44) a l\u2019habitude de voir d\u00e9filer. \u00c0 une diff\u00e9rence pr\u00e8s\u00a0: cette fois <strong>l\u2019enqu\u00eate polici\u00e8re et la vid\u00e9osurveillance d\u00e9montent la version des agents des transports lig\u00e9riens<\/strong>, qui continuent pourtant d\u2019\u00eatre soutenus par le parquet. <\/p>\n<p>\u00ab C\u2019est moi qui me suis fait agresser\u00a0!\u00a0\u00bb<\/p>\n<p>L\u2019histoire commence un dimanche soir, d\u00e9but mars, aux alentours de 20 heures. Antoine est pri\u00e9 de sortir du tramway par les agents de la TAN, sous pr\u00e9texte qu\u2019il d\u00e9range un voyageur. L\u2019affaire aurait pu s\u2019arr\u00eater l\u00e0 mais les agents descendent avec lui et le suivent alors qu\u2019il rentre chez lui. Selon un des hommes de la TAN qui d\u00e9pose plainte dans la nuit, Antoine l\u2019aurait frapp\u00e9 sans raison lors de la sortie du tramway. Mais <strong>selon la vid\u00e9osurveillance r\u00e9cup\u00e9r\u00e9e le lendemain, les policiers constatent une r\u00e9alit\u00e9 bien diff\u00e9rente<\/strong>. Selon le proc\u00e8s-verbal qu\u2019a pu consulter StreetPress, les enqu\u00eateurs confirment que \u00ab\u00a0les agents de la TAN le suivent sans raison\u00a0\u00bb, alors qu\u2019il quitte la station de tramway. Antoine revient vers eux et \u00ab\u00a0sans raison un agent de la TAN le repousse\u00a0\u00bb. Il s\u2019ensuit une premi\u00e8re altercation mais alors qu\u2019il \u00ab\u00a0a l\u2019air de partir\u00a0\u00bb, selon le proc\u00e8s-verbal, un des hommes \u00e0 l\u2019uniforme sombre \u00ab\u00a0le repousse violemment plusieurs fois par derri\u00e8re jusqu\u2019\u00e0 un petit parking \u00e0 50 m\u00e8tres de la station Pirmil\u00a0\u00bb, dans le quartier de Nantes-Sud. \u00ab\u00a0D\u2019un seul coup, l\u2019agent l\u2019attrape par le cou\u00a0\u00bb, note le PV. Contact\u00e9 par StreetPress, Antoine raconte\u00a0: <\/p>\n<blockquote>\n<p>\u00ab C\u2019est moi qui me suis fait agresser. J\u2019ai \u00e9t\u00e9 outrag\u00e9 ! Ils m\u2019ont pouss\u00e9 plusieurs fois au niveau du tram. Moi j\u2019\u00e9tais compr\u00e9hensif, je m\u2019en allais. Il est venu sur moi le gars, en m\u2019insultant ! Il m\u2019a attrap\u00e9 par derri\u00e8re.\u00a0\u00bb<\/p>\n<\/blockquote>\n<p>Ce n\u2019est qu\u2019apr\u00e8s cette empoignade que le quadrag\u00e9naire, toujours maintenu, donne un coup de poing. <strong>Les trois agents le plaquent ensuite au sol pendant dix minutes avant l\u2019arriv\u00e9e de la police<\/strong>, qui le place en garde \u00e0 vue, selon la vid\u00e9osurveillance. Une situation qui l\u2019a mis en difficult\u00e9 vis-\u00e0-vis de son employeur\u00a0: Antoine est sorti d\u2019une longue peine de prison il y a un an \u2013 pour violences sur personne vuln\u00e9rable ayant entra\u00een\u00e9 la mort sans intention de la donner \u2013 et a sign\u00e9 un contrat \u00e0 dur\u00e9e d\u00e9termin\u00e9e d\u2019insertion en octobre dernier. <\/p>\n<p>Le procureur, ancien gendarme, persiste <\/p>\n<p>Malgr\u00e9 l\u2019enqu\u00eate polici\u00e8re et la vid\u00e9osurveillance qui vont dans son sens, le procureur Ga\u00ebl Sallio, charg\u00e9 du dossier, a maintenu les poursuites contre Antoine. Le magistrat lui a propos\u00e9 une comparution sur reconnaissance pr\u00e9alable de culpabilit\u00e9 (CRPC). <strong>Cette proc\u00e9dure exp\u00e9ditive de \u00ab\u00a0plaider-coupable\u00a0\u00bb permet la conclusion d\u2019un accord sur une peine, en \u00e9change de la reconnaissance de la culpabilit\u00e9<\/strong> dans le huis clos du bureau du procureur. La proc\u00e9dure lui permet de consulter l\u2019avocate de permanence, ma\u00eetre Romane Clavier. Elle d\u00e9couvre le contenu du dossier de proc\u00e9dure et la vid\u00e9o qui montre que les agents ont menti, refuse la proc\u00e9dure de CRPC et exige l\u2019abandon imm\u00e9diat des poursuites.<\/p>\n<p>\u00ab Il \u00e9tait hors de question d\u2019aller au bout de cette proc\u00e9dure de CRPC qui implique une reconnaissance de sa culpabilit\u00e9 alors que <strong>c\u2019est mon client qui est victime dans cette proc\u00e9dure<\/strong>\u00a0!\u00a0\u00bb, tonne-t-elle. La robe noire consid\u00e8re que le parquet ne devrait \u00ab\u00a0m\u00eame pas engager des poursuites\u00a0\u00bb\u00a0:<\/p>\n<blockquote>\n<p>\u00ab C\u2019est mon client qui est en \u00e9tat de l\u00e9gitime d\u00e9fense. Cette proc\u00e9dure est ind\u00e9cente, on n\u2019est m\u00eame pas all\u00e9 interroger les autres agents t\u00e9moins.\u00a0\u00bb<\/p>\n<\/blockquote>\n<p>Pourtant le parquet persiste et r\u00e9oriente l\u2019affaire en comparution imm\u00e9diate. Antoine comparait l\u2019apr\u00e8s-midi m\u00eame dans le box s\u00e9curis\u00e9 aux murs rouge sang du tribunal de Nantes. L\u2019agent de la TAN se constitue partie civile et demande la somme de <strong>600 euros au titre de son pr\u00e9judice moral et 800 pour les frais d\u2019avocat<\/strong>. Ga\u00ebl Sallio, ancien gendarme devenu procureur, ne prend pas la peine de se lever pour visionner la vid\u00e9o diffus\u00e9e \u00e0 l\u2019audience sur l\u2019ordinateur portable de la pr\u00e9sidente. Malgr\u00e9 la preuve, il requiert dix mois d\u2019emprisonnement ferme avec mandat de d\u00e9p\u00f4t contre Antoine, dont cinq mois avec sursis probatoire. Le magistrat assume que \u00ab c\u2019est la politique p\u00e9nale du parquet \u00bb de soutenir les agents de la TAN, qui se plaignent depuis plusieurs ann\u00e9es \u00e0 Nantes de l\u2019augmentation des violences dans les transports en commun. Quand bien m\u00eame une vid\u00e9o montre que leur version est mensong\u00e8re.<\/p>\n<p>Une r\u00e9quisition qui n\u2019a pas \u00e9t\u00e9 suivie par le tribunal, <strong>qui a reconnu la l\u00e9gitime d\u00e9fense d\u2019Antoine et a prononc\u00e9 sa relaxe<\/strong>. Ce dernier, marqu\u00e9 par cette proc\u00e9dure, r\u00e9fl\u00e9chit \u00e0 d\u00e9poser plainte pour les violences subies. Un choix lourd apr\u00e8s un parcours de vie pr\u00e9c\u00e9demment marqu\u00e9 par la prison, et qui tente malgr\u00e9 tout de se r\u00e9ins\u00e9rer. <\/p>\n<p>(1) Le pr\u00e9nom a \u00e9t\u00e9 modifi\u00e9.<\/p>\n<p>Contact\u00e9 au sujet de l\u2019affaire, le parquet de Nantes et le conseil de la partie civile n\u2019ont pas tenu \u00e0 r\u00e9pondre \u00e0 nos sollicitations.<\/p>\n<p>Illustration de Une de Ana Pich\u2019.<\/p>\n","protected":false},"excerpt":{"rendered":"Tribunal de Nantes, chambre des comparutions imm\u00e9diates, 4 mars 2025 \u2013 Dans le box des pr\u00e9venus, Antoine (1)&hellip;\n","protected":false},"author":2,"featured_media":10688,"comment_status":"","ping_status":"","sticky":false,"template":"","format":"standard","meta":{"footnotes":""},"categories":[2818],"tags":[1111,47,11,3625,1777,674,1011,27,1922,5180,766,12,626,2636,316,25,5181,104,5179,5178],"class_list":{"0":"post-10687","1":"post","2":"type-post","3":"status-publish","4":"format-standard","5":"has-post-thumbnail","7":"category-nantes","8":"tag-actu","9":"tag-actualite","10":"tag-actualites","11":"tag-banlieue","12":"tag-eu","13":"tag-europe","14":"tag-fr","15":"tag-france","16":"tag-info","17":"tag-magazine-urbain","18":"tag-nantes","19":"tag-news","20":"tag-paris","21":"tag-pays-de-la-loire","22":"tag-politique","23":"tag-republique-francaise","24":"tag-site-participatif","25":"tag-societe","26":"tag-street-press","27":"tag-streetpress"},"share_on_mastodon":{"url":"https:\/\/pubeurope.com\/@fr\/114303385242412234","error":""},"_links":{"self":[{"href":"https:\/\/www.europesays.com\/fr\/wp-json\/wp\/v2\/posts\/10687","targetHints":{"allow":["GET"]}}],"collection":[{"href":"https:\/\/www.europesays.com\/fr\/wp-json\/wp\/v2\/posts"}],"about":[{"href":"https:\/\/www.europesays.com\/fr\/wp-json\/wp\/v2\/types\/post"}],"author":[{"embeddable":true,"href":"https:\/\/www.europesays.com\/fr\/wp-json\/wp\/v2\/users\/2"}],"replies":[{"embeddable":true,"href":"https:\/\/www.europesays.com\/fr\/wp-json\/wp\/v2\/comments?post=10687"}],"version-history":[{"count":0,"href":"https:\/\/www.europesays.com\/fr\/wp-json\/wp\/v2\/posts\/10687\/revisions"}],"wp:featuredmedia":[{"embeddable":true,"href":"https:\/\/www.europesays.com\/fr\/wp-json\/wp\/v2\/media\/10688"}],"wp:attachment":[{"href":"https:\/\/www.europesays.com\/fr\/wp-json\/wp\/v2\/media?parent=10687"}],"wp:term":[{"taxonomy":"category","embeddable":true,"href":"https:\/\/www.europesays.com\/fr\/wp-json\/wp\/v2\/categories?post=10687"},{"taxonomy":"post_tag","embeddable":true,"href":"https:\/\/www.europesays.com\/fr\/wp-json\/wp\/v2\/tags?post=10687"}],"curies":[{"name":"wp","href":"https:\/\/api.w.org\/{rel}","templated":true}]}}